{"id":27529,"date":"2024-12-02T16:48:13","date_gmt":"2024-12-02T19:48:13","guid":{"rendered":"https:\/\/revistaepocadigital.com.ar\/?p=27529"},"modified":"2024-12-02T16:57:42","modified_gmt":"2024-12-02T19:57:42","slug":"convenio-para-el-mantenimiento-de-caminos-rurales-en-exaltacion-de-la-cruz","status":"publish","type":"post","link":"https:\/\/revistaepocadigital.com.ar\/?p=27529","title":{"rendered":"CONVENIO PARA EL MANTENIMIENTO DE CAMINOS RURALES EN EXALTACION DE LA CRUZ."},"content":{"rendered":"<p><strong>LO FIRM\u00d3 LA SOCIEDAD RURAL DE EXALTACI\u00d3N DE LA CRUZ, CAMPANA Y Z\u00c0RATE CON EL MUNICIPIO DE MUCHA IMPORTANCIA, CONSIDER\u00c0NDOSE UN TEMA SIEMPRE OBJETO DE DEBATE COMO ES EL MANTENIMIENTO Y CONSERVACI\u00d3N DE CAMINOS RURALES EN EL DISTRITO.<\/strong><!--more--><\/p>\n<p>El presidente de la entidad ruralista Oscar Diez y el secretario Maximiliano Quiqueran lo rubricaron (29-11-24) y por la municipalidad lo hizo la abogada Marcela Noriega, Jefa de la Asesor\u00eda Legal y T\u00e9cnica de la comuna.l Municipio local.<\/p>\n<p><strong><img loading=\"lazy\" decoding=\"async\" class=\"aligncenter size-full wp-image-27532\" src=\"https:\/\/revistaepocadigital.com.ar\/wp-content\/uploads\/2024\/12\/NORIEGA-MUNI-RURAL.jpg\" alt=\"\" width=\"503\" height=\"441\" srcset=\"https:\/\/revistaepocadigital.com.ar\/wp-content\/uploads\/2024\/12\/NORIEGA-MUNI-RURAL.jpg 503w, https:\/\/revistaepocadigital.com.ar\/wp-content\/uploads\/2024\/12\/NORIEGA-MUNI-RURAL-300x263.jpg 300w, https:\/\/revistaepocadigital.com.ar\/wp-content\/uploads\/2024\/12\/NORIEGA-MUNI-RURAL-479x420.jpg 479w\" sizes=\"auto, (max-width: 503px) 100vw, 503px\" \/><\/strong><\/p>\n<p>En esa oportunidad se rubric\u00f3 el Convenio para la conformaci\u00f3n de un Consorcio que integra la Sociedad Rural para llevar adelante las obras de mantenimiento, conservaci\u00f3n, reparaci\u00f3n, mejora y se\u00f1alizaci\u00f3n de la red vial rural del Partido de Exaltaci\u00f3n de la Cruz.<\/p>\n<p>&nbsp;<\/p>\n<p><img loading=\"lazy\" decoding=\"async\" class=\"aligncenter size-full wp-image-27535\" src=\"https:\/\/revistaepocadigital.com.ar\/wp-content\/uploads\/2024\/12\/mail-1.png\" alt=\"\" width=\"428\" height=\"285\" srcset=\"https:\/\/revistaepocadigital.com.ar\/wp-content\/uploads\/2024\/12\/mail-1.png 428w, https:\/\/revistaepocadigital.com.ar\/wp-content\/uploads\/2024\/12\/mail-1-300x200.png 300w\" sizes=\"auto, (max-width: 428px) 100vw, 428px\" \/><\/p>\n<p>&nbsp;<\/p>\n<p>Dicho Convenio ya estaba firmado por el Intendente Diego Nanni -ausente por encontrarse de viaje en esta ocasi\u00f3n- y el siguiente paso es que sea refrendado por el Concejo Deliberante. <em>&#8220;Esperamos que est\u00e1 verdadera iniciativa p\u00fablico-privada, y ejemplo de trabajo conjunto rinda los frutos anhelados y sea para el bien de toda la comunidad&#8221;,<\/em> coincidieron en afirmar los directivos y la funcionaria municipal.<\/p>\n<p>&nbsp;<\/p>\n<p>Fotos: prensa Rural<\/p>\n","protected":false},"excerpt":{"rendered":"<p>LO FIRM\u00d3 LA SOCIEDAD RURAL DE EXALTACI\u00d3N DE LA CRUZ, CAMPANA Y Z\u00c0RATE CON EL MUNICIPIO DE MUCHA IMPORTANCIA, CONSIDER\u00c0NDOSE UN TEMA SIEMPRE OBJETO DE DEBATE COMO ES EL MANTENIMIENTO Y CONSERVACI\u00d3N DE CAMINOS RURALES EN EL DISTRITO.<\/p>\n","protected":false},"author":3,"featured_media":0,"comment_status":"open","ping_status":"open","sticky":false,"template":"","format":"standard","meta":{"footnotes":"","jetpack_publicize_message":"","jetpack_publicize_feature_enabled":true,"jetpack_social_post_already_shared":true,"jetpack_social_options":{"image_generator_settings":{"template":"highway","default_image_id":0,"font":"","enabled":false},"version":2}},"categories":[13],"tags":[1315,2966,501],"class_list":["post-27529","post","type-post","status-publish","format-standard","hentry","category-interes-general","tag-caminos-rurales","tag-convenio-con-municipio","tag-rural"],"jetpack_publicize_connections":[],"jetpack_featured_media_url":"","jetpack_likes_enabled":true,"_links":{"self":[{"href":"https:\/\/revistaepocadigital.com.ar\/index.php?rest_route=\/wp\/v2\/posts\/27529","targetHints":{"allow":["GET"]}}],"collection":[{"href":"https:\/\/revistaepocadigital.com.ar\/index.php?rest_route=\/wp\/v2\/posts"}],"about":[{"href":"https:\/\/revistaepocadigital.com.ar\/index.php?rest_route=\/wp\/v2\/types\/post"}],"author":[{"embeddable":true,"href":"https:\/\/revistaepocadigital.com.ar\/index.php?rest_route=\/wp\/v2\/users\/3"}],"replies":[{"embeddable":true,"href":"https:\/\/revistaepocadigital.com.ar\/index.php?rest_route=%2Fwp%2Fv2%2Fcomments&post=27529"}],"version-history":[{"count":0,"href":"https:\/\/revistaepocadigital.com.ar\/index.php?rest_route=\/wp\/v2\/posts\/27529\/revisions"}],"wp:attachment":[{"href":"https:\/\/revistaepocadigital.com.ar\/index.php?rest_route=%2Fwp%2Fv2%2Fmedia&parent=27529"}],"wp:term":[{"taxonomy":"category","embeddable":true,"href":"https:\/\/revistaepocadigital.com.ar\/index.php?rest_route=%2Fwp%2Fv2%2Fcategories&post=27529"},{"taxonomy":"post_tag","embeddable":true,"href":"https:\/\/revistaepocadigital.com.ar\/index.php?rest_route=%2Fwp%2Fv2%2Ftags&post=27529"}],"curies":[{"name":"wp","href":"https:\/\/api.w.org\/{rel}","templated":true}]}}