{"id":27571,"date":"2024-12-08T04:04:26","date_gmt":"2024-12-08T07:04:26","guid":{"rendered":"https:\/\/revistaepocadigital.com.ar\/?p=27571"},"modified":"2024-12-08T04:04:26","modified_gmt":"2024-12-08T07:04:26","slug":"la-muerte-del-padre-del-muneco-gallardo","status":"publish","type":"post","link":"https:\/\/revistaepocadigital.com.ar\/?p=27571","title":{"rendered":"La muerte del padre del Mu\u00f1eco Gallardo"},"content":{"rendered":"<p><strong>MAXIMO GALLARDO, SE ENCONTRABA MUY DELICADO DE SALUD.<\/strong><!--more--><\/p>\n<p>La emotiva despedida de la esposa de Marcelo Gallardo para su suegro M\u00e1ximo: \u201cNos seguir\u00e1s cuidando\u201d. Geraldine la Rosa manifest\u00f3 su dolor por la muerte del pap\u00e1 del Mu\u00f1eco. \u201cAhora est\u00e1s en paz y desde lo alto nos seguir\u00e1s cuidando\u201d, escribi\u00f3.<\/p>\n<p>M\u00e1ximo Gallardo, padre de Marcelo, falleci\u00f3 (7-12) a los 70 a\u00f1os. El pap\u00e1 del entrenador de River, que era fan\u00e1tico del Millonario y director t\u00e9cnico del equipo Senior, atravesaba un complicado problema de salud desde hace un tiempo.<\/p>\n<p>Horas despu\u00e9s de su fallecimiento, Geraldine la Rosa, esposa del Mu\u00f1eco, public\u00f3 una sentida despedida para su suegro. \u201cGracias por todos los momentos compartidos, por regalarme tu tiempo, tu abrazo sincero, por ese \u2018hola linda\u2019, por lucharla hasta el \u00faltimo momento\u201d, escribi\u00f3 la empresaria.<\/p>\n<p>Adem\u00e1s, agreg\u00f3: \u201cAhora est\u00e1s en paz y desde lo alto nos seguir\u00e1s cuidando, te quiero tanto\u201d. La esposa de Gallardo manifest\u00f3 todo su dolor por la p\u00e9rdida de M\u00e1ximo y el mensaje estuvo acompa\u00f1ado por una foto juntos en un evento.<\/p>\n<p><img decoding=\"async\" src=\"https:\/\/tn.com.ar\/resizer\/v2\/la-sentida-despedida-de-la-esposa-de-marcelo-gallardo-para-su-suegro-foto-instagram-geraldlarosa-5CYQ65UMCZAKJC7VAFCJQPGBOA.jpg?auth=cdfee1ebc2f104225b8bdb83322c00203e82806e0bbd430dbbe75c241a20d971&amp;width=767\" alt=\"La sentida despedida de la esposa de Marcelo Gallardo para su suegro. (Foto: Instagram \/ @gerald.larosa).\" \/><\/p>\n","protected":false},"excerpt":{"rendered":"<p>MAXIMO GALLARDO, SE ENCONTRABA MUY DELICADO DE SALUD.<\/p>\n","protected":false},"author":3,"featured_media":27573,"comment_status":"open","ping_status":"open","sticky":false,"template":"","format":"standard","meta":{"footnotes":"","jetpack_publicize_message":"","jetpack_publicize_feature_enabled":true,"jetpack_social_post_already_shared":true,"jetpack_social_options":{"image_generator_settings":{"template":"highway","default_image_id":0,"font":"","enabled":false},"version":2}},"categories":[9],"tags":[405,2969],"class_list":["post-27571","post","type-post","status-publish","format-standard","has-post-thumbnail","hentry","category-deportes","tag-fallecimiento","tag-gallardo-padre"],"jetpack_publicize_connections":[],"jetpack_featured_media_url":"https:\/\/revistaepocadigital.com.ar\/wp-content\/uploads\/2024\/12\/gaaa.avif","jetpack_likes_enabled":true,"_links":{"self":[{"href":"https:\/\/revistaepocadigital.com.ar\/index.php?rest_route=\/wp\/v2\/posts\/27571","targetHints":{"allow":["GET"]}}],"collection":[{"href":"https:\/\/revistaepocadigital.com.ar\/index.php?rest_route=\/wp\/v2\/posts"}],"about":[{"href":"https:\/\/revistaepocadigital.com.ar\/index.php?rest_route=\/wp\/v2\/types\/post"}],"author":[{"embeddable":true,"href":"https:\/\/revistaepocadigital.com.ar\/index.php?rest_route=\/wp\/v2\/users\/3"}],"replies":[{"embeddable":true,"href":"https:\/\/revistaepocadigital.com.ar\/index.php?rest_route=%2Fwp%2Fv2%2Fcomments&post=27571"}],"version-history":[{"count":0,"href":"https:\/\/revistaepocadigital.com.ar\/index.php?rest_route=\/wp\/v2\/posts\/27571\/revisions"}],"wp:featuredmedia":[{"embeddable":true,"href":"https:\/\/revistaepocadigital.com.ar\/index.php?rest_route=\/wp\/v2\/media\/27573"}],"wp:attachment":[{"href":"https:\/\/revistaepocadigital.com.ar\/index.php?rest_route=%2Fwp%2Fv2%2Fmedia&parent=27571"}],"wp:term":[{"taxonomy":"category","embeddable":true,"href":"https:\/\/revistaepocadigital.com.ar\/index.php?rest_route=%2Fwp%2Fv2%2Fcategories&post=27571"},{"taxonomy":"post_tag","embeddable":true,"href":"https:\/\/revistaepocadigital.com.ar\/index.php?rest_route=%2Fwp%2Fv2%2Ftags&post=27571"}],"curies":[{"name":"wp","href":"https:\/\/api.w.org\/{rel}","templated":true}]}}