{"id":27585,"date":"2024-12-11T00:18:21","date_gmt":"2024-12-11T03:18:21","guid":{"rendered":"https:\/\/revistaepocadigital.com.ar\/?p=27585"},"modified":"2024-12-11T00:24:40","modified_gmt":"2024-12-11T03:24:40","slug":"el-arbol-de-navidad-encendido-en-parada-robles","status":"publish","type":"post","link":"https:\/\/revistaepocadigital.com.ar\/?p=27585","title":{"rendered":"EL \u00c1RBOL DE NAVIDAD ENCENDIDO EN PARADA ROBLES"},"content":{"rendered":"<div class=\"xdj266r x11i5rnm xat24cr x1mh8g0r x1vvkbs x126k92a\">\n<div dir=\"auto\"><strong>UN TRADICI\u00d3N QUE SE CUMPLE A\u00d1O TRAS A\u00d1O.<\/strong><\/div>\n<div dir=\"auto\"><\/div>\n<\/div>\n<p><!--more--><\/p>\n<div class=\"x11i5rnm xat24cr x1mh8g0r x1vvkbs xtlvy1s x126k92a\">\n<div dir=\"auto\">Con la presencia de Pap\u00e1 Noel, se disfrut\u00f3 de una hermosa tarde, en la que los ni\u00f1os acercaron sus cartas y pudieron sacarse fotos. Adem\u00e1s de la actuaci\u00f3n de artistas locales que acompa\u00f1aron con su m\u00fasica.<\/div>\n<\/div>\n<div dir=\"auto\"><\/div>\n<div dir=\"auto\">\n<figure id=\"attachment_27589\" aria-describedby=\"caption-attachment-27589\" style=\"width: 696px\" class=\"wp-caption aligncenter\"><img loading=\"lazy\" decoding=\"async\" class=\"size-large wp-image-27589\" src=\"https:\/\/revistaepocadigital.com.ar\/wp-content\/uploads\/2024\/12\/ro5-1200x800.jpg\" alt=\"\" width=\"696\" height=\"464\" srcset=\"https:\/\/revistaepocadigital.com.ar\/wp-content\/uploads\/2024\/12\/ro5-1200x800.jpg 1200w, https:\/\/revistaepocadigital.com.ar\/wp-content\/uploads\/2024\/12\/ro5-300x200.jpg 300w, https:\/\/revistaepocadigital.com.ar\/wp-content\/uploads\/2024\/12\/ro5-768x512.jpg 768w, https:\/\/revistaepocadigital.com.ar\/wp-content\/uploads\/2024\/12\/ro5-696x464.jpg 696w, https:\/\/revistaepocadigital.com.ar\/wp-content\/uploads\/2024\/12\/ro5-1068x712.jpg 1068w, https:\/\/revistaepocadigital.com.ar\/wp-content\/uploads\/2024\/12\/ro5-630x420.jpg 630w, https:\/\/revistaepocadigital.com.ar\/wp-content\/uploads\/2024\/12\/ro5.jpg 1217w\" sizes=\"auto, (max-width: 696px) 100vw, 696px\" \/><figcaption id=\"caption-attachment-27589\" class=\"wp-caption-text\">El intendente Nanni estuvo en Robles.<\/figcaption><\/figure>\n<\/div>\n<div class=\"x11i5rnm xat24cr x1mh8g0r x1vvkbs xtlvy1s x126k92a\">\n<div dir=\"auto\"><img loading=\"lazy\" decoding=\"async\" class=\"aligncenter size-large wp-image-27588\" src=\"https:\/\/revistaepocadigital.com.ar\/wp-content\/uploads\/2024\/12\/ro2-1200x676.jpg\" alt=\"\" width=\"696\" height=\"392\" srcset=\"https:\/\/revistaepocadigital.com.ar\/wp-content\/uploads\/2024\/12\/ro2-1200x676.jpg 1200w, https:\/\/revistaepocadigital.com.ar\/wp-content\/uploads\/2024\/12\/ro2-300x169.jpg 300w, https:\/\/revistaepocadigital.com.ar\/wp-content\/uploads\/2024\/12\/ro2-768x433.jpg 768w, https:\/\/revistaepocadigital.com.ar\/wp-content\/uploads\/2024\/12\/ro2-696x392.jpg 696w, https:\/\/revistaepocadigital.com.ar\/wp-content\/uploads\/2024\/12\/ro2-1068x601.jpg 1068w, https:\/\/revistaepocadigital.com.ar\/wp-content\/uploads\/2024\/12\/ro2-746x420.jpg 746w, https:\/\/revistaepocadigital.com.ar\/wp-content\/uploads\/2024\/12\/ro2.jpg 1440w\" sizes=\"auto, (max-width: 696px) 100vw, 696px\" \/><\/div>\n<\/div>\n<div dir=\"auto\"><\/div>\n<div class=\"x11i5rnm xat24cr x1mh8g0r x1vvkbs xtlvy1s x126k92a\">\n<div dir=\"auto\">La Comisi\u00f3n del \u00c1rbol de Navidad, realiz\u00f3 el encendido del \u00e1rbol instalado en la rotonda, adem\u00e1s de las decoraciones que se encuentran en el boulevard, en la Plaza del Encuentro, la Delegaci\u00f3n Municipal, el Centro Cultural y en el CAPS. Tambi\u00e9n colocaron dos \u00e1rboles en el ingreso a la localidad y en CEPRAL.<\/div>\n<\/div>\n<div class=\"x11i5rnm xat24cr x1mh8g0r x1vvkbs xtlvy1s x126k92a\">\n<div dir=\"auto\">La realizaci\u00f3n del \u00e1rbol se elabor\u00f3 desde el Centro Cultural de Parada Robles, en un taller a cargo de la Prof. Susana Pedalino dependiente de la Direcci\u00f3n de Cultura.<\/div>\n<\/div>\n","protected":false},"excerpt":{"rendered":"<p>UN TRADICI\u00d3N QUE SE CUMPLE A\u00d1O TRAS A\u00d1O.<\/p>\n","protected":false},"author":3,"featured_media":27587,"comment_status":"open","ping_status":"open","sticky":false,"template":"","format":"standard","meta":{"footnotes":"","jetpack_publicize_message":"","jetpack_publicize_feature_enabled":true,"jetpack_social_post_already_shared":true,"jetpack_social_options":{"image_generator_settings":{"template":"highway","default_image_id":0,"font":"","enabled":false},"version":2}},"categories":[5],"tags":[2971,537,201],"class_list":["post-27585","post","type-post","status-publish","format-standard","has-post-thumbnail","hentry","category-aqui-parada-robles","tag-arbl","tag-arbol-navidad","tag-robles"],"jetpack_publicize_connections":[],"jetpack_featured_media_url":"https:\/\/revistaepocadigital.com.ar\/wp-content\/uploads\/2024\/12\/ro1.jpg","jetpack_likes_enabled":true,"_links":{"self":[{"href":"https:\/\/revistaepocadigital.com.ar\/index.php?rest_route=\/wp\/v2\/posts\/27585","targetHints":{"allow":["GET"]}}],"collection":[{"href":"https:\/\/revistaepocadigital.com.ar\/index.php?rest_route=\/wp\/v2\/posts"}],"about":[{"href":"https:\/\/revistaepocadigital.com.ar\/index.php?rest_route=\/wp\/v2\/types\/post"}],"author":[{"embeddable":true,"href":"https:\/\/revistaepocadigital.com.ar\/index.php?rest_route=\/wp\/v2\/users\/3"}],"replies":[{"embeddable":true,"href":"https:\/\/revistaepocadigital.com.ar\/index.php?rest_route=%2Fwp%2Fv2%2Fcomments&post=27585"}],"version-history":[{"count":0,"href":"https:\/\/revistaepocadigital.com.ar\/index.php?rest_route=\/wp\/v2\/posts\/27585\/revisions"}],"wp:featuredmedia":[{"embeddable":true,"href":"https:\/\/revistaepocadigital.com.ar\/index.php?rest_route=\/wp\/v2\/media\/27587"}],"wp:attachment":[{"href":"https:\/\/revistaepocadigital.com.ar\/index.php?rest_route=%2Fwp%2Fv2%2Fmedia&parent=27585"}],"wp:term":[{"taxonomy":"category","embeddable":true,"href":"https:\/\/revistaepocadigital.com.ar\/index.php?rest_route=%2Fwp%2Fv2%2Fcategories&post=27585"},{"taxonomy":"post_tag","embeddable":true,"href":"https:\/\/revistaepocadigital.com.ar\/index.php?rest_route=%2Fwp%2Fv2%2Ftags&post=27585"}],"curies":[{"name":"wp","href":"https:\/\/api.w.org\/{rel}","templated":true}]}}