{"id":27657,"date":"2024-12-14T02:27:37","date_gmt":"2024-12-14T05:27:37","guid":{"rendered":"https:\/\/revistaepocadigital.com.ar\/?p=27657"},"modified":"2024-12-14T02:48:16","modified_gmt":"2024-12-14T05:48:16","slug":"la-navidad-se-lleno-de-ingenio-en-la-casa-de-una-vecina-en-el-centro-capillense","status":"publish","type":"post","link":"https:\/\/revistaepocadigital.com.ar\/?p=27657","title":{"rendered":"LA NAVIDAD SE LLEN\u00d3 DE INGENIO EN LA CASA DE UNA VECINA EN EL CENTRO CAPILLENSE"},"content":{"rendered":"<p>&nbsp;<\/p>\n<p><strong>Las fiestas navide\u00f1as, invitan a motivarse, a compartir en familia, con amigos, con vecinos.<\/strong><\/p>\n<p>&nbsp;<\/p>\n<p><!--more--><\/p>\n<p>Este a\u00f1o, en el Jard\u00edn del domiclio de la vecina Mabel Echeverry, se vivieron momentos llenos de algarab\u00eda, fe, esperanza. Chicos y grandes<\/p>\n<p>La celebraci\u00f3n tuvo de todo, como para que Pap\u00e1 Noel, se acercara y tambi\u00e9n se divirtiera con las luces, recorriendo el lugar donde fue notable la cantidad de vecinos que se dieron cita<br \/>\n<img loading=\"lazy\" decoding=\"async\" class=\"aligncenter size-full wp-image-27662\" src=\"https:\/\/revistaepocadigital.com.ar\/wp-content\/uploads\/2024\/12\/papa-2-mabel.jpg\" alt=\"\" width=\"555\" height=\"680\" srcset=\"https:\/\/revistaepocadigital.com.ar\/wp-content\/uploads\/2024\/12\/papa-2-mabel.jpg 555w, https:\/\/revistaepocadigital.com.ar\/wp-content\/uploads\/2024\/12\/papa-2-mabel-245x300.jpg 245w, https:\/\/revistaepocadigital.com.ar\/wp-content\/uploads\/2024\/12\/papa-2-mabel-343x420.jpg 343w\" sizes=\"auto, (max-width: 555px) 100vw, 555px\" \/><\/p>\n<p><img loading=\"lazy\" decoding=\"async\" class=\"aligncenter size-full wp-image-27663\" src=\"https:\/\/revistaepocadigital.com.ar\/wp-content\/uploads\/2024\/12\/mABEL-4-PP.jpg\" alt=\"\" width=\"410\" height=\"306\" srcset=\"https:\/\/revistaepocadigital.com.ar\/wp-content\/uploads\/2024\/12\/mABEL-4-PP.jpg 410w, https:\/\/revistaepocadigital.com.ar\/wp-content\/uploads\/2024\/12\/mABEL-4-PP-300x224.jpg 300w, https:\/\/revistaepocadigital.com.ar\/wp-content\/uploads\/2024\/12\/mABEL-4-PP-80x60.jpg 80w, https:\/\/revistaepocadigital.com.ar\/wp-content\/uploads\/2024\/12\/mABEL-4-PP-160x120.jpg 160w, https:\/\/revistaepocadigital.com.ar\/wp-content\/uploads\/2024\/12\/mABEL-4-PP-265x198.jpg 265w\" sizes=\"auto, (max-width: 410px) 100vw, 410px\" \/><\/p>\n<p><img loading=\"lazy\" decoding=\"async\" class=\"aligncenter size-full wp-image-27664\" src=\"https:\/\/revistaepocadigital.com.ar\/wp-content\/uploads\/2024\/12\/papa1mabel.jpg\" alt=\"\" width=\"550\" height=\"411\" \/><\/p>\n","protected":false},"excerpt":{"rendered":"<p>&nbsp; Las fiestas navide\u00f1as, invitan a motivarse, a compartir en familia, con amigos, con vecinos. &nbsp;<\/p>\n","protected":false},"author":4,"featured_media":27661,"comment_status":"open","ping_status":"open","sticky":false,"template":"","format":"standard","meta":{"footnotes":"","jetpack_publicize_message":"","jetpack_publicize_feature_enabled":true,"jetpack_social_post_already_shared":true,"jetpack_social_options":{"image_generator_settings":{"template":"highway","default_image_id":0,"font":"","enabled":false},"version":2}},"categories":[12],"tags":[2977,141],"class_list":["post-27657","post","type-post","status-publish","format-standard","has-post-thumbnail","hentry","category-espectaculos","tag-mabel-etchverry","tag-papa-noel"],"jetpack_publicize_connections":[],"jetpack_featured_media_url":"https:\/\/revistaepocadigital.com.ar\/wp-content\/uploads\/2024\/12\/papa-mabel.jpg","jetpack_likes_enabled":true,"_links":{"self":[{"href":"https:\/\/revistaepocadigital.com.ar\/index.php?rest_route=\/wp\/v2\/posts\/27657","targetHints":{"allow":["GET"]}}],"collection":[{"href":"https:\/\/revistaepocadigital.com.ar\/index.php?rest_route=\/wp\/v2\/posts"}],"about":[{"href":"https:\/\/revistaepocadigital.com.ar\/index.php?rest_route=\/wp\/v2\/types\/post"}],"author":[{"embeddable":true,"href":"https:\/\/revistaepocadigital.com.ar\/index.php?rest_route=\/wp\/v2\/users\/4"}],"replies":[{"embeddable":true,"href":"https:\/\/revistaepocadigital.com.ar\/index.php?rest_route=%2Fwp%2Fv2%2Fcomments&post=27657"}],"version-history":[{"count":0,"href":"https:\/\/revistaepocadigital.com.ar\/index.php?rest_route=\/wp\/v2\/posts\/27657\/revisions"}],"wp:featuredmedia":[{"embeddable":true,"href":"https:\/\/revistaepocadigital.com.ar\/index.php?rest_route=\/wp\/v2\/media\/27661"}],"wp:attachment":[{"href":"https:\/\/revistaepocadigital.com.ar\/index.php?rest_route=%2Fwp%2Fv2%2Fmedia&parent=27657"}],"wp:term":[{"taxonomy":"category","embeddable":true,"href":"https:\/\/revistaepocadigital.com.ar\/index.php?rest_route=%2Fwp%2Fv2%2Fcategories&post=27657"},{"taxonomy":"post_tag","embeddable":true,"href":"https:\/\/revistaepocadigital.com.ar\/index.php?rest_route=%2Fwp%2Fv2%2Ftags&post=27657"}],"curies":[{"name":"wp","href":"https:\/\/api.w.org\/{rel}","templated":true}]}}