{"id":27668,"date":"2025-01-01T03:06:06","date_gmt":"2025-01-01T06:06:06","guid":{"rendered":"https:\/\/revistaepocadigital.com.ar\/?p=27668"},"modified":"2025-01-02T02:13:46","modified_gmt":"2025-01-02T05:13:46","slug":"nuevo-aumento-por-movilidad-para-jubilaciones-pensiones-y-asignaciones","status":"publish","type":"post","link":"https:\/\/revistaepocadigital.com.ar\/?p=27668","title":{"rendered":"EN ENERO LAS JUBILACIONES, PENSIONES Y ASIGNACIONES AUMENTAN 2,43%. BONO DE 70 MIL PESOS"},"content":{"rendered":"<div class=\"container-fluid\">\n<div class=\"row\">\n<div role=\"heading\" aria-level=\"2\">\n<div class=\"region region-top-bar\">\n<section class=\"block block-anses-prestacion block-prestacion-header-block clearfix\">\n<div class=\"banner-interior-content\">\n<div class=\"container\">\n<div class=\"row\">\n<div class=\"contenedor-banner-interior\">\n<div class=\"banner-interior-prestaciones\">\n<div class=\"title\"><\/div>\n<div class=\"description\">\n<p><strong><span style=\"color: #111111; font-family: Roboto, sans-serif; font-size: 27px;\">En qu\u00e9 consiste.<\/span><\/strong><\/p>\n<p class=\"yiv1592595867MsoNormal\"><b>EL BONO. Para las m\u00ednimas.<!--more--><\/b><b><\/b><\/p>\n<p class=\"yiv1592595867MsoNormal\">ANSES, organismo dependiente del Ministerio de Capital Humano, inform\u00f3 que las jubilaciones, pensiones y asignaciones tendr\u00e1n un incremento en<b>\u00a0enero<\/b>\u00a0del\u00a0<b>2,43 por ciento<\/b>, por la f\u00f3rmula de movilidad que toma como referencia el \u00cdndice de Precios al Consumidor (IPC) de noviembre publicado por el Instituto Nacional de Estad\u00edstica y Censos (INDEC).<\/p>\n<p class=\"yiv1592595867MsoNormal\">Adem\u00e1s, los titulares de jubilaciones y pensiones con haberes m\u00ednimos cobrar\u00e1n, con el calendario de pagos habitual, un<b>\u00a0bono de 70 mil pesos<\/b>, por lo que ning\u00fan jubilado o pensionado recibir\u00e1 menos de<b>\u00a0335.907,01 pesos\u00a0<\/b>(265.907,01 pesos de haber m\u00ednimo con aumento + 70 mil pesos de bono)<b>.\u00a0<\/b>En tanto, quienes tengan haberes inferiores a esa cifra tendr\u00e1n un bono proporcional hasta alcanzar dicho haber m\u00ednimo.<b><\/b><\/p>\n<p class=\"yiv1592595867MsoNormal\">La\u00a0Pensi\u00f3n Universal para el Adulto Mayor (PUAM) ser\u00e1 de\u00a0<b>282.725,61\u00a0<\/b>(212.725,61 pesos de haber con aumento + 70 mil pesos de bono) y las Pensiones No Contributivas (PNC) por Invalidez y Vejez, de\u00a0<b>256.134,91\u00a0<\/b>pesos (186.134,91 pesos de haber con aumento + 70 mil pesos de bono).<\/p>\n<p>En tanto, la Asignaci\u00f3n Universal por Hijo (AUH) ascender\u00e1 a\u00a0<b>95.548<\/b><b>\u00a0<\/b><b>pesos<\/b>; la AUH por Hijo con Discapacidad, a\u00a0<b>311.124 pesos<\/b>, y la Asignaci\u00f3n Familiar por Hijo, a\u00a0<b>47.776 pesos<\/b>\u00a0para el primer rango de ingresos.<\/p>\n<p>&nbsp;<\/p>\n<p>&nbsp;<\/p>\n<h3 style=\"text-align: center;\"><strong>&#8212;&#8212;&#8212;&#8212;&#8212;&#8212;&#8212;&#8212;&#8212;&#8212;&#8212;&#8212;&#8212;&#8212;&#8212;&#8211;<\/strong><\/h3>\n<h4><strong>Nuevo aumento por movilidad para jubilaciones, pensiones y asignaciones<\/strong><\/h4>\n<\/div>\n<\/div>\n<\/div>\n<\/div>\n<\/div>\n<\/div>\n<\/section>\n<\/div>\n<\/div>\n<\/div>\n<\/div>\n<p>&nbsp;<\/p>\n<p>En diciembre, las jubilaciones, pensiones y asignaciones reciben un aumento de <strong>2,69%.\u00a0<\/strong>De esta manera, quienes cobran\u00a0<strong>la jubilaci\u00f3n m\u00ednima, junto con el bono de 70 mil pesos, recibir\u00e1n $329.598,76.\u00a0\u00a0<\/strong><\/p>\n<div class=\"main-container container js-quickedit-main-content\" role=\"main\">\n<div class=\"row\">\n<section class=\"col-sm-12\">\n<div class=\"region region-content\">\n<article role=\"article\" data-history-node-id=\"10167\">\n<div class=\"field field--name-body field--type-text-with-summary field--label-hidden field--item\">\n<p>Las jubilaciones y pensiones que no superen los\u00a0<strong>$329.598,76<\/strong>\u00a0recibir\u00e1n un bono proporcional hasta alcanzar ese monto.<\/p>\n<p>Las prestaciones previsionales, con el bono de $70.000 incluido, quedan as\u00ed: la Pensi\u00f3n Universal para el Adulto Mayor pasa a ser de $277.679,01, la Pensi\u00f3n No Contributiva por Invalidez y la Pensi\u00f3n por Vejez a $251.719,13, y la Pensi\u00f3n Madre de 7 hijos pasa a ser de $329.598,76.<\/p>\n<p>Estas prestaciones reciben tambi\u00e9n el pago del medio aguinaldo. Los haberes, el bono y el medio aguinaldo\u00a0<strong>se cobran en la misma fecha, seg\u00fan el calendario habitual.<\/strong><\/p>\n<p><img loading=\"lazy\" decoding=\"async\" src=\"https:\/\/www.anses.gob.ar\/sites\/default\/files\/inline-images\/haberes%20diciembre%202024%20%28medio%20aguinaldo%29.png\" alt=\"cuadro que muestra el impacto del aumento segun cada asignacion\" width=\"1085\" height=\"510\" data-entity-type=\"file\" data-entity-uuid=\"6979ff93-b488-4a1b-a921-7049f99df32a\" \/><\/p>\n<p>Para consultar la fecha y lugar de cobro ingres\u00e1 en\u00a0<a href=\"https:\/\/servicioscorp.anses.gob.ar\/clavelogon\/logon.aspx?system=miansesv2\">mi ANSES<\/a>\u00a0con tu CUIL y Clave de la Seguridad Social.<\/p>\n<h2><strong>Aumento de las asignaciones<\/strong><\/h2>\n<p>En diciembre, las asignaciones familiares y universales tambi\u00e9n reciben el aumento del\u00a0<strong>2,69%<\/strong>.<\/p>\n<p>De esta forma, los nuevos montos para la Asignaci\u00f3n Universal por Hijo pasan a $93.281, la Asignaci\u00f3n Universal por Hijo con Discapacidad a $303.743, la Asignaci\u00f3n Familiar por Hijo a $46.642 y la Asignaci\u00f3n Familiar por Hijo con Discapacidad a $151.874.<\/p>\n<p><img loading=\"lazy\" decoding=\"async\" src=\"https:\/\/www.anses.gob.ar\/sites\/default\/files\/inline-images\/asignaciones-diciembre-2024-03_0.png\" alt=\"cuadro que muestra el aumento de acuerdo a cada prestaci\u00f3n\" width=\"1692\" height=\"1018\" data-entity-type=\"file\" data-entity-uuid=\"6b3f3d55-b65e-4549-8444-cf58cb518e3d\" \/><\/p>\n<p>Para consultar la fecha y lugar de cobro ingres\u00e1 en\u00a0<a href=\"https:\/\/servicioscorp.anses.gob.ar\/clavelogon\/logon.aspx?system=miansesv2\">mi ANSES<\/a>\u00a0con tu CUIL y Clave de la Seguridad Social.<\/p>\n<h2><strong>M\u00e1s informaci\u00f3n<\/strong><\/h2>\n<p>Desde la entrada en vigencia de la nueva f\u00f3rmula de movilidad (Decreto 274\/24)\u00a0<strong>los aumentos para las jubilaciones, pensiones y asignaciones son mensuales\u00a0<\/strong>y toman como referencia el \u00cdndice de Precios al Consumidor (IPC) de dos meses atr\u00e1s.<\/p>\n<\/div>\n<\/article>\n<\/div>\n<\/section>\n<div class=\"col-sm-12\" role=\"region\"><\/div>\n<\/div>\n<\/div>\n<div id=\"footer-top\" class=\"footer-top\">\n<div class=\"footer-top-inner container\">\n<div class=\"region region-footer-top\">\n<section id=\"block-feedback\" class=\"block block-anses-feedback block-feedback-block clearfix\">\n<div class=\"wrap_form_feedback\">\n<div class=\"\">\n<div class=\"feedback-box\">\n<div class=\"feedback-inner\">\n<h2 class=\"h3\"><\/h2>\n<\/div>\n<\/div>\n<\/div>\n<\/div>\n<\/section>\n<\/div>\n<\/div>\n<\/div>\n","protected":false},"excerpt":{"rendered":"<p>En qu\u00e9 consiste. EL BONO. Para las m\u00ednimas.<\/p>\n","protected":false},"author":3,"featured_media":27673,"comment_status":"open","ping_status":"open","sticky":false,"template":"","format":"standard","meta":{"footnotes":"","jetpack_publicize_message":"","jetpack_publicize_feature_enabled":true,"jetpack_social_post_already_shared":true,"jetpack_social_options":{"image_generator_settings":{"template":"highway","default_image_id":0,"font":"","enabled":false},"version":2}},"categories":[81],"tags":[],"class_list":["post-27668","post","type-post","status-publish","format-standard","has-post-thumbnail","hentry","category-anses"],"jetpack_publicize_connections":[],"jetpack_featured_media_url":"https:\/\/revistaepocadigital.com.ar\/wp-content\/uploads\/2024\/12\/images-1.jpeg","jetpack_likes_enabled":true,"_links":{"self":[{"href":"https:\/\/revistaepocadigital.com.ar\/index.php?rest_route=\/wp\/v2\/posts\/27668","targetHints":{"allow":["GET"]}}],"collection":[{"href":"https:\/\/revistaepocadigital.com.ar\/index.php?rest_route=\/wp\/v2\/posts"}],"about":[{"href":"https:\/\/revistaepocadigital.com.ar\/index.php?rest_route=\/wp\/v2\/types\/post"}],"author":[{"embeddable":true,"href":"https:\/\/revistaepocadigital.com.ar\/index.php?rest_route=\/wp\/v2\/users\/3"}],"replies":[{"embeddable":true,"href":"https:\/\/revistaepocadigital.com.ar\/index.php?rest_route=%2Fwp%2Fv2%2Fcomments&post=27668"}],"version-history":[{"count":0,"href":"https:\/\/revistaepocadigital.com.ar\/index.php?rest_route=\/wp\/v2\/posts\/27668\/revisions"}],"wp:featuredmedia":[{"embeddable":true,"href":"https:\/\/revistaepocadigital.com.ar\/index.php?rest_route=\/wp\/v2\/media\/27673"}],"wp:attachment":[{"href":"https:\/\/revistaepocadigital.com.ar\/index.php?rest_route=%2Fwp%2Fv2%2Fmedia&parent=27668"}],"wp:term":[{"taxonomy":"category","embeddable":true,"href":"https:\/\/revistaepocadigital.com.ar\/index.php?rest_route=%2Fwp%2Fv2%2Fcategories&post=27668"},{"taxonomy":"post_tag","embeddable":true,"href":"https:\/\/revistaepocadigital.com.ar\/index.php?rest_route=%2Fwp%2Fv2%2Ftags&post=27668"}],"curies":[{"name":"wp","href":"https:\/\/api.w.org\/{rel}","templated":true}]}}