{"id":27722,"date":"2024-12-17T14:04:23","date_gmt":"2024-12-17T17:04:23","guid":{"rendered":"https:\/\/revistaepocadigital.com.ar\/?p=27722"},"modified":"2024-12-18T19:03:07","modified_gmt":"2024-12-18T22:03:07","slug":"eden-duplica-la-potencia-electrira-en-capilla-del-senor-el-reclamo-de-los-vecinos","status":"publish","type":"post","link":"https:\/\/revistaepocadigital.com.ar\/?p=27722","title":{"rendered":"EDEN DUPLICA LA POTENCIA EL\u00c9CTRIRA EN CAPILLA  DEL SE\u00d1OR. EL RECLAMO DE LOS VECINOS."},"content":{"rendered":"<p><strong>UNA OBRA FUNDAMENTAL.<\/strong><\/p>\n<p><strong> ESTE JUEVES CORTE DE LUZ. <\/strong><!--more-->EDEN anuncia una importante obra de infraestructura para mejorar la calidad y<br \/>\ncontinuidad del servicio el\u00e9ctrico en Capilla del Se\u00f1or. Esta iniciativa, enmarcada<br \/>\nen el Plan de Obras de la empresa, consiste en la modernizaci\u00f3n y repotenciaci\u00f3n<br \/>\nde la Estaci\u00f3n Transformadora de la ciudad.<\/p>\n<p>&nbsp;<\/p>\n<p><span style=\"color: #ff6600;\"><strong>A prop\u00f3sito de esta obra, este jueves 19 de diciembre, de 4:30 a 14:30 horas,<\/strong><\/span><br \/>\n<span style=\"color: #ff6600;\"><strong>EDEN realizaba una interrupci\u00f3n programada de servicio, que le permit\u00eda realizar<\/strong><\/span><br \/>\n<span style=\"color: #ff6600;\"><strong>maniobras sin tensi\u00f3n en la Estaci\u00f3n Transformadora, afectando el suministro de<\/strong><\/span><br \/>\n<span style=\"color: #ff6600;\"><strong>Capilla del Se\u00f1or en su totalidad.<\/strong><\/span><br \/>\n<span style=\"color: #ff6600;\"><strong>www.edensa.com.ar<\/strong><\/span><\/p>\n<p>Las Estaciones Transformadoras son fundamentales para la distribuci\u00f3n de energ\u00eda<br \/>\nel\u00e9ctrica. Cuanto mayor es la potencia de los transformadores de esas<br \/>\ninstalaciones, mejor es el abastecimiento de electricidad. Es una de las<br \/>\ntareas esenciales que realizar\u00e1 EDEN: dotar de mayor potencia a los equipos de<br \/>\nla Estaci\u00f3n Transformadora, que de 10 MVA (megavoltiamperio) pasar\u00e1 a tener a<br \/>\n20 MVA, logrando un impacto significativo en la mejora del servicio.<\/p>\n<p><img loading=\"lazy\" decoding=\"async\" class=\"aligncenter size-large wp-image-27728\" src=\"https:\/\/revistaepocadigital.com.ar\/wp-content\/uploads\/2024\/12\/eden2-1200x900.jpeg\" alt=\"\" width=\"696\" height=\"522\" srcset=\"https:\/\/revistaepocadigital.com.ar\/wp-content\/uploads\/2024\/12\/eden2-1200x900.jpeg 1200w, https:\/\/revistaepocadigital.com.ar\/wp-content\/uploads\/2024\/12\/eden2-300x225.jpeg 300w, https:\/\/revistaepocadigital.com.ar\/wp-content\/uploads\/2024\/12\/eden2-768x576.jpeg 768w, https:\/\/revistaepocadigital.com.ar\/wp-content\/uploads\/2024\/12\/eden2-80x60.jpeg 80w, https:\/\/revistaepocadigital.com.ar\/wp-content\/uploads\/2024\/12\/eden2-160x120.jpeg 160w, https:\/\/revistaepocadigital.com.ar\/wp-content\/uploads\/2024\/12\/eden2-265x198.jpeg 265w, https:\/\/revistaepocadigital.com.ar\/wp-content\/uploads\/2024\/12\/eden2-696x522.jpeg 696w, https:\/\/revistaepocadigital.com.ar\/wp-content\/uploads\/2024\/12\/eden2-1068x801.jpeg 1068w, https:\/\/revistaepocadigital.com.ar\/wp-content\/uploads\/2024\/12\/eden2-560x420.jpeg 560w, https:\/\/revistaepocadigital.com.ar\/wp-content\/uploads\/2024\/12\/eden2-1120x840.jpeg 1120w, https:\/\/revistaepocadigital.com.ar\/wp-content\/uploads\/2024\/12\/eden2.jpeg 1280w\" sizes=\"auto, (max-width: 696px) 100vw, 696px\" \/><\/p>\n<p>&nbsp;<\/p>\n<p>Adem\u00e1s, a partir de esta obra, la instalaci\u00f3n quedar\u00e1 equipada para futuras<br \/>\nvinculaciones con otras Estaciones Transformadoras, tanto en 13,2 kV como en<br \/>\n33 kV, lo que permitir\u00e1 mayor flexibilidad para realizar maniobras, transferencias y<br \/>\notro tipo de operaciones de red.<\/p>\n<p>Con la inversi\u00f3n, se beneficiar\u00e1n casi 5.500 usuarios de manera directa,<br \/>\noptimizando la distribuci\u00f3n de la energ\u00eda el\u00e9ctrica en toda la localidad y aumentando<br \/>\nla versatilidad de la red. Adem\u00e1s, este proyecto acompa\u00f1a el crecimiento de Capilla<br \/>\ndel Se\u00f1or, facilitando el desarrollo de nuevos emprendimientos y un suministro<br \/>\nel\u00e9ctrico acorde a las necesidades de la comunidad.<\/p>\n<p>A prop\u00f3sito de esta obra, el pr\u00f3ximo jueves 19 de diciembre, de 4:30 a 14:30,<br \/>\nEDEN realizar\u00e1 una interrupci\u00f3n programada de servicio que le permite realizar<br \/>\nmaniobras sin tensi\u00f3n en la Estaci\u00f3n Transformadora, afectando el suministro de<br \/>\nCapilla del Se\u00f1or en su totalidad.<\/p>\n<p>www.edensa.com.ar<\/p>\n<p>Fotos: prensa EDEN<\/p>\n","protected":false},"excerpt":{"rendered":"<p>UNA OBRA FUNDAMENTAL. ESTE JUEVES CORTE DE LUZ.<\/p>\n","protected":false},"author":4,"featured_media":27724,"comment_status":"open","ping_status":"open","sticky":false,"template":"","format":"standard","meta":{"footnotes":"","jetpack_publicize_message":"","jetpack_publicize_feature_enabled":true,"jetpack_social_post_already_shared":true,"jetpack_social_options":{"image_generator_settings":{"template":"highway","default_image_id":0,"font":"","enabled":false},"version":2}},"categories":[13],"tags":[],"class_list":["post-27722","post","type-post","status-publish","format-standard","has-post-thumbnail","hentry","category-interes-general"],"jetpack_publicize_connections":[],"jetpack_featured_media_url":"https:\/\/revistaepocadigital.com.ar\/wp-content\/uploads\/2024\/12\/edennn.jpeg","jetpack_likes_enabled":true,"_links":{"self":[{"href":"https:\/\/revistaepocadigital.com.ar\/index.php?rest_route=\/wp\/v2\/posts\/27722","targetHints":{"allow":["GET"]}}],"collection":[{"href":"https:\/\/revistaepocadigital.com.ar\/index.php?rest_route=\/wp\/v2\/posts"}],"about":[{"href":"https:\/\/revistaepocadigital.com.ar\/index.php?rest_route=\/wp\/v2\/types\/post"}],"author":[{"embeddable":true,"href":"https:\/\/revistaepocadigital.com.ar\/index.php?rest_route=\/wp\/v2\/users\/4"}],"replies":[{"embeddable":true,"href":"https:\/\/revistaepocadigital.com.ar\/index.php?rest_route=%2Fwp%2Fv2%2Fcomments&post=27722"}],"version-history":[{"count":0,"href":"https:\/\/revistaepocadigital.com.ar\/index.php?rest_route=\/wp\/v2\/posts\/27722\/revisions"}],"wp:featuredmedia":[{"embeddable":true,"href":"https:\/\/revistaepocadigital.com.ar\/index.php?rest_route=\/wp\/v2\/media\/27724"}],"wp:attachment":[{"href":"https:\/\/revistaepocadigital.com.ar\/index.php?rest_route=%2Fwp%2Fv2%2Fmedia&parent=27722"}],"wp:term":[{"taxonomy":"category","embeddable":true,"href":"https:\/\/revistaepocadigital.com.ar\/index.php?rest_route=%2Fwp%2Fv2%2Fcategories&post=27722"},{"taxonomy":"post_tag","embeddable":true,"href":"https:\/\/revistaepocadigital.com.ar\/index.php?rest_route=%2Fwp%2Fv2%2Ftags&post=27722"}],"curies":[{"name":"wp","href":"https:\/\/api.w.org\/{rel}","templated":true}]}}