{"id":2775,"date":"2019-06-22T00:53:22","date_gmt":"2019-06-22T03:53:22","guid":{"rendered":"https:\/\/revistaepocadigital.com.ar\/?p=2775"},"modified":"2019-06-25T00:56:59","modified_gmt":"2019-06-25T03:56:59","slug":"rodrigo-beretta-maestro-pizzero","status":"publish","type":"post","link":"https:\/\/revistaepocadigital.com.ar\/?p=2775","title":{"rendered":"RODRIGO BERETTA, MAESTRO PIZZERO"},"content":{"rendered":"<p><strong>EN EL CAMPEONATO QUE TUVO LUGAR EN COSTA SALGUERO.<\/strong><!--more--><\/p>\n<p><strong>Rodrigo Beretta,<\/strong> propietario de <strong>Juliens Pizza de Capilla del Se\u00f1or,<\/strong> gan\u00f3 el primer premio en la categor\u00eda &#8220;masa grande&#8221;. Consist\u00eda en estirar un bollo de masa de una pizza com\u00fan lo m\u00e1s grande que se pudiera sin romperse. La elaborad por Rodrigo midi\u00f3 128 cent\u00edmetros de di\u00e1metro. En tanto en las categor\u00edas de &#8220;cocci\u00f3n&#8221;, obtuvo el 7\u00b0 en la divisi\u00f3n para cel\u00edacos.<\/p>\n<p>El evento en Costa Salguero fue organizado por APPYCE (Asociaci\u00f3n de propietarios de pizzerias y casa de empanadas); en el mismo lugar tambi\u00e9n se llevaron a cabo los campeonatos de heladeros y panaderos. M\u00e1s de 120 participantes de todo el pa\u00eds fueron los participantes, provenientes de todas las provincias. Luego ten\u00eda lugar el campeonato latinoamericano<\/p>\n","protected":false},"excerpt":{"rendered":"<p>EN EL CAMPEONATO QUE TUVO LUGAR EN COSTA SALGUERO.<\/p>\n","protected":false},"author":4,"featured_media":2777,"comment_status":"open","ping_status":"open","sticky":false,"template":"","format":"standard","meta":{"footnotes":"","jetpack_publicize_message":"","jetpack_publicize_feature_enabled":true,"jetpack_social_post_already_shared":false,"jetpack_social_options":{"image_generator_settings":{"template":"highway","default_image_id":0,"font":"","enabled":false},"version":2}},"categories":[9],"tags":[342,37],"class_list":["post-2775","post","type-post","status-publish","format-standard","has-post-thumbnail","hentry","category-deportes","tag-beretta","tag-destacada"],"jetpack_publicize_connections":[],"jetpack_featured_media_url":"https:\/\/revistaepocadigital.com.ar\/wp-content\/uploads\/2019\/06\/beretta19.jpg","jetpack_likes_enabled":true,"_links":{"self":[{"href":"https:\/\/revistaepocadigital.com.ar\/index.php?rest_route=\/wp\/v2\/posts\/2775","targetHints":{"allow":["GET"]}}],"collection":[{"href":"https:\/\/revistaepocadigital.com.ar\/index.php?rest_route=\/wp\/v2\/posts"}],"about":[{"href":"https:\/\/revistaepocadigital.com.ar\/index.php?rest_route=\/wp\/v2\/types\/post"}],"author":[{"embeddable":true,"href":"https:\/\/revistaepocadigital.com.ar\/index.php?rest_route=\/wp\/v2\/users\/4"}],"replies":[{"embeddable":true,"href":"https:\/\/revistaepocadigital.com.ar\/index.php?rest_route=%2Fwp%2Fv2%2Fcomments&post=2775"}],"version-history":[{"count":0,"href":"https:\/\/revistaepocadigital.com.ar\/index.php?rest_route=\/wp\/v2\/posts\/2775\/revisions"}],"wp:featuredmedia":[{"embeddable":true,"href":"https:\/\/revistaepocadigital.com.ar\/index.php?rest_route=\/wp\/v2\/media\/2777"}],"wp:attachment":[{"href":"https:\/\/revistaepocadigital.com.ar\/index.php?rest_route=%2Fwp%2Fv2%2Fmedia&parent=2775"}],"wp:term":[{"taxonomy":"category","embeddable":true,"href":"https:\/\/revistaepocadigital.com.ar\/index.php?rest_route=%2Fwp%2Fv2%2Fcategories&post=2775"},{"taxonomy":"post_tag","embeddable":true,"href":"https:\/\/revistaepocadigital.com.ar\/index.php?rest_route=%2Fwp%2Fv2%2Ftags&post=2775"}],"curies":[{"name":"wp","href":"https:\/\/api.w.org\/{rel}","templated":true}]}}