{"id":2778,"date":"2019-06-25T18:06:04","date_gmt":"2019-06-25T21:06:04","guid":{"rendered":"https:\/\/revistaepocadigital.com.ar\/?p=2778"},"modified":"2019-06-25T18:06:04","modified_gmt":"2019-06-25T21:06:04","slug":"2-simposio-de-caminos-rurales-de-carbap","status":"publish","type":"post","link":"https:\/\/revistaepocadigital.com.ar\/?p=2778","title":{"rendered":"2 \u00b0 Simposio de  Caminos Rurales de CARBAP"},"content":{"rendered":"<p><strong>EN LA SOCIEDAD RURAL DE RAUCH.<\/strong><!--more--><\/p>\n<p>Desde la <strong>Sociedad Rural de Exaltaci\u00f3n de la Cruz, Z\u00e1rate y Campana<\/strong>, informaron que el 26 de junio, en el predio de la Sociedad Rural de Rauch se lleva a cabo el 2\u00ba Simposio de Caminos Rurales, organizado por la Confederaci\u00f3n de Asociaciones Rurales de Buenos Aires y La Pampa &#8211; CARBAP-. Se abordar\u00e1n los principales temas, referidos a la red de comunicaci\u00f3n mas importante que tienen los habitantes de la provincia de Buenos Aires y La Pampa que son los caminos.<\/p>\n<p>Tanto funcionarios provinciales bonaerenses como pampeanos de Vialidad, responsables municipales del \u00e1rea de vialidad y caminos, especialistas de la actividad privada en el tema y usuarios de los mismos, expondr\u00e1n sobre la necesidad de planificar estrat\u00e9gicamente sobre el tema caminos, cuyo inter\u00e9s geopolitico y territorial es insoslayable.<\/p>\n<p>El programa de disertantes contempla bloques sobre el Rol del Estado Provincial, la visi\u00f3n de CARBAP, alternativas para el mejoramiento de caminos, el cuidado de caminos, la transitabilidad, las experiencias de trabajo municipal, los aspectos jur\u00eddicos, y el camino mas alla de la produccion a cargo de las mujeres rurales de CARBAP, como asi tambien el pensar una ganader\u00eda y agricultura sustentable.<\/p>\n<p>El siguiente es el programa:<\/p>\n<p><img loading=\"lazy\" decoding=\"async\" class=\"aligncenter size-full wp-image-2781\" src=\"https:\/\/revistaepocadigital.com.ar\/wp-content\/uploads\/2019\/06\/mail-2.jpg\" alt=\"\" width=\"2481\" height=\"3508\" srcset=\"https:\/\/revistaepocadigital.com.ar\/wp-content\/uploads\/2019\/06\/mail-2.jpg 2481w, https:\/\/revistaepocadigital.com.ar\/wp-content\/uploads\/2019\/06\/mail-2-212x300.jpg 212w, https:\/\/revistaepocadigital.com.ar\/wp-content\/uploads\/2019\/06\/mail-2-768x1086.jpg 768w, https:\/\/revistaepocadigital.com.ar\/wp-content\/uploads\/2019\/06\/mail-2-724x1024.jpg 724w, https:\/\/revistaepocadigital.com.ar\/wp-content\/uploads\/2019\/06\/mail-2-696x984.jpg 696w, https:\/\/revistaepocadigital.com.ar\/wp-content\/uploads\/2019\/06\/mail-2-1068x1510.jpg 1068w, https:\/\/revistaepocadigital.com.ar\/wp-content\/uploads\/2019\/06\/mail-2-297x420.jpg 297w, https:\/\/revistaepocadigital.com.ar\/wp-content\/uploads\/2019\/06\/mail-2-594x840.jpg 594w, https:\/\/revistaepocadigital.com.ar\/wp-content\/uploads\/2019\/06\/mail-2-1920x2715.jpg 1920w\" sizes=\"auto, (max-width: 2481px) 100vw, 2481px\" \/><\/p>\n","protected":false},"excerpt":{"rendered":"<p>EN LA SOCIEDAD RURAL DE RAUCH.<\/p>\n","protected":false},"author":3,"featured_media":2782,"comment_status":"open","ping_status":"open","sticky":false,"template":"","format":"standard","meta":{"footnotes":"","jetpack_publicize_message":"","jetpack_publicize_feature_enabled":true,"jetpack_social_post_already_shared":false,"jetpack_social_options":{"image_generator_settings":{"template":"highway","default_image_id":0,"font":"","enabled":false},"version":2}},"categories":[5],"tags":[393,392],"class_list":["post-2778","post","type-post","status-publish","format-standard","has-post-thumbnail","hentry","category-aqui-parada-robles","tag-caminos","tag-socieidad-rural"],"jetpack_publicize_connections":[],"jetpack_featured_media_url":"https:\/\/revistaepocadigital.com.ar\/wp-content\/uploads\/2019\/06\/ru.jpg","jetpack_likes_enabled":true,"_links":{"self":[{"href":"https:\/\/revistaepocadigital.com.ar\/index.php?rest_route=\/wp\/v2\/posts\/2778","targetHints":{"allow":["GET"]}}],"collection":[{"href":"https:\/\/revistaepocadigital.com.ar\/index.php?rest_route=\/wp\/v2\/posts"}],"about":[{"href":"https:\/\/revistaepocadigital.com.ar\/index.php?rest_route=\/wp\/v2\/types\/post"}],"author":[{"embeddable":true,"href":"https:\/\/revistaepocadigital.com.ar\/index.php?rest_route=\/wp\/v2\/users\/3"}],"replies":[{"embeddable":true,"href":"https:\/\/revistaepocadigital.com.ar\/index.php?rest_route=%2Fwp%2Fv2%2Fcomments&post=2778"}],"version-history":[{"count":0,"href":"https:\/\/revistaepocadigital.com.ar\/index.php?rest_route=\/wp\/v2\/posts\/2778\/revisions"}],"wp:featuredmedia":[{"embeddable":true,"href":"https:\/\/revistaepocadigital.com.ar\/index.php?rest_route=\/wp\/v2\/media\/2782"}],"wp:attachment":[{"href":"https:\/\/revistaepocadigital.com.ar\/index.php?rest_route=%2Fwp%2Fv2%2Fmedia&parent=2778"}],"wp:term":[{"taxonomy":"category","embeddable":true,"href":"https:\/\/revistaepocadigital.com.ar\/index.php?rest_route=%2Fwp%2Fv2%2Fcategories&post=2778"},{"taxonomy":"post_tag","embeddable":true,"href":"https:\/\/revistaepocadigital.com.ar\/index.php?rest_route=%2Fwp%2Fv2%2Ftags&post=2778"}],"curies":[{"name":"wp","href":"https:\/\/api.w.org\/{rel}","templated":true}]}}