{"id":27816,"date":"2024-12-24T18:49:49","date_gmt":"2024-12-24T21:49:49","guid":{"rendered":"https:\/\/revistaepocadigital.com.ar\/?p=27816"},"modified":"2024-12-24T18:57:38","modified_gmt":"2024-12-24T21:57:38","slug":"egresados-de-la-diplomatura-en-logistica","status":"publish","type":"post","link":"https:\/\/revistaepocadigital.com.ar\/?p=27816","title":{"rendered":"EGRESADOS DE LA DIPLOMATURA EN LOG\u00cdSTICA"},"content":{"rendered":"<div class=\"xdj266r x11i5rnm xat24cr x1mh8g0r x1vvkbs x126k92a\">\n<div dir=\"auto\"><strong>EN EL COMPLEJO UNIVERSITARIO DE CAPILLA DEL SE\u00d1OR.<!--more--><\/strong><\/div>\n<div dir=\"auto\"><\/div>\n<div dir=\"auto\">Se llev\u00f3 adelante la entrega de diplomas a los egresados y egresadas de la Diplomatura en Log\u00edstica, dictada en el capillense Complejo Universitario por la Universidad Nacional de General Sarmiento, a trav\u00e9s del programa PUENTES.<\/div>\n<div dir=\"auto\"><\/div>\n<\/div>\n<p>Fueron m\u00e1s de veinte estudiantes que culminaron sus estudios y recibieron su diploma junto a sus familias, logrando culminar esta diplomatura tan importante en el sector log\u00edstico, contribuyendo al fortalecimiento de la econom\u00eda local. El acto fue encabezado por Mar\u00eda Luz Bozzani, secretaria de Gobierno y Hern\u00e1n Dunjo, director de Educaci\u00f3n y autoridades de la UNGS.<\/p>\n<p><strong>RECIBIDOS EN TECNICATURA EN ADMINISTRACI\u00d2N Y GESTI\u00d2N<\/strong><\/p>\n<p>Tambi\u00e9n en el Complejo Universitario municipal, alumnos de la Tecnicatura en Administraci\u00f3n y Gesti\u00f3n rindieron su \u00faltimo examen final y culminaron su carrera. Estudiantes que se han sumado a la lista de egresados del Complejo, que el municipio trabaja para su ampliaci\u00f3n para sumar m\u00e1s carreras para abrir mayores posibilidades a vecinos del distrito, que aspiren a formarse en la educaci\u00f3n superior.<\/p>\n<p><img loading=\"lazy\" decoding=\"async\" class=\"aligncenter size-full wp-image-27821\" src=\"https:\/\/revistaepocadigital.com.ar\/wp-content\/uploads\/2024\/12\/egress.jpg\" alt=\"\" width=\"432\" height=\"437\" srcset=\"https:\/\/revistaepocadigital.com.ar\/wp-content\/uploads\/2024\/12\/egress.jpg 432w, https:\/\/revistaepocadigital.com.ar\/wp-content\/uploads\/2024\/12\/egress-297x300.jpg 297w, https:\/\/revistaepocadigital.com.ar\/wp-content\/uploads\/2024\/12\/egress-415x420.jpg 415w\" sizes=\"auto, (max-width: 432px) 100vw, 432px\" \/><\/p>\n<p>Siguen abiertas las inscripciones para las carreras que se dictar\u00e1n en el 2025.<\/p>\n<div class=\"x11i5rnm xat24cr x1mh8g0r x1vvkbs xtlvy1s x126k92a\">\n<div dir=\"auto\">Encontr\u00e1 toda la informaci\u00f3n en nuestras redes y para consultas comunicate por WhatsApp al 11 2363 5027.<\/div>\n<\/div>\n<p>&nbsp;<\/p>\n","protected":false},"excerpt":{"rendered":"<p>EN EL COMPLEJO UNIVERSITARIO DE CAPILLA DEL SE\u00d1OR.<\/p>\n","protected":false},"author":3,"featured_media":27818,"comment_status":"open","ping_status":"open","sticky":false,"template":"","format":"standard","meta":{"footnotes":"","jetpack_publicize_message":"","jetpack_publicize_feature_enabled":true,"jetpack_social_post_already_shared":true,"jetpack_social_options":{"image_generator_settings":{"template":"highway","default_image_id":0,"font":"","enabled":false},"version":2}},"categories":[11],"tags":[1376,1308],"class_list":["post-27816","post","type-post","status-publish","format-standard","has-post-thumbnail","hentry","category-entidades","tag-complejo-universitario","tag-egresados"],"jetpack_publicize_connections":[],"jetpack_featured_media_url":"https:\/\/revistaepocadigital.com.ar\/wp-content\/uploads\/2024\/12\/egre-1.jpg","jetpack_likes_enabled":true,"_links":{"self":[{"href":"https:\/\/revistaepocadigital.com.ar\/index.php?rest_route=\/wp\/v2\/posts\/27816","targetHints":{"allow":["GET"]}}],"collection":[{"href":"https:\/\/revistaepocadigital.com.ar\/index.php?rest_route=\/wp\/v2\/posts"}],"about":[{"href":"https:\/\/revistaepocadigital.com.ar\/index.php?rest_route=\/wp\/v2\/types\/post"}],"author":[{"embeddable":true,"href":"https:\/\/revistaepocadigital.com.ar\/index.php?rest_route=\/wp\/v2\/users\/3"}],"replies":[{"embeddable":true,"href":"https:\/\/revistaepocadigital.com.ar\/index.php?rest_route=%2Fwp%2Fv2%2Fcomments&post=27816"}],"version-history":[{"count":0,"href":"https:\/\/revistaepocadigital.com.ar\/index.php?rest_route=\/wp\/v2\/posts\/27816\/revisions"}],"wp:featuredmedia":[{"embeddable":true,"href":"https:\/\/revistaepocadigital.com.ar\/index.php?rest_route=\/wp\/v2\/media\/27818"}],"wp:attachment":[{"href":"https:\/\/revistaepocadigital.com.ar\/index.php?rest_route=%2Fwp%2Fv2%2Fmedia&parent=27816"}],"wp:term":[{"taxonomy":"category","embeddable":true,"href":"https:\/\/revistaepocadigital.com.ar\/index.php?rest_route=%2Fwp%2Fv2%2Fcategories&post=27816"},{"taxonomy":"post_tag","embeddable":true,"href":"https:\/\/revistaepocadigital.com.ar\/index.php?rest_route=%2Fwp%2Fv2%2Ftags&post=27816"}],"curies":[{"name":"wp","href":"https:\/\/api.w.org\/{rel}","templated":true}]}}