{"id":27831,"date":"2024-12-28T19:37:06","date_gmt":"2024-12-28T22:37:06","guid":{"rendered":"https:\/\/revistaepocadigital.com.ar\/?p=27831"},"modified":"2024-12-31T21:34:31","modified_gmt":"2025-01-01T00:34:31","slug":"pospuestos-el-acto-por-el-122o-aniversario-de-cardales-y-la-inaguracion-del-arco-historico","status":"publish","type":"post","link":"https:\/\/revistaepocadigital.com.ar\/?p=27831","title":{"rendered":"NUEVAS C\u00c1MARAS DE SEGURIDAD EN EL ARCO HIST\u00d3RICO"},"content":{"rendered":"<p>&nbsp;<\/p>\n<p>actualizaci\u00f3n.<!--more--><\/p>\n<p>&nbsp;<\/p>\n<p>Culminada la instalaci\u00f3n de la reedici\u00f3n del hist\u00f3rico Arco de Los Cardales, en el ingreso al barrio 5 Esquinas, en su estructura fueron instaladas nuevas c\u00e1maras de seguridad.<\/p>\n<div class=\"x11i5rnm xat24cr x1mh8g0r x1vvkbs xtlvy1s x126k92a\">\n<div dir=\"auto\">Estas nuevas herramientas, ser\u00e1n monitoreadas a trav\u00e9s del CAV, en tiempo real, logrando visualizar y controlar el ingreso y egreso de veh\u00edculos. Desde el municipio remarcaron que &#8220;rememoramos la historia, volvemos a nuestras ra\u00edces, pero al mismo tiempo sumamos la seguridad que el pueblo y visitantes necesitan, cuidado y mejorando su calidad de vida&#8221;<\/div>\n<\/div>\n<h4><\/h4>\n<h4 style=\"text-align: center;\"><strong>&#8212;&#8212;&#8212;&#8212;&#8212;&#8212;&#8212;&#8212;&#8212;&#8212;&#8212;<\/strong><\/h4>\n<p>&nbsp;<\/p>\n<p><strong>LUEGO DE LOS FESTEJOS CONCRETADOS A PRINCIPIOS DE DICIEMBRE.<\/strong><!--more--><\/p>\n<p>Realizados ante un gran marco de p\u00fablico que congreg\u00f3 a vecinos y visitantes, estaba previsto otra serie de actos por el 122 aniversario de Los Cardales y la inaguraci\u00f3n de la r\u00e9plica del Arco Hist\u00f3rico que recuerda al que estuviera colocado al ingreso de la localidad durante muchos a\u00f1os, dese el municipio se inform\u00f3 que estos eventos fueron postergados sin que se explicitaran los motivos, inform\u00e1ndose en breve fue acotado, la nueva fecha de realizaci\u00f3n.<\/p>\n<p><img loading=\"lazy\" decoding=\"async\" class=\"aligncenter size-full wp-image-27839\" src=\"https:\/\/revistaepocadigital.com.ar\/wp-content\/uploads\/2024\/12\/arc2.jpg\" alt=\"\" width=\"448\" height=\"597\" srcset=\"https:\/\/revistaepocadigital.com.ar\/wp-content\/uploads\/2024\/12\/arc2.jpg 448w, https:\/\/revistaepocadigital.com.ar\/wp-content\/uploads\/2024\/12\/arc2-225x300.jpg 225w, https:\/\/revistaepocadigital.com.ar\/wp-content\/uploads\/2024\/12\/arc2-315x420.jpg 315w\" sizes=\"auto, (max-width: 448px) 100vw, 448px\" \/><\/p>\n<div class=\"xdj266r x11i5rnm xat24cr x1mh8g0r x1vvkbs x126k92a\">En el ingreso al barrio 5 Esquinas se estuvo contruyendo la r\u00e9plica del recordado Arco de ingreso (foto portada). Aquel que fuera creado por el Club de Leones en la d\u00e9cada del 70, tambi\u00e9n en su momento intervenido por la familia Gualchi.<\/div>\n<p>&nbsp;<\/p>\n<p><img loading=\"lazy\" decoding=\"async\" class=\"aligncenter size-full wp-image-27832\" src=\"https:\/\/revistaepocadigital.com.ar\/wp-content\/uploads\/2024\/12\/caaaa.jpg\" alt=\"\" width=\"573\" height=\"323\" srcset=\"https:\/\/revistaepocadigital.com.ar\/wp-content\/uploads\/2024\/12\/caaaa.jpg 573w, https:\/\/revistaepocadigital.com.ar\/wp-content\/uploads\/2024\/12\/caaaa-300x169.jpg 300w\" sizes=\"auto, (max-width: 573px) 100vw, 573px\" \/><br \/>\nUna imagen de la fiesta realizada a principios de diciembre.<\/p>\n","protected":false},"excerpt":{"rendered":"<p>&nbsp; actualizaci\u00f3n.<\/p>\n","protected":false},"author":3,"featured_media":27875,"comment_status":"open","ping_status":"open","sticky":false,"template":"","format":"standard","meta":{"footnotes":"","jetpack_publicize_message":"","jetpack_publicize_feature_enabled":true,"jetpack_social_post_already_shared":true,"jetpack_social_options":{"image_generator_settings":{"template":"highway","default_image_id":0,"font":"","enabled":false},"version":2}},"categories":[4],"tags":[2981,2597,2987],"class_list":["post-27831","post","type-post","status-publish","format-standard","has-post-thumbnail","hentry","category-aqui-los-cardales","tag-122-aniversario-cardales","tag-2597","tag-arco-historico"],"jetpack_publicize_connections":[],"jetpack_featured_media_url":"https:\/\/revistaepocadigital.com.ar\/wp-content\/uploads\/2024\/12\/carda-arco.jpg","jetpack_likes_enabled":true,"_links":{"self":[{"href":"https:\/\/revistaepocadigital.com.ar\/index.php?rest_route=\/wp\/v2\/posts\/27831","targetHints":{"allow":["GET"]}}],"collection":[{"href":"https:\/\/revistaepocadigital.com.ar\/index.php?rest_route=\/wp\/v2\/posts"}],"about":[{"href":"https:\/\/revistaepocadigital.com.ar\/index.php?rest_route=\/wp\/v2\/types\/post"}],"author":[{"embeddable":true,"href":"https:\/\/revistaepocadigital.com.ar\/index.php?rest_route=\/wp\/v2\/users\/3"}],"replies":[{"embeddable":true,"href":"https:\/\/revistaepocadigital.com.ar\/index.php?rest_route=%2Fwp%2Fv2%2Fcomments&post=27831"}],"version-history":[{"count":0,"href":"https:\/\/revistaepocadigital.com.ar\/index.php?rest_route=\/wp\/v2\/posts\/27831\/revisions"}],"wp:featuredmedia":[{"embeddable":true,"href":"https:\/\/revistaepocadigital.com.ar\/index.php?rest_route=\/wp\/v2\/media\/27875"}],"wp:attachment":[{"href":"https:\/\/revistaepocadigital.com.ar\/index.php?rest_route=%2Fwp%2Fv2%2Fmedia&parent=27831"}],"wp:term":[{"taxonomy":"category","embeddable":true,"href":"https:\/\/revistaepocadigital.com.ar\/index.php?rest_route=%2Fwp%2Fv2%2Fcategories&post=27831"},{"taxonomy":"post_tag","embeddable":true,"href":"https:\/\/revistaepocadigital.com.ar\/index.php?rest_route=%2Fwp%2Fv2%2Ftags&post=27831"}],"curies":[{"name":"wp","href":"https:\/\/api.w.org\/{rel}","templated":true}]}}