{"id":2784,"date":"2019-06-27T16:27:58","date_gmt":"2019-06-27T19:27:58","guid":{"rendered":"https:\/\/revistaepocadigital.com.ar\/?p=2784"},"modified":"2019-06-27T16:29:30","modified_gmt":"2019-06-27T19:29:30","slug":"llega-blancanieves","status":"publish","type":"post","link":"https:\/\/revistaepocadigital.com.ar\/?p=2784","title":{"rendered":"\u00a1LLEGA BLANCANIEVES!"},"content":{"rendered":"<p><strong>ESPECT\u00c1CULOS. UN MUSICAL REALIZADO POR FS PRODUCCIONES.<\/strong><!--more--><\/p>\n<p>Luego del gran \u00e9xito que signific\u00f3 &#8220;Cenicienta&#8221; para los espect\u00e1culos locales y zonales, con cuatro funciones a sala llena en el pasado mes de abril, FS Producciones se prepara para sorprender con el cl\u00e1sico cuento <strong>&#8220;Blancanieves&#8221;<\/strong>.<\/p>\n<p>Se trata de una versi\u00f3n musical apuntada para que todas las familias, disfruten en las cercanas vacaciones de invierno de este a\u00f1o. Blancanieves con la direcci\u00f3n general del destacado Fabi\u00e1n Scovenna, se ofrecer\u00e1 los s\u00e1bados 20 y 27 de julio y 3 de agosto, en el Centro Cultural Municipal Cosmopolita de Capilla del Se\u00f1or a las 17 horas.<\/p>\n<p>Con letras de Sergio Lombardo y m\u00fasica a cargo de Mart\u00edn Bianchedi, Fabi\u00e1n Scovenna tiene a su cargo la direccion general del espect\u00e1dulo en el marco de la compa\u00f1ia de Teatro Musical Independiente, que el mismo director cre\u00f3 y encabeza desde hace doce a\u00f1os en Exaltaci\u00f3n de la Cruz, habiendo ofrecido espect\u00e1culos de calidad para toda nuestra comunidad y tambi\u00e9n con presentaciones en ciudades vecinas.<\/p>\n<p><img loading=\"lazy\" decoding=\"async\" class=\"aligncenter size-medium wp-image-2788\" src=\"https:\/\/revistaepocadigital.com.ar\/wp-content\/uploads\/2019\/06\/scove-bl-nieve-300x194.jpg\" alt=\"\" width=\"300\" height=\"194\" srcset=\"https:\/\/revistaepocadigital.com.ar\/wp-content\/uploads\/2019\/06\/scove-bl-nieve-300x194.jpg 300w, https:\/\/revistaepocadigital.com.ar\/wp-content\/uploads\/2019\/06\/scove-bl-nieve-768x498.jpg 768w, https:\/\/revistaepocadigital.com.ar\/wp-content\/uploads\/2019\/06\/scove-bl-nieve-696x451.jpg 696w, https:\/\/revistaepocadigital.com.ar\/wp-content\/uploads\/2019\/06\/scove-bl-nieve-648x420.jpg 648w, https:\/\/revistaepocadigital.com.ar\/wp-content\/uploads\/2019\/06\/scove-bl-nieve.jpg 833w\" sizes=\"auto, (max-width: 300px) 100vw, 300px\" \/><\/p>\n<p>Desde 2007, Scovenna puso en marcha el proyecto de Teatro que, ininterrumpidamente trabaja a\u00f1o tras a\u00f1o super\u00e1ndose en todos los aspectos que hacen a la puesta en escena. Las obras no s\u00f3lo han trascendido en el \u00e1mbito local, varias formaron parte adem\u00e1s de la programaci\u00f3n porte\u00f1a en teatros reconocidos de la ciudad de Buenos Aires, lo que represent\u00f3 un gran m\u00e9rito y logros apoyados en el gran esfuerzo llevado a cabo por la compa\u00f1\u00eda y tambi\u00e9, un merecido reconocimiento a todo el equipo que forma parte de &#8220;FS Producciones&#8221;.<\/p>\n<p>En la actualidad, con un elenco compuesto por 30 artistas en escena, el equipo de Scovenna apuesta a encantar a grandes y chicos, con una divertida versi\u00f3n del cl\u00e1sico cuento de la joven y bella Blancanieves.<\/p>\n<p><em>&#8220;El elenco ha sido el fruto de las audiciones abiertas, generadas en mayo pasado, que dieron inicio a la nueva propuesta art\u00edstica puesta en marcha. Para cada audici\u00f3n se inscribieron m\u00e1s aspirantes a formar parte de la compa\u00f1ia, y sin dudas las audiciones, significan una experiencia para todo aquel que quiera iniciarse en el camino del teatro&#8221;,<\/em> ha comentado Scovenna a EPOCA.<\/p>\n<figure id=\"attachment_2789\" aria-describedby=\"caption-attachment-2789\" style=\"width: 300px\" class=\"wp-caption aligncenter\"><img loading=\"lazy\" decoding=\"async\" class=\"size-medium wp-image-2789\" src=\"https:\/\/revistaepocadigital.com.ar\/wp-content\/uploads\/2019\/06\/scove-ensayo-300x225.jpg\" alt=\"\" width=\"300\" height=\"225\" srcset=\"https:\/\/revistaepocadigital.com.ar\/wp-content\/uploads\/2019\/06\/scove-ensayo-300x225.jpg 300w, https:\/\/revistaepocadigital.com.ar\/wp-content\/uploads\/2019\/06\/scove-ensayo-768x576.jpg 768w, https:\/\/revistaepocadigital.com.ar\/wp-content\/uploads\/2019\/06\/scove-ensayo-80x60.jpg 80w, https:\/\/revistaepocadigital.com.ar\/wp-content\/uploads\/2019\/06\/scove-ensayo-160x120.jpg 160w, https:\/\/revistaepocadigital.com.ar\/wp-content\/uploads\/2019\/06\/scove-ensayo-265x198.jpg 265w, https:\/\/revistaepocadigital.com.ar\/wp-content\/uploads\/2019\/06\/scove-ensayo-530x396.jpg 530w, https:\/\/revistaepocadigital.com.ar\/wp-content\/uploads\/2019\/06\/scove-ensayo-696x522.jpg 696w, https:\/\/revistaepocadigital.com.ar\/wp-content\/uploads\/2019\/06\/scove-ensayo-560x420.jpg 560w, https:\/\/revistaepocadigital.com.ar\/wp-content\/uploads\/2019\/06\/scove-ensayo.jpg 945w\" sizes=\"auto, (max-width: 300px) 100vw, 300px\" \/><figcaption id=\"caption-attachment-2789\" class=\"wp-caption-text\">En pleno ensayo<\/figcaption><\/figure>\n<p><strong>El elenco<\/strong>:<br \/>\nIrina Conil, Graciela D\u00edaz, Rom\u00e1n Denis, Marcos Cabrera, Mar\u00eda Jos\u00e9 Fern\u00e1ndez, \u00c1ngel Di Dom\u00e9nico, Berenice Franzanti, Sol Villanueva, Isabella Machain, Sol Salda\u00f1a, Carla Spinetta, Lucas D\u00edaz, Consuelo Otonello, Sof\u00eda Rodr\u00edguez, Franco Z\u00e1rate, Manuela Traverso, Tamara D\u00edaz, Yamila Mieres, Jimena Ram\u00edrez, Mar\u00eda Cavia, Gustavo Deuz, Valentina Pereyra, Agustina Francisco, Lucia Varela, Carolina Conforto, Natalia Cabrera, Melany Miguez.<\/p>\n<p><strong>El equipo art\u00edstico:<\/strong><\/p>\n<p>\u00bbDirecci\u00f3n General y Puesta en Escena: Fabi\u00e1n Scovenna<br \/>\n\u00bbCoreograf\u00eda: Carla Spinetta<br \/>\n\u00bbAsist. Actoral: Sol Salda\u00f1a<br \/>\n\u00bbAsist. General: Lucas D\u00edaz<br \/>\n\u00bbAsist. Ejecutivo: Marcos Cabrera<br \/>\n\u00bbIluminaci\u00f3n: Gisela Kubricky<br \/>\n\u00bbRealizaci\u00f3n de vestuario: Estilo Original<\/p>\n<p><strong>Las entradas:<\/strong><\/p>\n<p>Se encuentran disponibles y a la venta a un valor de 200 pesos. En forma anticipada, pueden adquirirse enviando un mensaje a trav\u00e9s de Facebook e Instagram a FS Producciones.<\/p>\n<p><strong>El futuro de la compa\u00f1ia:<\/strong><\/p>\n<p>Sin posibilidades de descanso, Scovenna se prepara para cerrar el a\u00f1o con otro musical, en este caso destinado al p\u00fablico adolescente y adulto. Finalizado el receso invernal, la compa\u00f1\u00eda iniciar\u00e1 los ensayos del nuevo proyecto a estrenarse en noviembre. <em>&#8220;Estamos muy ilusionados y con muchas ganas, trabajando en este nuevo proyecto, donde ponemos lo mejor de nosotros para ofrecer un espect\u00e1culo muy bueno. Agradezco el apoyo que nos brindan desde hace 12 a\u00f1os desde el Teatro Musical en Exaltaci\u00f3n de la Cruz entre otros y tambi\u00e9n a la revista EPOCA, que siempre ha mostrado inter\u00e9s por difundir la labor art\u00edstica de nuestros jovenes hoy algunos ya adultos, pero con la misma energ\u00eda de siempre para aportar a nuestra cultura local&#8221;,<\/em> ha dicho el director.<\/p>\n","protected":false},"excerpt":{"rendered":"<p>ESPECT\u00c1CULOS. UN MUSICAL REALIZADO POR FS PRODUCCIONES.<\/p>\n","protected":false},"author":4,"featured_media":2787,"comment_status":"open","ping_status":"open","sticky":false,"template":"","format":"standard","meta":{"footnotes":"","jetpack_publicize_message":"","jetpack_publicize_feature_enabled":true,"jetpack_social_post_already_shared":false,"jetpack_social_options":{"image_generator_settings":{"template":"highway","default_image_id":0,"font":"","enabled":false},"version":2}},"categories":[12],"tags":[394,37,395],"class_list":["post-2784","post","type-post","status-publish","format-standard","has-post-thumbnail","hentry","category-espectaculos","tag-blancanieves","tag-destacada","tag-espectaculos"],"jetpack_publicize_connections":[],"jetpack_featured_media_url":"https:\/\/revistaepocadigital.com.ar\/wp-content\/uploads\/2019\/06\/scove-elenco19.jpg","jetpack_likes_enabled":true,"_links":{"self":[{"href":"https:\/\/revistaepocadigital.com.ar\/index.php?rest_route=\/wp\/v2\/posts\/2784","targetHints":{"allow":["GET"]}}],"collection":[{"href":"https:\/\/revistaepocadigital.com.ar\/index.php?rest_route=\/wp\/v2\/posts"}],"about":[{"href":"https:\/\/revistaepocadigital.com.ar\/index.php?rest_route=\/wp\/v2\/types\/post"}],"author":[{"embeddable":true,"href":"https:\/\/revistaepocadigital.com.ar\/index.php?rest_route=\/wp\/v2\/users\/4"}],"replies":[{"embeddable":true,"href":"https:\/\/revistaepocadigital.com.ar\/index.php?rest_route=%2Fwp%2Fv2%2Fcomments&post=2784"}],"version-history":[{"count":0,"href":"https:\/\/revistaepocadigital.com.ar\/index.php?rest_route=\/wp\/v2\/posts\/2784\/revisions"}],"wp:featuredmedia":[{"embeddable":true,"href":"https:\/\/revistaepocadigital.com.ar\/index.php?rest_route=\/wp\/v2\/media\/2787"}],"wp:attachment":[{"href":"https:\/\/revistaepocadigital.com.ar\/index.php?rest_route=%2Fwp%2Fv2%2Fmedia&parent=2784"}],"wp:term":[{"taxonomy":"category","embeddable":true,"href":"https:\/\/revistaepocadigital.com.ar\/index.php?rest_route=%2Fwp%2Fv2%2Fcategories&post=2784"},{"taxonomy":"post_tag","embeddable":true,"href":"https:\/\/revistaepocadigital.com.ar\/index.php?rest_route=%2Fwp%2Fv2%2Ftags&post=2784"}],"curies":[{"name":"wp","href":"https:\/\/api.w.org\/{rel}","templated":true}]}}