{"id":27858,"date":"2024-12-30T03:00:21","date_gmt":"2024-12-30T06:00:21","guid":{"rendered":"https:\/\/revistaepocadigital.com.ar\/?p=27858"},"modified":"2024-12-30T03:06:53","modified_gmt":"2024-12-30T06:06:53","slug":"cromanon-a-20-anos-de-la-peor-tragedia-en-la-historia-del-rock","status":"publish","type":"post","link":"https:\/\/revistaepocadigital.com.ar\/?p=27858","title":{"rendered":"CROMA\u00d1\u00d3N.  A 20 A\u00d1OS DE LA PEOR TRAGEDIA"},"content":{"rendered":"<p>&nbsp;<\/p>\n<h4><b>Croma\u00f1\u00f3n y las secuelas que no se borrar\u00e1n nunca.<\/b><\/h4>\n<p><strong>El testimonio del periodista Daniel Meissner, por entonces en el diario La Naci\u00f3n, aquella noche del horror.<\/strong><!--more--><\/p>\n<p>&nbsp;<\/p>\n<p>El incendio, la devastadora tragedia, producida la noche del 30 de diciembre de 2004 en Rep\u00fablica Croma\u00f1\u00f3n, establecimiento ubicado en e<span style=\"color: #000000;\">l <a style=\"color: #000000;\" title=\"Once (Buenos Aires)\" href=\"https:\/\/es.wikipedia.org\/wiki\/Once_(Buenos_Aires)\">barrio de Once<\/a> <\/span>de Buenos Aires, en el marco de un recital de la banda d<span style=\"color: #000000;\">e<\/span><strong><span style=\"color: #000000;\">\u00a0<i><a style=\"color: #000000;\" title=\"Rock\" href=\"https:\/\/es.wikipedia.org\/wiki\/Rock\">rock<\/a><\/i><\/span>\u00a0<span style=\"color: #000000;\"><a style=\"color: #000000;\" title=\"Callejeros (banda)\" href=\"https:\/\/es.wikipedia.org\/wiki\/Callejeros_(banda)\">Callejeros<\/a>.<\/span><\/strong> El incendio provoc\u00f3 la peor tragedia mundial en la historia de la m\u00fasica de rock y una de las mayores tragedias no naturales en nuestro pa\u00eds.<\/p>\n<p><sup id=\"cite_ref-6\" class=\"reference separada\"><\/sup>\u200b El saldo fue de 194 muertos y al menos 1432 heridos, el tremendo episodio caus\u00f3 adem\u00e1s importantes cambios pol\u00edticos y culturales. Los familiares de los j\u00f3venes fallecidos y los supervivientes del incendio, conformaron un gran colectivo de movilizaci\u00f3n p\u00fablica y demanda de justicia, por las muertes y los da\u00f1os sufridos.<sup id=\"cite_ref-7\" class=\"reference separada\"><\/sup>\u200b<\/p>\n<p>En lo pol\u00edtico, l<span style=\"color: #000000;\">a\u00a0<a class=\"mw-redirect\" style=\"color: #000000;\" title=\"Legislatura de la Ciudad de Buenos Aires\" href=\"https:\/\/es.wikipedia.org\/wiki\/Legislatura_de_la_Ciudad_de_Buenos_Aires\">Legislatura de la Ciudad de Buenos Aires<\/a>\u00a0inici\u00f3 un\u00a0<a class=\"mw-redirect\" style=\"color: #000000;\" title=\"Juicio pol\u00edtico\" href=\"https:\/\/es.wikipedia.org\/wiki\/Juicio_pol%C3%ADtico\">juicio pol\u00edtico<\/a>\u00a0p<\/span>ara destituir al entonces<span style=\"color: #000000;\">\u00a0<a class=\"mw-redirect\" style=\"color: #000000;\" title=\"Anexo:Jefes de Gobierno de la Ciudad de Buenos Aires\" href=\"https:\/\/es.wikipedia.org\/wiki\/Anexo:Jefes_de_Gobierno_de_la_Ciudad_de_Buenos_Aires\">jefe de Gobierno<\/a>\u00a0<a style=\"color: #000000;\" title=\"An\u00edbal Ibarra\" href=\"https:\/\/es.wikipedia.org\/wiki\/An%C3%ADbal_Ibarra\">An\u00edbal Ibarra<\/a>\u00a0p<\/span>or considerarlo responsable pol\u00edtico de la tragedia. El enjuiciamiento termin\u00f3 con su destituci\u00f3n. Ibarra fue reemplazado por su vicejefe de Gobiern<span style=\"color: #000000;\">o,\u00a0<a style=\"color: #000000;\" title=\"Jorge Telerman\" href=\"https:\/\/es.wikipedia.org\/wiki\/Jorge_Telerman\">Jorge Telerman<\/a>.<\/span><\/p>\n<p>En cuanto a lo cultural, la tragedia concientiz\u00f3 a la sociedad sobre el estado de las discotecas y locales destinados a espect\u00e1culos musicales, adem\u00e1s de que provoc\u00f3 fuertes replanteos acerca de pr\u00e1cticas habituales y s\u00edmil\u00a0<span style=\"color: #000000;\"><a style=\"color: #000000;\" title=\"F\u00fatbol\" href=\"https:\/\/es.wikipedia.org\/wiki\/F%C3%BAtbol\">futboleras<\/a>, como el uso de\u00a0<a style=\"color: #000000;\" title=\"Bengala (pirotecnia)\" href=\"https:\/\/es.wikipedia.org\/wiki\/Bengala_(pirotecnia)\">bengalas<\/a>\u00a0y<\/span> la b\u00fasqueda de juntar el m\u00e1ximo posible de p\u00fablico. El Gobierno revis\u00f3 el estado de las discotecas y otros locales de baile, lo que result\u00f3 en la clausura de una gran cantidad de ellos. La tragedia de Croma\u00f1\u00f3n fue un evento altamente impactante en la historia del\u00a0<a title=\"Rock de Argentina\" href=\"https:\/\/es.wikipedia.org\/wiki\/Rock_de_Argentina\"><i>rock<\/i>\u00a0argentino<\/a>; cerr\u00f3 una etapa y dio paso a la\u00a0<span style=\"color: #000000;\"><a style=\"color: #000000;\" title=\"Rock de Argentina\" href=\"https:\/\/es.wikipedia.org\/wiki\/Rock_de_Argentina#Tragedia_de_Croma%C3%B1%C3%B3n_y_crisis_(2004-2016)\">era pos-Croma\u00f1\u00f3n del\u00a0<i>rock<\/i>\u00a0argentino<\/a>,<\/span> donde las tendencias de g\u00e9neros musicales, espacios de recitales, organizaci\u00f3n e infraestructura reflejaron los cambios surgidos a ra\u00edz del siniestro.<\/p>\n<p>Rep\u00fablica Croma\u00f1\u00f3n, tambi\u00e9n conocida como Rep\u00fablica Cromagn\u00f3n, fue un establecimiento donde se realizaban conciertos y eventos.<sup id=\"cite_ref-nombreinformal_8-0\" class=\"reference separada\"><a href=\"https:\/\/es.wikipedia.org\/wiki\/Tragedia_de_Croma%C3%B1%C3%B3n#cite_note-nombreinformal-8\">\u00a0<\/a><\/sup>Se encontraba en la calle Bartolom\u00e9 Mitre 3060\/3066\/3070, en el barrio de <a class=\"mw-redirect\" title=\"Balvanera (Buenos Aires)\" href=\"https:\/\/es.wikipedia.org\/wiki\/Balvanera_(Buenos_Aires)\"><span style=\"color: #000000;\">Balvanera<\/span><\/a>\u00a0de la ciudad de Buenos Aires. El lugar era administrado po<span style=\"color: #000000;\">r\u00a0<\/span><a title=\"Omar Chab\u00e1n\" href=\"https:\/\/es.wikipedia.org\/wiki\/Omar_Chab%C3%A1n\"><span style=\"color: #000000;\">Omar Chab\u00e1n<\/span><\/a>, y hab\u00eda sido inaugurado el 12 de abril de 2004 con un recital de la misma banda que tocar\u00eda el d\u00eda del incendio: Callejeros. <sup id=\"cite_ref-inauguracion_9-0\" class=\"reference separada\"><\/sup>\u200bChab\u00e1n fue una figura muy importante para el desarrollo del\u00a0<span style=\"color: #000000;\"><a style=\"color: #000000;\" title=\"Rock de Argentina\" href=\"https:\/\/es.wikipedia.org\/wiki\/Rock_de_Argentina\"><i>rock<\/i>\u00a0argentino<\/a><\/span>\u00a0de finales del siglo\u00a0XX, ya que dos lugares emblem\u00e1ticos<sup id=\"cite_ref-10\" class=\"reference separada\"><\/sup>\u200b de<em><span style=\"color: #000000;\">l\u00a0<a style=\"color: #000000;\" title=\"Cultura underground\" href=\"https:\/\/es.wikipedia.org\/wiki\/Cultura_underground\">under<\/a>\u00a0<\/span><\/em>de la \u00e9poca, Caf\u00e9 Einstein (que funcion\u00f3 durante la primera mitad de los a\u00f1os ochenta) y<span style=\"color: #000000;\">\u00a0<a style=\"color: #000000;\" title=\"Cemento (discoteca)\" href=\"https:\/\/es.wikipedia.org\/wiki\/Cemento_(discoteca)\">Cemento<\/a>,<\/span> eran de su propiedad.<\/p>\n<p><strong>COMO RECORD\u00d3 AQUELLA NOCHE EL PERIODISTA DANIEL MEISSNER<\/strong><\/p>\n<p><strong><em>&#8220;Una jornada inolvidable, pero igual de triste y desesperante, que jam\u00e1s<\/em> pudimos <em>olvidar en nuestras vidas&#8221;. <\/em><\/strong><\/p>\n<div class=\"I_ZkbNhI D_FY W_6D6F\" data-test-id=\"message-view-body\">\n<div class=\"msg-body P_wpofO mq_AS\" data-test-id=\"message-view-body-content\">\n<div class=\"jb_0 X_6MGW N_6Fd5\">\n<div id=\"yiv5743582466\">\n<div class=\"yiv5743582466yahoo-signature\">\n<div>Esta imagen fue tomada hace exactamente 20 a\u00f1os, la noche del 30 de diciembre de 2004.<\/div>\n<div><img loading=\"lazy\" decoding=\"async\" class=\"aligncenter size-full wp-image-27860\" src=\"https:\/\/revistaepocadigital.com.ar\/wp-content\/uploads\/2024\/12\/meisne-croma.jpeg\" alt=\"\" width=\"614\" height=\"451\" srcset=\"https:\/\/revistaepocadigital.com.ar\/wp-content\/uploads\/2024\/12\/meisne-croma.jpeg 614w, https:\/\/revistaepocadigital.com.ar\/wp-content\/uploads\/2024\/12\/meisne-croma-300x220.jpeg 300w, https:\/\/revistaepocadigital.com.ar\/wp-content\/uploads\/2024\/12\/meisne-croma-80x60.jpeg 80w, https:\/\/revistaepocadigital.com.ar\/wp-content\/uploads\/2024\/12\/meisne-croma-572x420.jpeg 572w\" sizes=\"auto, (max-width: 614px) 100vw, 614px\" \/><\/div>\n<div><\/div>\n<div>El relato de Meissner (foto, tercero de izq. a der.):<\/div>\n<div><\/div>\n<div>C<em>omo al d\u00eda siguiente (31\/12) no se trabajaba, est\u00e1bamos celebrando el Fin de A\u00f1o en la secci\u00f3n Deportes del diario La Naci\u00f3n. Dese\u00e1ndonos lo mejor para cuando, apenas 48 horas despu\u00e9s, volvi\u00e9ramos a encontrarnos. Hab\u00edamos cerrado temprano esa edici\u00f3n y entonces, poco despu\u00e9s de este brindis, periodistas y diagramadores, comenzaron a irse a sus casas. Tal nuestra bohemia costumbre de trasnochar en el edificio de la calle Bouchard hasta la madrugada, con la idea de ir a jugar al pool a Los 36 Billares, s\u00f3lo Tito Travaglini (abajo, con remera naranja y blanca) y yo (tercero desde la izquierda, con un vaso de cerveza en la mano) nos quedamos en el edificio.\u00a0<\/em><\/div>\n<div><\/div>\n<p><em>A los pocos minutos, desde la TV apareci\u00f3 una noticia de \u00faltimo momento: &#8220;Un muerto en una bailanta&#8221;, seg\u00fan dispar\u00f3 la se\u00f1al de cable Cr\u00f3nica. Al poco tiempo se habl\u00f3 de siete muertos, luego de 12 y al rato de 20. Est\u00e1bamos en presencia de una tragedia. Ya no se hablaba de &#8220;bailanta&#8221; sino de &#8220;recital de rock&#8221;. Tito y yo no sal\u00edamos de nuestro asombro. Los fallecidos se multiplicaban como hormigas en cada informe. Desde la guardia central de la redacci\u00f3n nos divisaron y preguntaron si uno pod\u00eda ir al lugar a pasar un informe y el otro, quedarse a recepcionar las noticias y armar las notas para una hipot\u00e9tica segunda edici\u00f3n. Tito sali\u00f3 disparado hacia Once y yo me acomod\u00e9 para empezar a trabajar de nuevo, como si fueran las tres de la tarde.<\/em><\/p>\n<\/div>\n<div>\n<figure id=\"attachment_27864\" aria-describedby=\"caption-attachment-27864\" style=\"width: 150px\" class=\"wp-caption alignleft\"><img loading=\"lazy\" decoding=\"async\" class=\"size-thumbnail wp-image-27864\" src=\"https:\/\/revistaepocadigital.com.ar\/wp-content\/uploads\/2024\/12\/meisss-150x150.jpg\" alt=\"\" width=\"150\" height=\"150\" \/><figcaption id=\"caption-attachment-27864\" class=\"wp-caption-text\">Daniel Meissner.<\/figcaption><\/figure>\n<\/div>\n<div class=\"yiv5743582466yahoo-signature\"><em>As\u00ed vivimos la tragedia de Croma\u00f1\u00f3n. Dejando nuestra impronta sin siquiera so\u00f1ar lo que nos estaba deparando esa noche. En un momento, Tito apareci\u00f3 en la TV con su Movicom en la mano, gambeteando cuerpos desparramados y repitiendo con voz temblorosa a cada rato: &#8220;Dani, nunca vi algo parecido a esto, ac\u00e1 parece que hubo una guerra&#8221;. Yo segu\u00eda escribiendo. Lleg\u00f3 la hora del cierre de la segunda edici\u00f3n y el n\u00famero de fallecidos continuaba. Nos quedamos trabajando y tras una decisi\u00f3n improvisada entre los pocos secretarios que quedaban en el directorio y que nunca se destacaron por reaccionar r\u00e1pidamente, hubo (por \u00faltima vez en el diario) tercera edici\u00f3n.<\/em><\/div>\n<div><\/div>\n<div class=\"yiv5743582466yahoo-signature\"><em> El d\u00eda de descanso siguiente ya permiti\u00f3 que en 48 horas se elaborara algo m\u00e1s concreto, certero y aclaratorio para que pudiera leerse en el diario del 2 de enero. Pero Tito y yo, sin saberlo cuando ingresamos aquella tarde a nuestro trabajo, hab\u00edamos tenido la madrugada m\u00e1s agitada de nuestras carreras period\u00edsticas, dando por concluida la labor con la llegada del sol. Una jornada inolvidable, pero igual de triste y desesperante, que jam\u00e1s<\/em> pudimos olvidar en nuestras vidas. La de Tito se apag\u00f3 en 2020 y la m\u00eda transcurre ya con mayor tranquilidad, lejos de esa vor\u00e1gine que nos manten\u00eda alertas las 24 horas sin importar el lugar del mundo que estuvi\u00e9semos habitando en ese momento&#8230;<\/div>\n<\/div>\n<\/div>\n<\/div>\n<\/div>\n<div class=\"H_7jIs D_F ab_C Q_69H5 E_36RhU\" data-test-id=\"toolbar-hover-area\">\n<div class=\"D_F W_6D6F r_BN gl_C\" data-test-id=\"card-toolbar\">\n<div class=\"D_F ab_C en_0 b_Z14vXdP e_3mS2U I_ZkbNhI P_Z1otBpf\">\n<ul class=\"hd_n P_0 H_6D6F M_0 ir3_0 iy_h A_6EqO c1AVi73_6FsP D_F ab_C\" tabindex=\"-1\" role=\"menubar\" data-test-id=\"navigable-list\">\n<li class=\"G_e p_R\" role=\"menuitem\"><\/li>\n<li class=\"G_e p_R\" role=\"menuitem\">Foto gentileza: Roberto Fiadone.<\/li>\n<\/ul>\n<\/div>\n<\/div>\n<\/div>\n","protected":false},"excerpt":{"rendered":"<p>&nbsp; Croma\u00f1\u00f3n y las secuelas que no se borrar\u00e1n nunca. El testimonio del periodista Daniel Meissner, por entonces en el diario La Naci\u00f3n, aquella noche del horror.<\/p>\n","protected":false},"author":4,"featured_media":0,"comment_status":"open","ping_status":"open","sticky":false,"template":"","format":"standard","meta":{"footnotes":"","jetpack_publicize_message":"","jetpack_publicize_feature_enabled":true,"jetpack_social_post_already_shared":true,"jetpack_social_options":{"image_generator_settings":{"template":"highway","default_image_id":0,"font":"","enabled":false},"version":2}},"categories":[13],"tags":[2985,2984,1942],"class_list":["post-27858","post","type-post","status-publish","format-standard","hentry","category-interes-general","tag-20-anos","tag-cromanon","tag-meissner"],"jetpack_publicize_connections":[],"jetpack_featured_media_url":"","jetpack_likes_enabled":true,"_links":{"self":[{"href":"https:\/\/revistaepocadigital.com.ar\/index.php?rest_route=\/wp\/v2\/posts\/27858","targetHints":{"allow":["GET"]}}],"collection":[{"href":"https:\/\/revistaepocadigital.com.ar\/index.php?rest_route=\/wp\/v2\/posts"}],"about":[{"href":"https:\/\/revistaepocadigital.com.ar\/index.php?rest_route=\/wp\/v2\/types\/post"}],"author":[{"embeddable":true,"href":"https:\/\/revistaepocadigital.com.ar\/index.php?rest_route=\/wp\/v2\/users\/4"}],"replies":[{"embeddable":true,"href":"https:\/\/revistaepocadigital.com.ar\/index.php?rest_route=%2Fwp%2Fv2%2Fcomments&post=27858"}],"version-history":[{"count":0,"href":"https:\/\/revistaepocadigital.com.ar\/index.php?rest_route=\/wp\/v2\/posts\/27858\/revisions"}],"wp:attachment":[{"href":"https:\/\/revistaepocadigital.com.ar\/index.php?rest_route=%2Fwp%2Fv2%2Fmedia&parent=27858"}],"wp:term":[{"taxonomy":"category","embeddable":true,"href":"https:\/\/revistaepocadigital.com.ar\/index.php?rest_route=%2Fwp%2Fv2%2Fcategories&post=27858"},{"taxonomy":"post_tag","embeddable":true,"href":"https:\/\/revistaepocadigital.com.ar\/index.php?rest_route=%2Fwp%2Fv2%2Ftags&post=27858"}],"curies":[{"name":"wp","href":"https:\/\/api.w.org\/{rel}","templated":true}]}}