{"id":27883,"date":"2025-01-02T12:10:54","date_gmt":"2025-01-02T15:10:54","guid":{"rendered":"https:\/\/revistaepocadigital.com.ar\/?p=27883"},"modified":"2025-01-02T12:10:55","modified_gmt":"2025-01-02T15:10:55","slug":"dakar-2025-el-exaltacrucense-augusto-sanz-en-el-alto-nivel","status":"publish","type":"post","link":"https:\/\/revistaepocadigital.com.ar\/?p=27883","title":{"rendered":"Dakar 2025. El exaltacrucense Augusto Sanz en el alto nivel"},"content":{"rendered":"<div class=\"wire-template-full\" data-form=\"wire-template-full\">\n<div id=\"wire-result\" class=\"menu-panels panel-group\">\n<div class=\"panel second-expansion-panel\">\n<div id=\"panel-wire-result\" class=\"tools-panel-collapse tools-panel-comment width collapse in\" aria-expanded=\"true\" data-form=\"second-panel-wire\">\n<div id=\"wire-detail-div\" class=\"tools-panel list-comment\" data-tools-bar=\"commments\">\n<h5 class=\"detail-header\" data-form=\"headerDetail\"><strong>LOS TIEMPOS HAN CAMBIADO, LO AFRONTAN MUCHOS MENOS QUE EN AQUELLAS IMBORRABLES EDICIONES SUDAMERICANAS. PERO EST\u00c1N.<\/strong><\/h5>\n<h5 data-form=\"headerDetail\"><span style=\"color: #ff0000;\"><strong>Y ENTRE LOS QUE EST\u00c1N, SE ENCUENTRA NUEVAMENTE AUGUSTO SANZ. EL JOVEN VECINO DE PARADA ROBLES, QUIEN COMO UNA RATIFICACI\u00d3N DE SU CRECIMIENTO EN EL RALLY RAID MUNDIAL, FUE CONVOCADO PARA OFICIAR COMO NAVEGANTE DE\u00a0<em>Ahmed Alkuwari, uno de los integrantes del poderoso equipo de Nasser Al-Attiyah, uno de los hist\u00f3ricos del Dakar, varias veces ganador.<\/em><\/strong><\/span><\/h5>\n<\/div>\n<\/div>\n<\/div>\n<\/div>\n<\/div>\n<p>&nbsp;<\/p>\n<p><iframe loading=\"lazy\" title=\"Dakar 2023 I Augusto Sanz, el bombero que se enter\u00f3 a \u00faltimo momento que corr\u00eda el Dakar\" width=\"696\" height=\"392\" src=\"https:\/\/www.youtube.com\/embed\/yrcEPY8BDxA?feature=oembed\" frameborder=\"0\" allow=\"accelerometer; autoplay; clipboard-write; encrypted-media; gyroscope; picture-in-picture; web-share\" referrerpolicy=\"strict-origin-when-cross-origin\" allowfullscreen><\/iframe><\/p>\n<p>&nbsp;<\/p>\n<div class=\"wire-template-full\" data-form=\"wire-template-full\">\n<div id=\"wire-result\" class=\"menu-panels panel-group\">\n<div class=\"panel second-expansion-panel\">\n<div id=\"panel-wire-result\" class=\"tools-panel-collapse tools-panel-comment width collapse in\" aria-expanded=\"true\" data-form=\"second-panel-wire\">\n<div id=\"wire-detail-div\" class=\"tools-panel list-comment\" data-tools-bar=\"commments\">\n<p><strong>El piloto\/navegante de Parada Robles, partido de Exaltaci\u00f3n de la Cruz, provincia de Buenos\u00a0 Aires, lleg\u00f3 a Arabia Saudita el \u00faltimo d\u00eda del a\u00f1o 2024, y se alist\u00f3 para competir en la 47ma edici\u00f3n del Dakar.<\/strong><\/p>\n<p><strong>En esta oportunidad Sanz, de tan solo 28 a\u00f1os, oficia como navegante del qatar\u00ed Ahmed Fahad Al-Kuwari, conformando binomio dentro del Nasser Racing, propiedad del multi-campe\u00f3n Nasser Al Attiyah -que llev\u00f3 su escuder\u00eda a Arabia Saudita- y que adem\u00e1s cuenta con el apoyo de la Federaci\u00f3n de Motociclismo y Automovilismo de dicho pa\u00eds.<\/strong><br \/>\n<strong>Sanz dijo \u201ces un nuevo Dakar y llegamos bien preparados con muchas carreras encima.<\/strong><br \/>\n<strong>Pude disputar el Campeonato del Mundo de Rally Raid completo, el World Rally-Raid Championship, y el campeonato chileno junto al trasandino Juan Ignacio del Rio.<\/strong><br \/>\n<strong>Toda esa experiencia suma para llegar mejor para encarar el Dakar 2025&#8243;.<\/strong><\/p>\n<p><strong>Sanz es un piloto experimentado. Corri\u00f3 la edici\u00f3n del Rally Dakar 2022 con el portugu\u00e9s Porem, en el equipo oficial Yamaha donde lograron un triunfo en la 11ma etapa, al a\u00f1o siguiente repitieron en el equipo franc\u00e9s MMP y tambi\u00e9n culminaron la competencia.<\/strong><\/p>\n<h5 class=\"detail-header\" data-form=\"headerDetail\"><!--more--><\/h5>\n<div class=\"detail-scroll\">\n<p class=\"wire-detail\" data-form=\"wire-detail\">El Dakar 2025 en forma. Comienzo: 3 de enero en Arabia Saudita, la carrera m\u00e1s exigente del mundo arranca con la participaci\u00f3n de 27 argentinos entre pilotos y navegantes.<\/p>\n<p class=\"wire-detail\" data-form=\"wire-detail\">Entre los argentinos, los renombrados Kevin y Luciano Benavides, Nicol\u00e1s Cavigliasso y Manuel And\u00fajar, como todos con la mente puesta en cumplir los objetivos, y ganar claro inclu\u00eddo.\u00a0 Una carrera presentada como desafiante que nunca.<\/p>\n<p class=\"wire-detail\" data-form=\"wire-detail\">La 47 edici\u00f3n, primera fecha del Campeonato Mundial de Rally (W2RC), los hermanos Benavides encabezan la representaci\u00f3n en la categor\u00eda Motos RallyGP, ambos del poderoso Red Bull KTM Factory Team. Kevin, quien se recupera de un accidente grave, y Luciano, tras su debut en el Rally de Marruecos, las de las principales cartas argentinas.<\/p>\n<p class=\"wire-detail\" data-form=\"wire-detail\">En tanto, el neuquino Juan Santiago Rostan compite en la categor\u00eda Rally2, mientras que Benjam\u00edn Pascual con una innovadora moto el\u00e9ctrica del Segway Rally Team.<\/p>\n<p class=\"wire-detail\" data-form=\"wire-detail\">En la categor\u00eda Autos Ultimate, Juan Cruz Yacopini, el \u00fanico piloto argentino y en su quinta presencia, aunque cueste creer apenas un s\u00f3lo de los nuestros en Autos, si la mirada se fija en a\u00f1os de Dakar pasados. Conduce una Toyota Hilux junto a su navegante espa\u00f1ol Dani Olveras. La categor\u00eda Challenger cuenta con el destacado Nicol\u00e1s Cavigliasso y su esposa Valentina Pertegarini, campeona mundial en navegaci\u00f3n. Tambi\u00e9n se suman David Zille y Sebasti\u00e1n Cesana, adem\u00e1s de<strong> varios navegantes argentinos como el caso del vecino de Exaltaci\u00f3n de la Cruz, Augusto Sanz, en el Nasser Racing de uno de los grandes del Dakar, Nasser Al-Attiyah, que acompa\u00f1ar\u00e1n a pilotos internacionales.<\/strong><\/p>\n<p class=\"wire-detail\" data-form=\"wire-detail\">En la divisi\u00f3n Side by Side, Manuel And\u00fajar, dos veces campe\u00f3n en cuatriciclos, corre junto a Bernardo Graue. Adem\u00e1s, largan Jerem\u00edas Gonz\u00e1lez Ferioli y Fernando Acosta, quien llega como campe\u00f3n mundial de navegantes. Y en la categor\u00eda Dakar Classic, los Jorge y Crist\u00f3bal P\u00e9rez Companc conducen veh\u00edculos hist\u00f3ricos.<\/p>\n<p class=\"wire-detail\" data-form=\"wire-detail\">Un recorrido de casi ocho mil kil\u00f3metros divididos en 12 etapas, la sexta edici\u00f3n consecutiva en Arabia Saudita, asoma como la m\u00e1s extrema en Medio Oriente. \u00bfCu\u00e1ntos de la totalidad de participantes de pa\u00edses del mundo, arribar\u00e1n al final el 17 de enero?<\/p>\n<h6 class=\"wire-detail\" data-form=\"wire-detail\"><strong>LOS ARGENTINOS<\/strong><br \/>\nMotos:<br \/>\n#47 &#8211; Kevin Benavides (RED BULL KTM FACTORY RACING)<br \/>\n#49 &#8211; Juan Santiago Rostan (XRAIDS EXPERIENCE)<br \/>\n#77 &#8211; Luciano Benavides (RED BULL KTM FACTORY RACING)<br \/>\n#1000 &#8211; Benjam\u00edn Pascual (SEGWAY TEAM), Dakar Future, moto el\u00e9ctrica<br \/>\nAutos:<br \/>\n#216 &#8211; Juan Cruz Yacopini (OVERDRIVE RACING)<br \/>\nChallenger:<br \/>\n#301 &#8211; Nicol\u00e1s Cavigliasso \/ Valentina Pertegarini (TEAM BBR)<br \/>\n#304 &#8211; Lisandro Ezequiel Sisterna Herrera (Navegante de Pau Navarro) (TEAM BBR)<br \/>\n#308 &#8211; David Zille \/ Sebastian Cesana (DAKLAPACK RALLYSPORT &#8211; ZILLE RALLY)<br \/>\n#314 &#8211; Facundo Jaton (Navegante de Xavier Foj) (FOJ MOTORSPORT)<br \/>\n#323 &#8211; Gast\u00f3n Ariel Mattarucco (Navegante de Javier V\u00e9lez) (ADT MOTOWEAR DRINK PERS\u00c9)<br \/>\n#326 &#8211; Bruno Jacomy (Navegante de Khalifa Al-Attiya) (NASSER RACING)<br \/>\n<em><strong>#330 &#8211; Augusto Sanz (Navegante de Ahmed Alkuwari) (NASSER RACING)<\/strong><\/em><br \/>\nSSV:<br \/>\n#401 &#8211; Fernando Mat\u00edas Acosta (Navegante de Sebasti\u00e1n Guayasam\u00edn) (BE RACING)<br \/>\n#407 &#8211; Jerem\u00edas Gonz\u00e1lez Ferioli \/ Pedro Gonzalo Rinaldi (CANAM FACTORY TEAM)<br \/>\n#408 &#8211; Diego Mart\u00ednez (SOUTH RACING CAN-AM)<br \/>\n#413 &#8211; Manuel And\u00fajar \/ Bernardo Graue (SOUTH RACING CAN-AM)<br \/>\n#415 &#8211; Anuar Osman (Navegante de Fidel Castillo) (BUJARKAYMAKARTHY RACING)<br \/>\n#417 &#8211; Santiago Hansen (Navegante de Pablo Copetti) (MMP)<br \/>\nClassic:<br \/>\n#745 &#8211; Jorge P\u00e9rez Companc \/ Crist\u00f3bal P\u00e9rez Companc (TH-TRUCKS TEAM MADPANDA)<br \/>\n#919 &#8211; Pablo Alejandro Jat\u00f3n \/ Ariel Jat\u00f3n \/ Renato Delmastro (DONERRE SUSPENSION TEAM)<\/h6>\n<\/div>\n<\/div>\n<\/div>\n<p>&nbsp;<\/p>\n<p><strong><em>Desde Marcos Patronelli hasta Manuel And\u00fajar, una lista de selectos corredores de la competencia m\u00e1s dura del planeta qued\u00f3 inmortalizada al lado de leyendas de la competencia que disputar\u00e1 su edici\u00f3n 47 sobre suelo saud\u00ed.<\/em><\/strong><\/p>\n<\/div>\n<\/div>\n<p>&nbsp;<\/p>\n<h1>La decisi\u00f3n dur\u00edsima para los argentinos: no corren cuatriciclos en 2025<\/h1>\n<p>La reconocida competencia comunic\u00f3 en redes sociales que &#8220;no contar\u00e1 con una carrera de quad&#8221; el pr\u00f3ximo a\u00f1o. En la \u00faltima edici\u00f3n, la gan\u00f3 el argentino Manuel And\u00fajar.<\/p>\n<div class=\"containerGrid\">\n<div class=\"col6 author\"><\/div>\n<div class=\"col6 shareBar\"><\/div>\n<\/div>\n<figure><img loading=\"lazy\" decoding=\"async\" class=\"mainImg r16x9\" title=\"Manuel And\u00fajar\" src=\"https:\/\/media.tycsports.com\/files\/2024\/01\/19\/665983\/manuel-andujar_416x234.webp?v=1\" srcset=\"https:\/\/media.tycsports.com\/files\/2024\/01\/19\/665983\/manuel-andujar_416x234.webp?v=1 960w,https:\/\/media.tycsports.com\/files\/2024\/01\/19\/665983\/manuel-andujar_862x485.webp?v=1 1024w\" alt=\"Manuel And\u00fajar\" width=\"416\" height=\"234\" \/><figcaption>El argentino Manuel And\u00fajar arriba de su cuatriciclo, campe\u00f3n del Dakar 2024.<\/figcaption><\/figure>\n<p>A pocos meses de haber tenido lugar la edici\u00f3n de este a\u00f1o,\u00a0<b>el Rally Dakar anunci\u00f3 v\u00eda redes sociales que para el 2025 no habr\u00e1 cuatriciclos<\/b>. Decisi\u00f3n dur\u00edsima para los competidores argentinos, ya que\u00a0<b>es la categor\u00eda que m\u00e1s consagraciones le aport\u00f3 al pa\u00eds.\u00a0<\/b>Manuel And\u00fajar, el \u00faltimo en levantar el trofeo en los qads.<\/p>\n<div class=\"alsoReadContainer\">\n<h2 class=\"alsoReadText\">Ganadores del Rally Dakar 2024: todos los resultados de las categor\u00edas<\/h2>\n<\/div>\n<p><i><b>&#8220;Despu\u00e9s de m\u00e1s de 30 a\u00f1os como parte de la familia, el #Dakar2025 no contar\u00e1 con una carrera de quad.\u00a0<\/b>Nos gustar\u00eda dar las gracias y felicitar a todos los competidores que han formado parte de esta aventura.\u00a0<b>El Dakar se centrar\u00e1 ahora en la categor\u00eda de motocicletas muy popular.\u00a0<\/b>Vamos a trabajar duro para afinar el procedimiento de selecci\u00f3n y mejorar la seguridad de los pilotos&#8221;<\/i>, expresa el comunicado del Dakar en redes sociales.<\/p>\n<figure class=\"imgContain\"><img decoding=\"async\" class=\"mainImg\" title=\"dakar posteo\" src=\"https:\/\/media.tycsports.com\/files\/2024\/04\/04\/699140\/dakar-posteo_w862.webp\" alt=\"dakar posteo\" data-src=\"https:\/\/media.tycsports.com\/files\/2024\/04\/04\/699140\/dakar-posteo_w862.webp\" \/><\/figure>\n<p>Desde su aparici\u00f3n en 2009 (cuando la carrera se mud\u00f3 de \u00c1frica a Sudam\u00e9rica), hubo\u00a0<b>ocho t\u00edtulos argentinos en cuatriciclos<\/b>: Marcos\u00a0<b>Patronelli\u00a0<\/b>(2010, 2013 y 2016), Alejandro\u00a0<b>Patronelli\u00a0<\/b>(2011 y 2012), Nicol\u00e1s\u00a0<b>Cavigliasso\u00a0<\/b>(2019) y Manuel\u00a0<b>And\u00fajar\u00a0<\/b>(2021 y 2024, ambos ya en Arabia Saudita).<b>\u00a0Es la categor\u00eda que m\u00e1s consagraciones le aport\u00f3 al pa\u00eds en el Dakar<\/b>, completado por otras dos de Kevin Benavides en motos (2021 y 2023).<\/p>\n<p>&nbsp;<\/p>\n<p><img loading=\"lazy\" decoding=\"async\" class=\"videoPlayerImg r16x9\" title=\"(VIDEO) La emoci\u00f3n de Manuel And\u00fajar tras ganar el Rally Dakar 2024 en la categor\u00eda cuatriciclos\" src=\"https:\/\/media.tycsports.com\/files\/2024\/01\/19\/666019\/video-la-emocion-de-manuel-andujar-tras-ganar-el-rally-dakar-2024-en-la-categoria-cuatriciclos_416x234.webp\" srcset=\"https:\/\/media.tycsports.com\/files\/2024\/01\/19\/666019\/video-la-emocion-de-manuel-andujar-tras-ganar-el-rally-dakar-2024-en-la-categoria-cuatriciclos_416x234.webp 960w,https:\/\/media.tycsports.com\/files\/2024\/01\/19\/666019\/video-la-emocion-de-manuel-andujar-tras-ganar-el-rally-dakar-2024-en-la-categoria-cuatriciclos_862x485.webp 1024w\" alt=\"(VIDEO) La emoci\u00f3n de Manuel And\u00fajar tras ganar el Rally Dakar 2024 en la categor\u00eda cuatriciclos\" width=\"416\" height=\"234\" data-src=\"https:\/\/media.tycsports.com\/files\/2024\/01\/19\/666019\/video-la-emocion-de-manuel-andujar-tras-ganar-el-rally-dakar-2024-en-la-categoria-cuatriciclos_416x234.webp\" data-srcset=\"https:\/\/media.tycsports.com\/files\/2024\/01\/19\/666019\/video-la-emocion-de-manuel-andujar-tras-ganar-el-rally-dakar-2024-en-la-categoria-cuatriciclos_416x234.webp 960w,https:\/\/media.tycsports.com\/files\/2024\/01\/19\/666019\/video-la-emocion-de-manuel-andujar-tras-ganar-el-rally-dakar-2024-en-la-categoria-cuatriciclos_862x485.webp 1024w\" \/><\/p>\n<p>El argentino\u00a0<b>Manuel And\u00fajar se coron\u00f3 campe\u00f3n del Rally Dakar 2024 de Arabia Saudita en la categor\u00eda de cuatriciclos<\/b>. El bonaerense consigui\u00f3 su segundo t\u00edtulo en la competencia, luego de haber finalizado la \u00faltima etapa como escolta del franc\u00e9s Alexandre Giroud.<\/p>\n<p><b>El piloto de Yamaha corri\u00f3 completos los 7.891 kil\u00f3metros de la prueba en un tiempo de 64 horas, 16 minutos, 53 segundos<\/b>, lo que le permiti\u00f3 reponerse de los abandonos de las \u00faltimas dos ediciones y repetir lo conseguido en el 2021. Tras sacar una diferencia de 7m.59s. a su favor, el podio lo completaron Giroud y el eslovaco Juraj Varga, ambos corredores de la misma escuder\u00eda.<\/p>\n<div id=\"video-genoa-666019\" class=\"videoPlayer genoa-async\" data-contentid=\"1566117\" data-share=\"https:\/\/www.tycsports.com\/automovilismo\/dakar-decision-durisima-para-argentinos-no-habra-cuatriciclos-en-2025-id575561.html\">\n<h3 class=\"videoTextTitle\"><\/h3>\n<\/div>\n<\/div>\n","protected":false},"excerpt":{"rendered":"<p>LOS TIEMPOS HAN CAMBIADO, LO AFRONTAN MUCHOS MENOS QUE EN AQUELLAS IMBORRABLES EDICIONES SUDAMERICANAS. PERO EST\u00c1N. Y ENTRE LOS QUE EST\u00c1N, SE ENCUENTRA NUEVAMENTE AUGUSTO SANZ. EL JOVEN VECINO DE PARADA ROBLES, QUIEN COMO UNA RATIFICACI\u00d3N DE SU CRECIMIENTO EN EL RALLY RAID MUNDIAL, FUE CONVOCADO PARA OFICIAR COMO NAVEGANTE DE\u00a0Ahmed Alkuwari, uno de los [&hellip;]<\/p>\n","protected":false},"author":4,"featured_media":27888,"comment_status":"open","ping_status":"open","sticky":false,"template":"","format":"standard","meta":{"footnotes":"","jetpack_publicize_message":"","jetpack_publicize_feature_enabled":true,"jetpack_social_post_already_shared":true,"jetpack_social_options":{"image_generator_settings":{"template":"highway","default_image_id":0,"font":"","enabled":false},"version":2}},"categories":[9,13],"tags":[2989,2171],"class_list":["post-27883","post","type-post","status-publish","format-standard","has-post-thumbnail","hentry","category-deportes","category-interes-general","tag-dakar-25","tag-sanz"],"jetpack_publicize_connections":[],"jetpack_featured_media_url":"https:\/\/revistaepocadigital.com.ar\/wp-content\/uploads\/2025\/01\/sanz.webp","jetpack_likes_enabled":true,"_links":{"self":[{"href":"https:\/\/revistaepocadigital.com.ar\/index.php?rest_route=\/wp\/v2\/posts\/27883","targetHints":{"allow":["GET"]}}],"collection":[{"href":"https:\/\/revistaepocadigital.com.ar\/index.php?rest_route=\/wp\/v2\/posts"}],"about":[{"href":"https:\/\/revistaepocadigital.com.ar\/index.php?rest_route=\/wp\/v2\/types\/post"}],"author":[{"embeddable":true,"href":"https:\/\/revistaepocadigital.com.ar\/index.php?rest_route=\/wp\/v2\/users\/4"}],"replies":[{"embeddable":true,"href":"https:\/\/revistaepocadigital.com.ar\/index.php?rest_route=%2Fwp%2Fv2%2Fcomments&post=27883"}],"version-history":[{"count":0,"href":"https:\/\/revistaepocadigital.com.ar\/index.php?rest_route=\/wp\/v2\/posts\/27883\/revisions"}],"wp:featuredmedia":[{"embeddable":true,"href":"https:\/\/revistaepocadigital.com.ar\/index.php?rest_route=\/wp\/v2\/media\/27888"}],"wp:attachment":[{"href":"https:\/\/revistaepocadigital.com.ar\/index.php?rest_route=%2Fwp%2Fv2%2Fmedia&parent=27883"}],"wp:term":[{"taxonomy":"category","embeddable":true,"href":"https:\/\/revistaepocadigital.com.ar\/index.php?rest_route=%2Fwp%2Fv2%2Fcategories&post=27883"},{"taxonomy":"post_tag","embeddable":true,"href":"https:\/\/revistaepocadigital.com.ar\/index.php?rest_route=%2Fwp%2Fv2%2Ftags&post=27883"}],"curies":[{"name":"wp","href":"https:\/\/api.w.org\/{rel}","templated":true}]}}