{"id":27922,"date":"2025-01-05T13:45:44","date_gmt":"2025-01-05T16:45:44","guid":{"rendered":"https:\/\/revistaepocadigital.com.ar\/?p=27922"},"modified":"2025-01-05T13:46:42","modified_gmt":"2025-01-05T16:46:42","slug":"eric-clapton-y-rod-stewart-dos-grandes-en-serio","status":"publish","type":"post","link":"https:\/\/revistaepocadigital.com.ar\/?p=27922","title":{"rendered":"Eric Clapton y Rod Stewart. Dos Grandes en serio"},"content":{"rendered":"<p><strong>LA AMISTAD<\/strong>.<!--more--><\/p>\n<p>Entre Eric Clapton y Rod Stewart es un v\u00ednculo que se ha mantenido fuerte a lo largo de d\u00e9cadas, forjado en el ambiente del rock y el blues, pero tambi\u00e9n marcado por el respeto mutuo y las experiencias compartidas en sus carreras.<\/p>\n<p>Se conocieron a finales de los a\u00f1os 60, cuando ambos estaban comenzando a destacar en la escena musical brit\u00e1nica. Rod Stewart ya estaba ganando notoriedad con The Faces y su carrera en solitario, mientras Clapton, tras sus \u00e9xitos con The Yardbirds y Cream, se consolidaba como uno de los mejores guitarristas de su generaci\u00f3n. A pesar de sus diferentes estilos \u2014Rod m\u00e1s inclinado al rock con tintes de soul, y Eric al blues\u2014 encontraron una conexi\u00f3n a trav\u00e9s de la m\u00fasica y una actitud desenfadada hacia la vida.<\/p>\n<p>En los a\u00f1os 70, cuando ambos alcanzaron la fama global, compartieron muchas noches \u00e9picas, entre fiestas y colaboraciones espont\u00e1neas. Su amistad estaba marcada por una mezcla de admiraci\u00f3n profesional y bromas constantes. Rod, conocido por su sentido del humor, sol\u00eda decir en tono de broma que Clapton tocaba la guitarra como si fuera f\u00e1cil, y Clapton respond\u00eda que Rod cantaba como si hubiera nacido para eso.<\/p>\n<p>Un momento significativo de su amistad ocurri\u00f3 cuando Clapton, enfrentando problemas personales y luchando contra la adicci\u00f3n, encontr\u00f3 en Rod un apoyo discreto pero genuino. Aunque Rod no era alguien que diera grandes discursos, le ofrec\u00eda su compa\u00f1\u00eda, haciendo que Clapton se sintiera comprendido en momentos dif\u00edciles. Ambos pasaron por momentos complicados en sus vidas, y esa experiencia compartida fortaleci\u00f3 su lazo.<\/p>\n<p>En lo musical, aunque no colaboraron extensamente en grabaciones, su respeto mutuo qued\u00f3 demostrado en numerosas ocasiones. En 1983, Clapton y Stewart compartieron escenario en el concierto ben\u00e9fico ARMS (Action into Research for Multiple Sclerosis), donde Eric reuni\u00f3 a grandes amigos m\u00fasicos, entre ellos Rod, para recaudar fondos en honor a su amigo Ronnie Lane, exintegrante de The Faces, que padec\u00eda esclerosis m\u00faltiple.<br \/>\nA lo largo de los a\u00f1os, su amistad ha sido un reflejo de camarader\u00eda en la industria musical. A menudo se les ha visto en eventos importantes, y siempre han intercambiado palabras de admiraci\u00f3n en entrevistas. Rod una vez dijo: &#8220;Eric tiene un talento \u00fanico y, lo que es m\u00e1s importante, un coraz\u00f3n enorme&#8221;, mientras Clapton ha elogiado a Rod por su voz inigualable y su autenticidad sobre el escenario.<\/p>\n<p>Aunque ambos siguieron trayectorias musicales diferentes, su amistad ha perdurado, demostrando que, m\u00e1s all\u00e1 de los escenarios, lo que realmente importa son las conexiones humanas que se crean en el camino<\/p>\n<p>Fuente: nota publicada en Behind the Songs.<\/p>\n","protected":false},"excerpt":{"rendered":"<p>LA AMISTAD.<\/p>\n","protected":false},"author":3,"featured_media":27925,"comment_status":"open","ping_status":"open","sticky":false,"template":"","format":"standard","meta":{"footnotes":"","jetpack_publicize_message":"","jetpack_publicize_feature_enabled":true,"jetpack_social_post_already_shared":true,"jetpack_social_options":{"image_generator_settings":{"template":"highway","default_image_id":0,"font":"","enabled":false},"version":2}},"categories":[12],"tags":[2994,2993],"class_list":["post-27922","post","type-post","status-publish","format-standard","has-post-thumbnail","hentry","category-espectaculos","tag-clapton","tag-rod"],"jetpack_publicize_connections":[],"jetpack_featured_media_url":"https:\/\/revistaepocadigital.com.ar\/wp-content\/uploads\/2025\/01\/472009564_1262401245010115_2369543595806091539_n.jpg","jetpack_likes_enabled":true,"_links":{"self":[{"href":"https:\/\/revistaepocadigital.com.ar\/index.php?rest_route=\/wp\/v2\/posts\/27922","targetHints":{"allow":["GET"]}}],"collection":[{"href":"https:\/\/revistaepocadigital.com.ar\/index.php?rest_route=\/wp\/v2\/posts"}],"about":[{"href":"https:\/\/revistaepocadigital.com.ar\/index.php?rest_route=\/wp\/v2\/types\/post"}],"author":[{"embeddable":true,"href":"https:\/\/revistaepocadigital.com.ar\/index.php?rest_route=\/wp\/v2\/users\/3"}],"replies":[{"embeddable":true,"href":"https:\/\/revistaepocadigital.com.ar\/index.php?rest_route=%2Fwp%2Fv2%2Fcomments&post=27922"}],"version-history":[{"count":0,"href":"https:\/\/revistaepocadigital.com.ar\/index.php?rest_route=\/wp\/v2\/posts\/27922\/revisions"}],"wp:featuredmedia":[{"embeddable":true,"href":"https:\/\/revistaepocadigital.com.ar\/index.php?rest_route=\/wp\/v2\/media\/27925"}],"wp:attachment":[{"href":"https:\/\/revistaepocadigital.com.ar\/index.php?rest_route=%2Fwp%2Fv2%2Fmedia&parent=27922"}],"wp:term":[{"taxonomy":"category","embeddable":true,"href":"https:\/\/revistaepocadigital.com.ar\/index.php?rest_route=%2Fwp%2Fv2%2Fcategories&post=27922"},{"taxonomy":"post_tag","embeddable":true,"href":"https:\/\/revistaepocadigital.com.ar\/index.php?rest_route=%2Fwp%2Fv2%2Ftags&post=27922"}],"curies":[{"name":"wp","href":"https:\/\/api.w.org\/{rel}","templated":true}]}}