{"id":27933,"date":"2025-01-06T14:07:29","date_gmt":"2025-01-06T17:07:29","guid":{"rendered":"https:\/\/revistaepocadigital.com.ar\/?p=27933"},"modified":"2025-01-06T14:21:19","modified_gmt":"2025-01-06T17:21:19","slug":"los-reyes-magos-del-rotary-de-capilla-del-senor-no-fallaron","status":"publish","type":"post","link":"https:\/\/revistaepocadigital.com.ar\/?p=27933","title":{"rendered":"Los Reyes Magos del Rotary de Capilla del Se\u00f1or, no fallaron"},"content":{"rendered":"<div class=\"html-div xdj266r x11i5rnm xat24cr x1mh8g0r xexx8yu x4uap5 x18d9i69 xkhd6sd\">\n<div class=\"html-div xdj266r x11i5rnm x1mh8g0r x18d9i69 x1cy8zhl x78zum5 x1q0g3np xod5an3 xz9dl7a x1ye3gou xn6708d\">\n<div class=\"html-div xdj266r x11i5rnm xat24cr x1mh8g0r xexx8yu x4uap5 x18d9i69 xkhd6sd x1iyjqo2\">\n<div class=\"x78zum5 xdt5ytf xz62fqu x16ldp7u\">\n<div class=\"xu06os2 x1ok221b\">\n<div class=\"html-div xdj266r x11i5rnm xat24cr x1mh8g0r xexx8yu x4uap5 x18d9i69 xkhd6sd\" data-ad-rendering-role=\"profile_name\">\n<div class=\"x1i10hfl xjbqb8w x1ejq31n xd10rxx x1sy0etr x17r0tee x972fbf xcfux6l x1qhh985 xm0m39n x9f619 x1ypdohk xt0psk2 xe8uvvx xdj266r x11i5rnm xat24cr x1mh8g0r xexx8yu x4uap5 x18d9i69 xkhd6sd x16tdsg8 x1hl2dhg xggy1nq x1a2a7pz x1sur9pj xkrqix3 xzsf02u x1s688f\" tabindex=\"0\" role=\"button\"><strong><span class=\"x4k7w5x x1h91t0o x1h9r5lt xv2umb2 x1beo9mf xaigb6o x12ejxvf x3igimt xarpa2k xedcshv x1lytzrv x1t2pt76 x7ja8zs x1qrby5j x3nfvp2\"><span class=\"xzsf02u x1ypdohk x1s688f\">EL ROTARY CLUB DE NUESTRA CIUDAD.<!--more--><\/span><\/span><\/strong><\/div>\n<div tabindex=\"0\" role=\"button\"><\/div>\n<\/div>\n<\/div>\n<div tabindex=\"0\" role=\"button\">Entre sus numerosas actividades anuales, tiene agendada la vinculada a la celebraci\u00f3n del D\u00eda de los Reyes Magos, verdadera tradici\u00f3n e im\u00e1n para los mas chicos.<\/div>\n<\/div>\n<div tabindex=\"0\" role=\"button\">En 2025, los Reyes Magos Rotarios tampoco faltaron a la cita, y recorrieron distintos puntos de la ciudad y una entidad como el Peque\u00f1o Hogar Exaltaci\u00f3n, obsequiando golosinas y originando muchas sonrisas, abrazos y un lindo momento con los m\u00e1s peque\u00f1os.<\/div>\n<\/div>\n<div tabindex=\"0\" role=\"button\"><\/div>\n<\/div>\n<\/div>\n<div tabindex=\"0\" role=\"button\"><\/div>\n<div tabindex=\"0\" role=\"button\"><\/div>\n<div class=\"html-div xdj266r x11i5rnm xat24cr x1mh8g0r xexx8yu x4uap5 x18d9i69 xkhd6sd\">\n<div class=\"html-div xdj266r x11i5rnm x1mh8g0r x18d9i69 x1cy8zhl x78zum5 x1q0g3np xod5an3 xz9dl7a x1ye3gou xn6708d\">\n<div class=\"html-div xdj266r x11i5rnm xat24cr x1mh8g0r xexx8yu x4uap5 x18d9i69 xkhd6sd x1iyjqo2\">\n<div tabindex=\"0\" role=\"button\"><\/div>\n<div tabindex=\"0\" role=\"button\"><img loading=\"lazy\" decoding=\"async\" class=\"aligncenter size-medium wp-image-27934\" src=\"https:\/\/revistaepocadigital.com.ar\/wp-content\/uploads\/2025\/01\/rew-300x169.jpg\" alt=\"\" width=\"300\" height=\"169\" srcset=\"https:\/\/revistaepocadigital.com.ar\/wp-content\/uploads\/2025\/01\/rew-300x169.jpg 300w, https:\/\/revistaepocadigital.com.ar\/wp-content\/uploads\/2025\/01\/rew.jpg 600w\" sizes=\"auto, (max-width: 300px) 100vw, 300px\" \/><\/div>\n<div tabindex=\"0\" role=\"button\"><span class=\"html-span xdj266r x11i5rnm xat24cr x1mh8g0r xexx8yu x4uap5 x18d9i69 xkhd6sd x1hl2dhg x16tdsg8 x1vvkbs\"><span aria-hidden=\"true\">Desde la entidad rotaria agradecieron la colaboraci\u00f3n brindada por <em>&#8220;D<\/em><\/span><\/span><em>ep\u00f3sito San Mart\u00edn por el pr\u00e9stamo de la camioneta para efectuar la recorrida, a los Bomberos Voluntarios de Exaltaci\u00f3n de la Cruz por haber cedido el equipo de audio y a Vicente Rodriguez que nos di\u00f3 una gran mano, un grande&#8221;.<\/em><\/div>\n<\/div>\n<\/div>\n<\/div>\n<p><img loading=\"lazy\" decoding=\"async\" class=\"aligncenter size-full wp-image-27935\" src=\"https:\/\/revistaepocadigital.com.ar\/wp-content\/uploads\/2025\/01\/ree.jpg\" alt=\"\" width=\"600\" height=\"450\" srcset=\"https:\/\/revistaepocadigital.com.ar\/wp-content\/uploads\/2025\/01\/ree.jpg 600w, https:\/\/revistaepocadigital.com.ar\/wp-content\/uploads\/2025\/01\/ree-300x225.jpg 300w, https:\/\/revistaepocadigital.com.ar\/wp-content\/uploads\/2025\/01\/ree-80x60.jpg 80w, https:\/\/revistaepocadigital.com.ar\/wp-content\/uploads\/2025\/01\/ree-160x120.jpg 160w, https:\/\/revistaepocadigital.com.ar\/wp-content\/uploads\/2025\/01\/ree-265x198.jpg 265w, https:\/\/revistaepocadigital.com.ar\/wp-content\/uploads\/2025\/01\/ree-560x420.jpg 560w\" sizes=\"auto, (max-width: 600px) 100vw, 600px\" \/><\/p>\n","protected":false},"excerpt":{"rendered":"<p>EL ROTARY CLUB DE NUESTRA CIUDAD.<\/p>\n","protected":false},"author":4,"featured_media":27942,"comment_status":"open","ping_status":"open","sticky":false,"template":"","format":"standard","meta":{"footnotes":"","jetpack_publicize_message":"","jetpack_publicize_feature_enabled":true,"jetpack_social_post_already_shared":true,"jetpack_social_options":{"image_generator_settings":{"template":"highway","default_image_id":0,"font":"","enabled":false},"version":2}},"categories":[11],"tags":[2996,2997,1412],"class_list":["post-27933","post","type-post","status-publish","format-standard","has-post-thumbnail","hentry","category-entidades","tag-2996","tag-reyes-magos","tag-rotary-capilla"],"jetpack_publicize_connections":[],"jetpack_featured_media_url":"https:\/\/revistaepocadigital.com.ar\/wp-content\/uploads\/2025\/01\/re0.jpg","jetpack_likes_enabled":true,"_links":{"self":[{"href":"https:\/\/revistaepocadigital.com.ar\/index.php?rest_route=\/wp\/v2\/posts\/27933","targetHints":{"allow":["GET"]}}],"collection":[{"href":"https:\/\/revistaepocadigital.com.ar\/index.php?rest_route=\/wp\/v2\/posts"}],"about":[{"href":"https:\/\/revistaepocadigital.com.ar\/index.php?rest_route=\/wp\/v2\/types\/post"}],"author":[{"embeddable":true,"href":"https:\/\/revistaepocadigital.com.ar\/index.php?rest_route=\/wp\/v2\/users\/4"}],"replies":[{"embeddable":true,"href":"https:\/\/revistaepocadigital.com.ar\/index.php?rest_route=%2Fwp%2Fv2%2Fcomments&post=27933"}],"version-history":[{"count":0,"href":"https:\/\/revistaepocadigital.com.ar\/index.php?rest_route=\/wp\/v2\/posts\/27933\/revisions"}],"wp:featuredmedia":[{"embeddable":true,"href":"https:\/\/revistaepocadigital.com.ar\/index.php?rest_route=\/wp\/v2\/media\/27942"}],"wp:attachment":[{"href":"https:\/\/revistaepocadigital.com.ar\/index.php?rest_route=%2Fwp%2Fv2%2Fmedia&parent=27933"}],"wp:term":[{"taxonomy":"category","embeddable":true,"href":"https:\/\/revistaepocadigital.com.ar\/index.php?rest_route=%2Fwp%2Fv2%2Fcategories&post=27933"},{"taxonomy":"post_tag","embeddable":true,"href":"https:\/\/revistaepocadigital.com.ar\/index.php?rest_route=%2Fwp%2Fv2%2Ftags&post=27933"}],"curies":[{"name":"wp","href":"https:\/\/api.w.org\/{rel}","templated":true}]}}