{"id":2796,"date":"2019-07-01T15:33:35","date_gmt":"2019-07-01T18:33:35","guid":{"rendered":"https:\/\/revistaepocadigital.com.ar\/?p=2796"},"modified":"2019-07-01T15:33:35","modified_gmt":"2019-07-01T18:33:35","slug":"anses-extendio-el-plazo-para-que-apoderados-de-jubilados-y-pensionados-registren-su-huella","status":"publish","type":"post","link":"https:\/\/revistaepocadigital.com.ar\/?p=2796","title":{"rendered":"ANSES EXTENDI\u00d3 EL PLAZO PARA QUE APODERADOS DE JUBILADOS Y PENSIONADOS REGISTREN SU HUELLA"},"content":{"rendered":"<table class=\"yiv9798193728MsoNormalTable\" border=\"0\" width=\"100%\" cellspacing=\"0\" cellpadding=\"0\">\n<tbody>\n<tr>\n<td colspan=\"1\" rowspan=\"1\">\n<p align=\"center\"><b>EL EMPADRONAMIENTO ES NECESARIO.<!--more--><\/b><\/p>\n<p><em>Para que puedan continuar cobrando sus haberes como representantes de los adultos mayores.<\/em><em>\u00a0<\/em><\/td>\n<\/tr>\n<tr>\n<td colspan=\"1\" rowspan=\"1\">\n<p class=\"yiv9798193728MsoNormal\" align=\"center\">\n<\/td>\n<\/tr>\n<tr>\n<td colspan=\"1\" rowspan=\"1\">En el marco de la Resoluci\u00f3n 157\/2019 publicada en el Bolet\u00edn Oficial, ANSES inform\u00f3 que el <b>p<strong>r\u00f3ximo 31 de diciembre<\/strong><\/b>\u00a0es la fecha l\u00edmite para que los\u00a0<strong>apoderados de jubilados y pensionados<\/strong>\u00a0del Sistema Integrado Previsional Argentino (SIPA) y de titulares de Pensiones No Contributivas (PNC) registren su huella dactilar en la entidad bancaria donde perciben los haberes. En la actualidad, ya se encuentran registrados bajo esta modalidad\u00a0<strong>1.617.394 <\/strong>apoderados.<\/p>\n<p>A aquellos que no realicen el tr\u00e1mite antes de esa fecha se les suspender\u00e1 el poder para cobrar, que podr\u00e1 renovarse una vez que se cumpla con lo dispuesto por la presente resoluci\u00f3n.<\/p>\n<p>El sistema\u00a0<em>Mi Huella<\/em>, implementado por ANSES, permite reconocer la identidad de las personas a trav\u00e9s de la digitalizaci\u00f3n de las huellas dactilares para facilitar la realizaci\u00f3n de tr\u00e1mites. De esta manera, el organismo lleva adelante mayores controles y reduce la posibilidad de que se efect\u00faen pagos indebidos de las prestaciones.<\/p>\n<p><strong>C\u00f3mo realizar la gesti\u00f3n<\/strong><\/p>\n<p>El tr\u00e1mite de poder por primera vez debe hacerse en cualquier delegaci\u00f3n de ANSES, previa solicitud de turno al tel\u00e9fono 130 (gratuito desde tel\u00e9fonos fijos), o bien, desde\u00a0<a href=\"http:\/\/www.anses.gob.ar\/\" target=\"_blank\" rel=\"nofollow noopener noreferrer\" shape=\"rect\">www.anses.gob.ar<\/a>, secci\u00f3n\u00a0<em>Accesos R\u00e1pidos<\/em>,\u00a0<em>Turnos<\/em>,\u00a0<em>Mi Huella<\/em>,\u00a0<em>Mi Huella &#8211; Enrolamiento<\/em>. La documentaci\u00f3n a presentar el d\u00eda del turno es el DNI del jubilado o pensionado y el de su apoderado.<\/p>\n<p>En el caso de los apoderados que ya est\u00e1n percibiendo los haberes como representantes, el enrolamiento es en la entidad bancaria correspondiente. Si dicha entidad no posee el lector, la persona deber\u00e1 acercarse a una oficina de ANSES.<\/p>\n<p>&nbsp;<\/td>\n<\/tr>\n<tr>\n<td colspan=\"1\" rowspan=\"1\">\n<p class=\"yiv9798193728MsoNormal\" align=\"center\">\n<\/td>\n<\/tr>\n<\/tbody>\n<\/table>\n<p>&nbsp;<\/p>\n","protected":false},"excerpt":{"rendered":"<p>EL EMPADRONAMIENTO ES NECESARIO.<\/p>\n","protected":false},"author":3,"featured_media":2799,"comment_status":"open","ping_status":"open","sticky":false,"template":"","format":"standard","meta":{"footnotes":"","jetpack_publicize_message":"","jetpack_publicize_feature_enabled":true,"jetpack_social_post_already_shared":false,"jetpack_social_options":{"image_generator_settings":{"template":"highway","default_image_id":0,"font":"","enabled":false},"version":2}},"categories":[81,15],"tags":[21,37,207],"class_list":["post-2796","post","type-post","status-publish","format-standard","has-post-thumbnail","hentry","category-anses","category-lo-que-tenes-que-saber","tag-anses","tag-destacada","tag-jubilados"],"jetpack_publicize_connections":[],"jetpack_featured_media_url":"https:\/\/revistaepocadigital.com.ar\/wp-content\/uploads\/2019\/07\/image002.jpg","jetpack_likes_enabled":true,"_links":{"self":[{"href":"https:\/\/revistaepocadigital.com.ar\/index.php?rest_route=\/wp\/v2\/posts\/2796","targetHints":{"allow":["GET"]}}],"collection":[{"href":"https:\/\/revistaepocadigital.com.ar\/index.php?rest_route=\/wp\/v2\/posts"}],"about":[{"href":"https:\/\/revistaepocadigital.com.ar\/index.php?rest_route=\/wp\/v2\/types\/post"}],"author":[{"embeddable":true,"href":"https:\/\/revistaepocadigital.com.ar\/index.php?rest_route=\/wp\/v2\/users\/3"}],"replies":[{"embeddable":true,"href":"https:\/\/revistaepocadigital.com.ar\/index.php?rest_route=%2Fwp%2Fv2%2Fcomments&post=2796"}],"version-history":[{"count":0,"href":"https:\/\/revistaepocadigital.com.ar\/index.php?rest_route=\/wp\/v2\/posts\/2796\/revisions"}],"wp:featuredmedia":[{"embeddable":true,"href":"https:\/\/revistaepocadigital.com.ar\/index.php?rest_route=\/wp\/v2\/media\/2799"}],"wp:attachment":[{"href":"https:\/\/revistaepocadigital.com.ar\/index.php?rest_route=%2Fwp%2Fv2%2Fmedia&parent=2796"}],"wp:term":[{"taxonomy":"category","embeddable":true,"href":"https:\/\/revistaepocadigital.com.ar\/index.php?rest_route=%2Fwp%2Fv2%2Fcategories&post=2796"},{"taxonomy":"post_tag","embeddable":true,"href":"https:\/\/revistaepocadigital.com.ar\/index.php?rest_route=%2Fwp%2Fv2%2Ftags&post=2796"}],"curies":[{"name":"wp","href":"https:\/\/api.w.org\/{rel}","templated":true}]}}