{"id":27965,"date":"2025-01-09T01:09:02","date_gmt":"2025-01-09T04:09:02","guid":{"rendered":"https:\/\/revistaepocadigital.com.ar\/?p=27965"},"modified":"2025-01-09T01:10:19","modified_gmt":"2025-01-09T04:10:19","slug":"la-vtv-millones-de-argentinos-exigen-cambios","status":"publish","type":"post","link":"https:\/\/revistaepocadigital.com.ar\/?p=27965","title":{"rendered":"LA VTV. MILLONES DE ARGENTINOS EXIGEN CAMBIOS"},"content":{"rendered":"<p><strong>UNA OBLIGACI\u00d3N PARA CIRCULAR CON VEH\u00cdCULOS, DESVIRTUADA EN ABSOLUTO.<\/strong><!--more--><\/p>\n<h4 id=\"content-title\" class=\"title\"><strong>Chau VTV en 2025 | El Gobierno anunci\u00f3 su desregulaci\u00f3n y habilitar\u00e1 nuevos controles alternativos. Se permitir\u00e1 hacer los controles en talleres mec\u00e1nicos y concesionarias.<\/strong><\/h4>\n<p>La Verificaci\u00f3n T\u00e9cnica Vehicular (VTV) es obligatoria para los veh\u00edculos y motoveh\u00edculos particulares radicados en la Ciudad de Buenos Aires y la Provincia de Buenos Aires. La frecuencia de la VTV depende de la antig\u00fcedad y el kilometraje del veh\u00edculo, con periodicidad variable seg\u00fan las normativas actuales. Este control es esencial para garantizar la seguridad de los veh\u00edculos que circulan por la v\u00eda p\u00fablica.<\/p>\n<p>&nbsp;<\/p>\n<div id=\"content-media\" class=\"media textsize\">\n<div class=\"image\">\n<div id=\"vplfgp_galleryembed\" class=\"gallery\">\n<div class=\"image\">\n<picture><img loading=\"lazy\" decoding=\"async\" id=\"vplfgi_galleryembed\" src=\"https:\/\/img.cronista.com\/files\/image\/530\/530145\/645cf1793e01a_950_534!.jpg?s=b360a4a28193fec542ddbc3da2efed9e&amp;d=1734298622\" alt=\"Chau VTV en 2025 | El Gobierno anunci\u00f3 su desregulaci\u00f3n y habilitar\u00e1 nuevos controles alternativos \" width=\"950\" height=\"534\" \/><\/picture>\n<div class=\"zoom\"><\/div>\n<\/div>\n<div class=\"cs empty\">\n<div id=\"vplfgc_galleryembed\" class=\"caption\"><\/div>\n<div id=\"vplfgs_galleryembed\" class=\"source\"><\/div>\n<div id=\"vplfga_galleryembed\" class=\"author\"><a href=\"https:\/\/www.cronista.com\/informacion-gral\/chau-vtv-el-gobierno-anuncio-su-desregulacion-y-habilitara-nuevos-controles-alternativos\/#cuanto-sale-la-vtv-en-diciembre-2024nbsp\">\u00a0<\/a><\/div>\n<\/div>\n<\/div>\n<\/div>\n<\/div>\n<div id=\"vsmcontent\" class=\"content vsmcontent news\">\n<p>En la actualidad, la\u00a0<b>Verificaci\u00f3n T\u00e9cnica Vehicular<\/b>\u00a0(<a href=\"https:\/\/www.cronista.com\/economia-politica\/verano-2025-uno-por-uno-estos-son-los-vehiculos-que-estaran-exentos-de-tramitar-la-vtv-en-caba-y-pba\/\" target=\"_blank\" rel=\"noopener\">VTV<\/a>) es un tr\u00e1mite obligatorio para todos los veh\u00edculos con m\u00e1s de 3 a\u00f1os de antig\u00fcedad o con m\u00e1s de 60 kil\u00f3metros de uso. Para realizar la inspecci\u00f3n es necesario sacar turno en alguna de las plantas habilitadas.<\/p>\n<div class=\"zone \"><\/div>\n<p>En 2025, el <a href=\"https:\/\/www.cronista.com\/informacion-gral\/tras-los-anuncios-del-gobierno-que-pasara-con-los-autos-que-tengan-la-vtv-vencida\/\" target=\"_blank\" rel=\"noopener\">Gobierno<\/a>\u00a0eval\u00faa desregular la VTV y habilitar lo que formalmente se conoce como Revisi\u00f3n T\u00e9cnica Obligatoria (RTO) en instalaciones privadas como\u00a0<b>talleres mec\u00e1nicos o concesionarias<\/b>.<\/p>\n<div class=\"zone \"><\/div>\n<aside class=\"piece interiornews\">\n<section class=\"piece interiornews l30 news padding bglight\">\n<article class=\"item news sa\">\n<div class=\"mts\"><\/div>\n<\/article>\n<\/section>\n<\/aside>\n<p>El ministro de Desregulaci\u00f3n y Transformaci\u00f3n del Estado,\u00a0<b>Federico Sturzenegger<\/b>, present\u00f3 los detalles de la reforma a la\u00a0<a href=\"https:\/\/servicios.infoleg.gob.ar\/infolegInternet\/anexos\/0-4999\/818\/texact.htm\" target=\"_blank\" rel=\"noopener\">Ley Nacional de Tr\u00e1nsito 24.449<\/a>, cuya implementaci\u00f3n est\u00e1 proyectada para 2025.<\/p>\n<figure class=\"vsmimage\" contenteditable=\"false\"><img loading=\"lazy\" decoding=\"async\" id=\"imgv94962v35\" src=\"https:\/\/www.cronista.com\/files\/image\/721\/721767\/657742b27659b_728_403!.webp?s=2f7dab5c2ce41e1e058598ced4e45668&amp;d=1728417681&amp;oe=png\" width=\"728\" height=\"403\" data-vsmid=\"721767\" data-owidth=\"1920\" data-oheight=\"1080\" data-index=\"0\" \/><\/figure>\n<p>Esta reforma busca modernizar el sistema de VTV y adaptarlo a un modelo m\u00e1s \u00e1gil y accesible. Para que el proyecto avance,\u00a0<u>ser\u00e1 necesario contar con el apoyo de las provincias<\/u>, ya que la aplicaci\u00f3n de la normativa depende de cada jurisdicci\u00f3n.<\/p>\n<div class=\"zone \"><\/div>\n<p>Adem\u00e1s, la iniciativa exige cumplir con varias condiciones:<\/p>\n<ol>\n<li><b>Creaci\u00f3n de un nuevo ecosistema nacional<\/b>: ser\u00e1 necesario establecer un marco regulatorio que permita la homologaci\u00f3n y supervisi\u00f3n de los puntos habilitados para realizar las revisiones t\u00e9cnicas.<\/li>\n<li><b>Implementaci\u00f3n de nuevas tecnolog\u00edas<\/b>: estas incluir\u00e1n herramientas de interconectividad, automatizaci\u00f3n y an\u00e1lisis de datos en tiempo real, conectando los puntos de control vehicular a un sistema centralizado.<\/li>\n<li><b>Equipamiento y capacitaci\u00f3n<\/b>: se requerir\u00e1 equipar adecuadamente los nuevos puntos de revisi\u00f3n t\u00e9cnica y formar a los operadores para garantizar que el proceso sea eficiente y seguro.<\/li>\n<\/ol>\n<p>&nbsp;<\/p>\n<h2 id=\"que-autos-estan-exentos-de-la-vtvnbsp\">Exentos de la VTV<\/h2>\n<p>Tanto en la Ciudad Aut\u00f3noma de Buenos Aires (CABA) como en la provincia de Buenos Aires (PBA), quedan\u00a0<a href=\"https:\/\/www.cronista.com\/economia-politica\/verano-2025-uno-por-uno-estos-son-los-vehiculos-que-estaran-exentos-de-tramitar-la-vtv-en-caba-y-pba\/\" target=\"_blank\" rel=\"noopener\">exentos de realizar la VTV<\/a>\u00a0los siguientes veh\u00edculos:<\/p>\n<p>&nbsp;<\/p>\n<ul>\n<li><b>Veh\u00edculos destinados a servicios municipales<\/b>: los autos y camionetas usadas exclusivamente para servicios p\u00fablicos municipales no tienen que pagar la VTV, aunque deben someterse a la revisi\u00f3n t\u00e9cnica.<\/li>\n<li><b>Unidades del cuerpo de bomberos<\/b>: los veh\u00edculos pertenecientes a los bomberos est\u00e1n exentos de abonar el costo de la VTV, pero deben pasar la inspecci\u00f3n t\u00e9cnica obligatoria.<\/li>\n<li><b>Autos de personas con discapacidad<\/b>: los propietarios con Certificado \u00danico de Discapacidad (CUD) est\u00e1n exentos del pago de la VTV, aunque la revisi\u00f3n t\u00e9cnica sigue siendo obligatoria.<\/li>\n<li><b>Jubilados, pensionados y personas mayores de 65 a\u00f1os<\/b>: los titulares que sean jubilados, pensionados y perciban hasta dos haberes m\u00ednimos jubilatorios, as\u00ed como aquellos mayores de 65 a\u00f1os que cumplan con el requisito de ingresos, tambi\u00e9n est\u00e1n exentos del pago del tr\u00e1mite.<\/li>\n<\/ul>\n<p>&nbsp;<\/p>\n<h2 id=\"que-pasa-si-viajo-sin-vtv-en-2025nbsp\">\u00bfQu\u00e9 pasa si viajo sin VTV en 2025?<\/h2>\n<p>Durante el per\u00edodo de noviembre a diciembre 2024, el valor de la Unidad Fija (UF) aument\u00f3 a $1.336. Este monto se calcula en base al precio del litro de nafta premium del Autom\u00f3vil Club de La Plata.<\/p>\n<div class=\"zone \"><\/div>\n<figure class=\"vsmimage\" contenteditable=\"false\"><img loading=\"lazy\" decoding=\"async\" id=\"imgv94962v36\" src=\"https:\/\/www.cronista.com\/files\/image\/637\/637965\/6490760ce6fa9_728_364!.webp?s=ce11708b0c5ca7f67f3e139b9ce30767&amp;d=1732723791&amp;oe=jpg\" width=\"728\" height=\"364\" data-vsmid=\"637965\" data-owidth=\"1300\" data-oheight=\"650\" data-index=\"1\" \/><\/figure>\n<p>Entre las\u00a0<a href=\"https:\/\/www.cronista.com\/informacion-gral\/tras-los-anuncios-del-gobierno-que-pasara-con-los-autos-que-tengan-la-vtv-vencida\/\" target=\"_blank\" rel=\"noopener\"><b>multas<\/b><\/a>\u00a0que experimentaron un incremento se encuentra la correspondiente a circular sin la Verificaci\u00f3n T\u00e9cnica Vehicular (VTV) al d\u00eda. Esta infracci\u00f3n implica una sanci\u00f3n de entre 100 y 300 UF, lo que equivale a un monto que va desde\u00a0<b>$ 133.600 hasta $ 400.800<\/b>.<\/p>\n<\/div>\n<article class=\"article-body article-body--first-paragraph\">\n<h2>Qui\u00e9nes deben realizar la VTV en CABA<\/h2>\n<p>En la\u00a0<strong>Ciudad Aut\u00f3noma de Buenos Aires<\/strong>, la\u00a0<strong>VTV<\/strong>\u00a0es obligatoria para los autos y motos que tengan una antig\u00fcedad entre cuatro y siete a\u00f1os desde su patentamiento. En el caso de la provincia porte\u00f1a, deben hacerlo cuyos veh\u00edculos tengan dos a\u00f1os de antig\u00fcedad y las motos, un a\u00f1o.<\/p>\n<p>Por otro lado, se debe tener en cuenta que la\u00a0<strong>VTV<\/strong>\u00a0deben realizarla los autos que tengan m\u00e1s de\u00a0<strong>64 mil kil\u00f3metros<\/strong>\u00a0y menos de\u00a0<strong>84 mil<\/strong>. La primera vez que se hace tendr\u00e1 una duraci\u00f3n de\u00a0<strong>dos a\u00f1os<\/strong>\u00a0y a partir de los siete a\u00f1os de antig\u00fcedad o m\u00e1s de 84.000 kil\u00f3metros, la duraci\u00f3n ser\u00e1 de\u00a0<strong>un a\u00f1o.<\/strong><\/p>\n<h2>Cu\u00e1ndo debo realizar la VTV<\/h2>\n<p>Para saber cu\u00e1ndo se debe renovar la\u00a0<strong>VTV<\/strong>, es importante tener en cuenta el \u00faltimo n\u00famero de la patente el cual coincide con el mes en el que hay que hacer la verificaci\u00f3n. El cronograma es el siguiente:<\/p>\n<ul>\n<li>Patentes terminadas en 0: vencen el 31 de octubre.<\/li>\n<li>Patentes terminadas en 1: vencen el 30 de noviembre.<\/li>\n<li>Patentes terminadas en 2: vencen el 28 de febrero.<\/li>\n<li>Patentes terminadas en 3: vencen el 31 de marzo.<\/li>\n<li>Patentes terminadas en 4: vencen el 30 de abril.<\/li>\n<li>Patentes terminadas en 5: vencen el 31 de mayo.<\/li>\n<li>Patentes terminadas en 6: vencen el 30 de junio.<\/li>\n<li>Patentes terminadas en 7: vencen el 31 de julio.<\/li>\n<li>Patentes terminadas en 8: vencen el 31 de agosto.<\/li>\n<li>Patentes terminadas en 9: vencen el 30 de septiembre.<\/li>\n<\/ul>\n<\/article>\n<div class=\"free-banner-wrapper mx-auto text-center\"><\/div>\n<div class=\"widget-wrapper widget-wrapper--\"><\/div>\n<p><strong>QUE SE NECESITA PARA QUE TU VEH\u00cdCULO SUPERE LA VTV SIN PROBLEMAS.<\/strong><\/p>\n<p>Primera verificaci\u00f3n y renovaci\u00f3n<\/p>\n<p>Primera verificaci\u00f3n<\/p>\n<p>Desde que se implement\u00f3 la nueva normativa el 4 de mayo de 2023, los autos y motos particulares registrados en la Ciudad de Buenos Aires deben pasar su primera Verificaci\u00f3n T\u00e9cnica Vehicular (VTV) cuando cumplen 4 a\u00f1os de antig\u00fcedad, tomando como referencia el mes y a\u00f1o de su patentamiento, o cuando alcanzan los 64.000 kil\u00f3metros, lo que ocurra primero.<\/p>\n<p>Ejemplo: Si un auto fue patentado en febrero de 2020 y su dominio termina en \u201c9\u201d, y a\u00fan no ha alcanzado los 64.000 kil\u00f3metros, deber\u00e1 realizar su primera verificaci\u00f3n en septiembre de 2024.<\/p>\n<p>Renovaci\u00f3n de la verificaci\u00f3n<\/p>\n<p>Para veh\u00edculos y motos con una antig\u00fcedad de entre 4 y 7 a\u00f1os y que no superan los 84.000 kil\u00f3metros, la siguiente verificaci\u00f3n ser\u00e1 v\u00e1lida por hasta 2 a\u00f1os. Una vez que el veh\u00edculo supera los 7 a\u00f1os o los 84.000 kil\u00f3metros, la vigencia de la verificaci\u00f3n se reduce a 1 a\u00f1o.<\/p>\n<p>Ejemplo: Si ten\u00e9s una VTV v\u00e1lida realizada antes de la reforma de mayo de 2023, deber\u00e1s realizar la siguiente verificaci\u00f3n seg\u00fan la fecha de vencimiento indicada en tu certificado actual.<\/p>\n<p>Adem\u00e1s, si ya cont\u00e1s con la nueva Oblea \u00danica de VTV, es importante que no la retires del parabrisas, ya que esta oblea almacena todas las verificaciones de tu veh\u00edculo y se actualiza autom\u00e1ticamente tras cada inspecci\u00f3n.<br \/>\nAsegurate de tener un seguro de auto vigente para poder realizar la VTV sin inconvenientes. Si es para moto, aqu\u00ed ten\u00e9s la informaci\u00f3n necesaria.<\/p>\n<p>Pasos para realizar el tr\u00e1mite de la VTV<\/p>\n<p>Reserv\u00e1 el turno: Pod\u00e9s hacerlo a trav\u00e9s de la Web del Gobierno de la Ciudad o de Provincia de Buenos Aires.<br \/>\nComplet\u00e1 el formulario web: Te van a solicitar los datos del veh\u00edculo y de contacto. Despu\u00e9s, seleccion\u00e1 el m\u00e9todo de pago del tr\u00e1mite (online o presencial).<br \/>\nSeleccion\u00e1 lugar, fecha y horario del turno: Importante: una vez seleccionada la planta de verificaci\u00f3n, no pod\u00e9s modificarla.<br \/>\nComplet\u00e1 los aatos del pago que se te solicitan en el formulario: Estos corresponden a la boleta de pago del tr\u00e1mite.<br \/>\nAbon\u00e1 la reserva del turno: Seg\u00fan el m\u00e9todo de pago que hayas elegido (online o presencial).<\/p>\n<p>&nbsp;<\/p>\n<p><strong>http:\/\/www.infovtv.com.ar\/donde-verificar<\/strong><\/p>\n<header id=\"page-header\" class=\"with-banner-sticky zone-1-sticky with-zone zone-2-sticky with-zone-z2 with-piece with-zone mwps with-editions markets-sponsoronmobile bglight\" data-scroll-direction=\"up\">\n<div id=\"page-header-menu-top\">\n<div class=\"page-width\">\n<nav id=\"main-menu\" class=\"piece vplmenu standard main-menu main-menu\" data-type=\"menu\"><span style=\"color: #111111; font-family: Roboto, sans-serif; font-size: 27px;\">\u00bfCu\u00e1nto costaba la VTV en diciembre 2024?\u00a0<\/span><\/nav>\n<\/div>\n<\/div>\n<\/header>\n<p>&nbsp;<\/p>\n<div class=\"main-container page-width \">\n<div id=\"pagecontent\">\n<div class=\"interior informacion-gral news\">\n<article class=\"main-article news-group\">\n<div class=\"block-content\">\n<div id=\"interior-zleft\" class=\"zleft\">\n<div id=\"vsmcontent\" class=\"content vsmcontent news\">\n<ul>\n<li>VEH\u00cdCULOS hasta 2.500 Kg: $ 53.819,26VEH\u00cdCULOS de m\u00e1s de 2.500 Kg: $ 96.874,66\n<p>REMOLQUES, SEMIREMOLQUES y ACOPLADOS hasta 2.500 Kg: $ 32.291,55<\/p>\n<p>REMOLQUES, SEMIREMOLQUES y ACOPLADOS de m\u00e1s de 2.500 Kg: $ 48.437,33<\/p>\n<p>MOTOVEH\u00edCULOS de m\u00e1s de 50cc y hasta 200cc: $ 21.527,70<\/p>\n<p>MOTOVEH\u00edCULOS de m\u00e1s de 200cc y hasta 600cc: $ 32.291,55<\/p>\n<p>MOTOVEH\u00edCULOS de m\u00e1s de 600cc: $ 43.055,41<\/li>\n<\/ul>\n<div id=\"article-toolbar\" class=\"article-toolbar enlarge hidden\"><\/div>\n<\/div>\n<\/div>\n<\/div>\n<\/article>\n<\/div>\n<\/div>\n<\/div>\n<p><img loading=\"lazy\" decoding=\"async\" class=\"aligncenter size-full wp-image-27968\" src=\"https:\/\/revistaepocadigital.com.ar\/wp-content\/uploads\/2025\/01\/vtv-1.jpg\" alt=\"\" width=\"721\" height=\"722\" srcset=\"https:\/\/revistaepocadigital.com.ar\/wp-content\/uploads\/2025\/01\/vtv-1.jpg 721w, https:\/\/revistaepocadigital.com.ar\/wp-content\/uploads\/2025\/01\/vtv-1-300x300.jpg 300w, https:\/\/revistaepocadigital.com.ar\/wp-content\/uploads\/2025\/01\/vtv-1-150x150.jpg 150w, https:\/\/revistaepocadigital.com.ar\/wp-content\/uploads\/2025\/01\/vtv-1-696x697.jpg 696w, https:\/\/revistaepocadigital.com.ar\/wp-content\/uploads\/2025\/01\/vtv-1-419x420.jpg 419w\" sizes=\"auto, (max-width: 721px) 100vw, 721px\" \/><\/p>\n<p>Al amplio informe, es imperioso, imprescindible, que el gobierno ofrezca las respuestas que millones de argentinos exigen. \u00bfHasta cu\u00e1ndo estas normas que ratificaron su perfil recaudatorio, mientras como sostiene el reclamo nacional, las mejoras generales en la seguridad vial, tr\u00e1nsito, caminos, sigue adolenciedo de graves falencias?<\/p>\n<p>&nbsp;<\/p>\n","protected":false},"excerpt":{"rendered":"<p>UNA OBLIGACI\u00d3N PARA CIRCULAR CON VEH\u00cdCULOS, DESVIRTUADA EN ABSOLUTO.<\/p>\n","protected":false},"author":4,"featured_media":27968,"comment_status":"open","ping_status":"open","sticky":false,"template":"","format":"standard","meta":{"footnotes":"","jetpack_publicize_message":"","jetpack_publicize_feature_enabled":true,"jetpack_social_post_already_shared":true,"jetpack_social_options":{"image_generator_settings":{"template":"highway","default_image_id":0,"font":"","enabled":false},"version":2}},"categories":[13],"tags":[2588],"class_list":["post-27965","post","type-post","status-publish","format-standard","has-post-thumbnail","hentry","category-interes-general","tag-vtv"],"jetpack_publicize_connections":[],"jetpack_featured_media_url":"https:\/\/revistaepocadigital.com.ar\/wp-content\/uploads\/2025\/01\/vtv-1.jpg","jetpack_likes_enabled":true,"_links":{"self":[{"href":"https:\/\/revistaepocadigital.com.ar\/index.php?rest_route=\/wp\/v2\/posts\/27965","targetHints":{"allow":["GET"]}}],"collection":[{"href":"https:\/\/revistaepocadigital.com.ar\/index.php?rest_route=\/wp\/v2\/posts"}],"about":[{"href":"https:\/\/revistaepocadigital.com.ar\/index.php?rest_route=\/wp\/v2\/types\/post"}],"author":[{"embeddable":true,"href":"https:\/\/revistaepocadigital.com.ar\/index.php?rest_route=\/wp\/v2\/users\/4"}],"replies":[{"embeddable":true,"href":"https:\/\/revistaepocadigital.com.ar\/index.php?rest_route=%2Fwp%2Fv2%2Fcomments&post=27965"}],"version-history":[{"count":0,"href":"https:\/\/revistaepocadigital.com.ar\/index.php?rest_route=\/wp\/v2\/posts\/27965\/revisions"}],"wp:featuredmedia":[{"embeddable":true,"href":"https:\/\/revistaepocadigital.com.ar\/index.php?rest_route=\/wp\/v2\/media\/27968"}],"wp:attachment":[{"href":"https:\/\/revistaepocadigital.com.ar\/index.php?rest_route=%2Fwp%2Fv2%2Fmedia&parent=27965"}],"wp:term":[{"taxonomy":"category","embeddable":true,"href":"https:\/\/revistaepocadigital.com.ar\/index.php?rest_route=%2Fwp%2Fv2%2Fcategories&post=27965"},{"taxonomy":"post_tag","embeddable":true,"href":"https:\/\/revistaepocadigital.com.ar\/index.php?rest_route=%2Fwp%2Fv2%2Ftags&post=27965"}],"curies":[{"name":"wp","href":"https:\/\/api.w.org\/{rel}","templated":true}]}}