{"id":28016,"date":"2025-01-12T23:16:30","date_gmt":"2025-01-13T02:16:30","guid":{"rendered":"https:\/\/revistaepocadigital.com.ar\/?p=28016"},"modified":"2025-01-12T23:16:31","modified_gmt":"2025-01-13T02:16:31","slug":"te-acordas-de-tinelli-niega-estar-atravesando-una-fuerte-crisis-economica","status":"publish","type":"post","link":"https:\/\/revistaepocadigital.com.ar\/?p=28016","title":{"rendered":"\u00bfTE ACORD\u00c1S DE TINELLI?, NIEGA ESTAR ATRAVESANDO UNA FUERTE CRISIS ECON\u00d3MICA"},"content":{"rendered":"<div class=\"x1lliihq\">\n<p><strong>&#8220;ME PARECE MUY INJUSTO DECIR ESO&#8221;, HA DICHO.<\/strong><\/p>\n<div class=\"html-div xdj266r x11i5rnm xat24cr x1mh8g0r xexx8yu x4uap5 x18d9i69 xkhd6sd\" data-ad-rendering-role=\"story_message\">\n<div id=\":Ralal9alqhraillkqismipapd5aqH2:\" class=\"x1l90r2v x1iorvi4 x1ye3gou xn6708d\" data-ad-comet-preview=\"message\" data-ad-preview=\"message\">\n<div class=\"x78zum5 xdt5ytf xz62fqu x16ldp7u\">\n<div class=\"xu06os2 x1ok221b\">\n<div class=\"xdj266r x11i5rnm xat24cr x1mh8g0r x1vvkbs x126k92a\">\n<div dir=\"auto\"><strong><!--more--><\/strong><\/div>\n<div dir=\"auto\"><\/div>\n<\/div>\n<div class=\"x11i5rnm xat24cr x1mh8g0r x1vvkbs xtlvy1s x126k92a\">\n<div dir=\"auto\">El conductor asegur\u00f3 que su mansi\u00f3n en Uruguay no est\u00e1 en venta, pero reconoci\u00f3 que &#8220;nadie est\u00e1 exento del problema econ\u00f3mico y financiero complicado que est\u00e1 pasando la Argentina&#8221;.<\/div>\n<\/div>\n<div class=\"x11i5rnm xat24cr x1mh8g0r x1vvkbs xtlvy1s x126k92a\">\n<div dir=\"auto\"><\/div>\n<\/div>\n<div class=\"x11i5rnm xat24cr x1mh8g0r x1vvkbs xtlvy1s x126k92a\">\n<div dir=\"auto\"><em>El conductor dialog\u00f3 con Pablo Montagna y el equipo de Pasa Montagna (Radio Rivadavia \/ Domingos de 14 a 16),<\/em> y asegur\u00f3 que su casa en Uruguay no est\u00e1 en venta como se dijo: &#8220;Es una noticia falsa que tiraron en su momento, que estoy con serios problemas econ\u00f3micos. S\u00e9 de d\u00f3nde viene la informaci\u00f3n y quien la hizo, pero no me gusta decirlo&#8230; se ensa\u00f1an por cosas que tiene la vida&#8221;.<\/div>\n<div dir=\"auto\"><\/div>\n<\/div>\n<div class=\"x11i5rnm xat24cr x1mh8g0r x1vvkbs xtlvy1s x126k92a\">\n<div dir=\"auto\">&#8220;Es una casa que agrandamos, tiene muchos cuartos. Despu\u00e9s de mi separaci\u00f3n de Paula Robles estuve 10 a\u00f1os con Guillermina Vald\u00e9s y con ella armamos una familia ensamblada. Guille ten\u00eda tres hijos, yo ten\u00eda cuatro y apareci\u00f3 Lolo, entonces necesit\u00e1bamos una casa m\u00e1s grande&#8221;, cont\u00f3 y aclar\u00f3 que en la actualidad, la propiedad no est\u00e1 tan concurrida como antes porque los chicos son grandes y cada uno tiene su vida.<\/div>\n<div dir=\"auto\"><\/div>\n<\/div>\n<div class=\"x11i5rnm xat24cr x1mh8g0r x1vvkbs xtlvy1s x126k92a\">\n<div dir=\"auto\">&#8220;Si en alg\u00fan momento viene alguien y me ofrece algo importante, bueno&#8230; lo escuchar\u00eda. Pero en ning\u00fan momento dije que la casa estaba en venta, y no tengo ning\u00fan problema econ\u00f3mico ni financiero&#8221;, aclar\u00f3.<\/div>\n<div dir=\"auto\"><\/div>\n<\/div>\n<div class=\"x11i5rnm xat24cr x1mh8g0r x1vvkbs xtlvy1s x126k92a\">\n<div dir=\"auto\">&#8220;S\u00ed tengo los problemas l\u00f3gicos de cuando uno es productor, pero todos los canales los tienen&#8230; Mi empresa u otras pueden no pagar un aguinaldo, pero no va a salir la empresa, sale mi nombre y qued\u00f3 mal. Todos refinancian deudas y cosas, y nadie est\u00e1 exento del problema econ\u00f3mico y financiero complicado que est\u00e1 pasando la Argentina&#8221;, manifest\u00f3.<\/div>\n<div dir=\"auto\"><\/div>\n<\/div>\n<div class=\"x11i5rnm xat24cr x1mh8g0r x1vvkbs xtlvy1s x126k92a\">\n<div dir=\"auto\">&#8220;Me parece muy injusto decir eso. A m\u00ed no me gusta desmentir nada, me guard\u00e9 y segu\u00ed. No me gusta andar desmintiendo cosas que no son verdades&#8221;, concluy\u00f3 Marcelo Tinelli sobre el tema.<\/div>\n<div dir=\"auto\"><\/div>\n<\/div>\n<\/div>\n<\/div>\n<\/div>\n<div dir=\"auto\">Foto portada: gentileza diario La Naci\u00f3n<\/div>\n<\/div>\n<\/div>\n<div id=\":Ralal9alqhraillkqismipapd5aqH3:\" class=\"html-div xdj266r x11i5rnm xat24cr x1mh8g0r xexx8yu x4uap5 x18d9i69 xkhd6sd x1n2onr6\">\n<div class=\"html-div xdj266r x11i5rnm xat24cr x1mh8g0r xexx8yu x4uap5 x18d9i69 xkhd6sd x1n2onr6\">\n<div class=\"x6s0dn4 x1jx94hy x78zum5 xdt5ytf x6ikm8r x10wlt62 x1n2onr6 xh8yej3\">\n<div>\n<div class=\"xqtp20y x6ikm8r x10wlt62 x1n2onr6\">\n<div class=\"x10l6tqk x13vifvy\"><\/div>\n<\/div>\n<\/div>\n<\/div>\n<div class=\"x1nb4dca x1q0q8m5 xso031l x1exxf4d x13fuv20 x178xt8z x1ey2m1c xds687c x17qophe x47corl x10l6tqk x13vifvy\"><\/div>\n<\/div>\n<\/div>\n","protected":false},"excerpt":{"rendered":"<p>&#8220;ME PARECE MUY INJUSTO DECIR ESO&#8221;, HA DICHO.<\/p>\n","protected":false},"author":3,"featured_media":28018,"comment_status":"open","ping_status":"open","sticky":false,"template":"","format":"standard","meta":{"footnotes":"","jetpack_publicize_message":"","jetpack_publicize_feature_enabled":true,"jetpack_social_post_already_shared":true,"jetpack_social_options":{"image_generator_settings":{"template":"highway","default_image_id":0,"font":"","enabled":false},"version":2}},"categories":[12],"tags":[3004,3003],"class_list":["post-28016","post","type-post","status-publish","format-standard","has-post-thumbnail","hentry","category-espectaculos","tag-crisis-economica","tag-tinelli"],"jetpack_publicize_connections":[],"jetpack_featured_media_url":"https:\/\/revistaepocadigital.com.ar\/wp-content\/uploads\/2025\/01\/1acf89da-62b2-43c6-8321-f6230430a205.jpg","jetpack_likes_enabled":true,"_links":{"self":[{"href":"https:\/\/revistaepocadigital.com.ar\/index.php?rest_route=\/wp\/v2\/posts\/28016","targetHints":{"allow":["GET"]}}],"collection":[{"href":"https:\/\/revistaepocadigital.com.ar\/index.php?rest_route=\/wp\/v2\/posts"}],"about":[{"href":"https:\/\/revistaepocadigital.com.ar\/index.php?rest_route=\/wp\/v2\/types\/post"}],"author":[{"embeddable":true,"href":"https:\/\/revistaepocadigital.com.ar\/index.php?rest_route=\/wp\/v2\/users\/3"}],"replies":[{"embeddable":true,"href":"https:\/\/revistaepocadigital.com.ar\/index.php?rest_route=%2Fwp%2Fv2%2Fcomments&post=28016"}],"version-history":[{"count":0,"href":"https:\/\/revistaepocadigital.com.ar\/index.php?rest_route=\/wp\/v2\/posts\/28016\/revisions"}],"wp:featuredmedia":[{"embeddable":true,"href":"https:\/\/revistaepocadigital.com.ar\/index.php?rest_route=\/wp\/v2\/media\/28018"}],"wp:attachment":[{"href":"https:\/\/revistaepocadigital.com.ar\/index.php?rest_route=%2Fwp%2Fv2%2Fmedia&parent=28016"}],"wp:term":[{"taxonomy":"category","embeddable":true,"href":"https:\/\/revistaepocadigital.com.ar\/index.php?rest_route=%2Fwp%2Fv2%2Fcategories&post=28016"},{"taxonomy":"post_tag","embeddable":true,"href":"https:\/\/revistaepocadigital.com.ar\/index.php?rest_route=%2Fwp%2Fv2%2Ftags&post=28016"}],"curies":[{"name":"wp","href":"https:\/\/api.w.org\/{rel}","templated":true}]}}