{"id":28037,"date":"2025-01-13T00:29:55","date_gmt":"2025-01-13T03:29:55","guid":{"rendered":"https:\/\/revistaepocadigital.com.ar\/?p=28037"},"modified":"2025-01-13T00:35:11","modified_gmt":"2025-01-13T03:35:11","slug":"f-1-2025-colapinto-en-alpine-para-que-los-argentinos-sigan-sonando","status":"publish","type":"post","link":"https:\/\/revistaepocadigital.com.ar\/?p=28037","title":{"rendered":"F-1 2025. COLAPINTO EN ALPINE, PARA QUE LOS ARGENTINOS SIGAN SO\u00d1ANDO"},"content":{"rendered":"<h4><strong>NO HAY NADA QUE HACER.<\/strong><\/h4>\n<h4><strong> Y AHORA FUE EN SERIO.\u00a0<\/strong><\/h4>\n<p><!--more--><\/p>\n<h5 class=\"detail-header\" data-form=\"headerDetail\">El c\u00famulo de versiones casi cotidianas en torno al panorama automovil\u00edstico de <strong>Franco Colapinto,<\/strong> no cesaban si bien, era imprescindible se\u00f1alar las fundamentaciones que pudieran sostenerlas.<\/h5>\n<h5 class=\"detail-header\" data-form=\"headerDetail\">El<span style=\"font-family: Verdana, Geneva, sans-serif; font-size: 14px;\"> conocido medio brit\u00e1nico especializado en F\u00f3rmula 1, The Race, agit\u00f3 las aguas al publicar nuevamente sobre la &#8220;alternativa Alpine&#8221;. Mencion\u00f3 la publicaci\u00f3n que el argentino podr\u00eda entrar en Alpine en forma definitiva como se dio con un contrato plurianual, o en car\u00e1cter de pr\u00e9stamo de Williams a la escuadra comandada por Flavio Briatore.<\/span><\/h5>\n<div class=\"detail-scroll\">\n<p class=\"wire-detail\" data-form=\"wire-detail\">A lo publicado por The Race, le sigui\u00f3 un aclaraci\u00f3n importante como para evitar pensar movimientos resonantes en lo inmediato, si bien horas despu\u00e9s se conoci\u00f3 el anuncio del arribo de Franco a Alpine. Aclar\u00f3 el medio en\u00a0 su web que <em>&#8220;<span class=\"highlightWire\">Colapinto<\/span> no tomar\u00e1 inmediatamente un asiento de carrera en Alpine&#8221;. <\/em><strong>Como as\u00ed va a ocurrir precisamente.<\/strong><\/p>\n<p class=\"wire-detail\" data-form=\"wire-detail\">Alpine F1 Team tiene cubierto el rubro pilotos con el franc\u00e9s Pierre Gasly y el australiano Jack Doohan (reemplaz\u00f3 a Esteban Ocon). &#8220;S<em>e ha especulado que el contrato de Doohan, contiene una cl\u00e1usula que permite a Alpine reemplazarlo despu\u00e9s de unas pocas carreras si no cumple con ciertos criterios de rendimiento&#8221;,<\/em> escribi\u00f3 The Race. Especie dif\u00edcilmente comprobable, si de conocer pormenores de contratos de cualquier \u00edndole en la F-1.<\/p>\n<p data-form=\"wire-detail\"><strong>Y la otra gran vuelta de tuerca&#8230;<\/strong><\/p>\n<h1 style=\"text-align: center;\" data-form=\"wire-detail\"><strong><span style=\"color: #000080;\">Franco se pone la pilcha de Alpine<\/span><\/strong><\/h1>\n<h3 style=\"text-align: center;\"><em><strong>&#8220;\u00a1VIVA LA ARGENTINA!&#8221; (Briatore)<\/strong><\/em><\/h3>\n<p>&nbsp;<\/p>\n<p><iframe loading=\"lazy\" title=\"Flavio Briatore anunciando el fichaje de Colapinto.\" width=\"696\" height=\"392\" src=\"https:\/\/www.youtube.com\/embed\/euwWTuh-mr0?feature=oembed\" frameborder=\"0\" allow=\"accelerometer; autoplay; clipboard-write; encrypted-media; gyroscope; picture-in-picture; web-share\" referrerpolicy=\"strict-origin-when-cross-origin\" allowfullscreen><\/iframe><\/p>\n<h4 data-form=\"wire-detail\"><span style=\"color: #ff00ff;\"><strong>Convenido los complejos t\u00e9rminos contractuales con Williams, y atendiendo la importancia de poderosos patrocinantes del argentino, Flavio Briatore le ha dado la bienvenida por fin. Se hab\u00eda hablado que Williams exig\u00eda unos 20 millones de euros, para liberar a Colapinto.<\/strong><\/span><\/h4>\n<h4 data-form=\"wire-detail\"><span style=\"color: #ff00ff;\"><strong> Cifra porqu\u00e9 no, aportada a Williams por patrocinantes del pibe, permiti\u00f3 entonces que Alpine lo recibiera y fuera anunciado como nuevo piloto reserva. Y fue hasta por el mismo Briatore en un video posteado en redes sociales, desde arriba de un avi\u00f3n abordado para volar entre Oxford, Gran Breta\u00f1a y Niza, Francia.<\/strong><\/span><\/h4>\n<p>&nbsp;<\/p>\n<\/div>\n<p><span style=\"color: #ff00ff;\"><a style=\"color: #ff00ff;\" href=\"https:\/\/visionauto.com.ar\/wp-content\/uploads\/2025\/01\/f1-calen.jpg\"><img loading=\"lazy\" decoding=\"async\" class=\"aligncenter size-full wp-image-221735\" src=\"https:\/\/visionauto.com.ar\/wp-content\/uploads\/2025\/01\/f1-calen.jpg\" alt=\"\" width=\"224\" height=\"100\" \/><\/a><\/span><\/p>\n<div class=\"detail-scroll\">\n<h4 data-form=\"wire-detail\"><span style=\"color: #ff00ff;\"><strong>&#8211; El debut de Franco en Alpine podr\u00eda ocurrir en el GP de Bahrein, entre el 11 y 13 de abril pr\u00f3ximos (cuarta fecha del Mundial), o en el GP de Miami, sexta ronda del calendario del 2 al 4 de mayo venideros.\u00a0 Como se ven\u00eda especulando y rumoreando, deber\u00eda ocupar la butaca de Jack Doohan. Ha trascendido que el respaldo econ\u00f3mico con que cuenta el pilarense, entr\u00f3 por los ojos, el coraz\u00f3n y la billetera de Alpine\/Briatore. Colapinto a su vez, vio con buenos ojos su traspaso a Alpine; seguramente habr\u00e1 tenido en cuenta que en Williams, con Carlos Sainz jr y Alexander Albon, su turno como piloto titular en la escuder\u00eda con sede en la localidad inglesa de Grove, reci\u00e9n le pod\u00eda surgir en 2027.<\/strong><\/span><\/h4>\n<h4 data-form=\"wire-detail\"><span style=\"color: #ff00ff;\"><strong><span class=\"ILfuVd\" lang=\"es\"><span class=\"hgKElc\">&#8211; Tres pilotos de reserva aline\u00f3 Alpine para la temporada a iniciarse en Australia en marzo. Paul Aron y el japon\u00e9s Ryo Hirakawa y Franco Colapinto.<\/span><\/span><\/strong><\/span><\/h4>\n<\/div>\n<h4><strong><span style=\"color: #ff00ff;\">Presi\u00f3n muy peligrosa. Es la que debe enfrentar Jack Doohan, uno de los pilotos titulares en Alpine. Con tan s\u00f3lo una participaci\u00f3n, (\u00faltima fecha de 2024) y poco para elogiar, todo el mundo sabe que si el australiano no muestra un rendimiento a la altura de su compa\u00f1ero\u00a0Pierre Gasly\u00a0en el inicio de la temporada 2025, es vox populi que podr\u00eda ser reemplazado por uno de los pilotos de reserva, situ\u00e1ndose en primera fila Colapinto para reemplazarlo. Con Briatore con voz de mando, no soprender\u00e1 que ante esa eventualidad, resuelva el reemplazo de Doohan&#8230;<\/span><\/strong><\/h4>\n<p><strong style=\"font-family: 'Open Sans', arial, sans-serif; font-size: 19px;\"><span style=\"color: #ff00ff;\">&#8211; <span style=\"color: #000000;\">M\u00e1s<\/span>. A seguir con atenci\u00f3n el tema manager de Franco, rondaba el nombre de Briatore&#8230; Llam\u00f3 la atenci\u00f3n a poco de conocerse su pase, que <span class=\"ILfuVd\" lang=\"es\"><span class=\"hgKElc\">Jamie Campbell-Walter y esposa Mar\u00eda Catarineu, al frente de Bullet Sports Management, representantes de Colapinto desde hace cinco a\u00f1os, y quienes tambi\u00e9n han cumplido un rol paternal, no se hubieran manifestado en forma p\u00fablica.<\/span><\/span><\/span><\/strong><\/p>\n<p><strong style=\"color: #ff00ff; font-family: 'Open Sans', arial, sans-serif; font-size: 19px;\">Eso ocurri\u00f3 horas m\u00e1s tarde en un posteo efectuado en la red social X, luego respondido por Colapinto, que son\u00f3 a despedida:<\/strong><\/p>\n<div class=\"css-175oi2r r-aqfbo4 r-gtdqiz r-1gn8etr r-1g40b8q\">\n<div class=\"css-175oi2r\">\n<div class=\"css-175oi2r r-136ojw6 r-1loqt21\">\n<div class=\"css-175oi2r r-1h3ijdo r-136ojw6\">\n<div class=\"css-175oi2r\">\n<div class=\"css-175oi2r r-1h3ijdo r-1e5uvyk r-5zmot\">\n<div class=\"css-175oi2r r-1awozwy r-18u37iz r-1h3ijdo r-1777fci r-f8sm7e r-13qz1uu r-3pj75a\">\n<div class=\"css-175oi2r r-16y2uox r-1wbh5a2 r-1pi2tsx r-1777fci\">\n<div class=\"css-175oi2r r-1habvwh\"><\/div>\n<\/div>\n<\/div>\n<\/div>\n<\/div>\n<\/div>\n<\/div>\n<\/div>\n<\/div>\n<section class=\"css-175oi2r\" role=\"region\" aria-labelledby=\"accessible-list-0\">\n<div class=\"css-175oi2r\" aria-label=\"Cronolog\u00eda: Conversaci\u00f3n\">\n<div class=\"css-175oi2r\" data-testid=\"cellInnerDiv\">\n<div class=\"css-175oi2r r-1adg3ll r-1ny4l3l\">\n<div class=\"css-175oi2r\">\n<article class=\"css-175oi2r r-18u37iz r-1udh08x r-1c4vpko r-1c7gwzm r-1ny4l3l\" tabindex=\"-1\" role=\"article\" aria-labelledby=\"id__fmkg3equ4f id__54owvek5s9x id__h4q1bgo7vxc id__ny2ggaabava id__kt2c7tpn6w id__nynpjv1o5ye id__egg66kz93l id__uanuzdw32x id__r3kulairxv id__frnalbeewv id__uvx8yb771rk id__s96p94v8cr id__fb4y99sm5nh id__4zoyldt8u7 id__icrvofwy3le id__pnlf04qm4k id__ir74gxq8imh id__zna6ka3h7ga id__h7pobaosfr id__ktkxiixx51g\" data-testid=\"tweet\">\n<div class=\"css-175oi2r r-eqz5dr r-16y2uox r-1wbh5a2\">\n<div class=\"css-175oi2r r-16y2uox r-1wbh5a2 r-1ny4l3l\">\n<div class=\"css-175oi2r r-18u37iz\">\n<div class=\"css-175oi2r r-18kxxzh r-1wron08 r-onrtq4 r-1awozwy\">\n<div class=\"css-175oi2r\" data-testid=\"Tweet-User-Avatar\">\n<div class=\"css-175oi2r r-18kxxzh r-1wbh5a2 r-13qz1uu\">\n<div class=\"css-175oi2r r-1wbh5a2 r-dnmrzs\">\n<div class=\"css-175oi2r r-bztko3 r-1adg3ll\" data-testid=\"UserAvatar-Container-jcampbellwalter\">\n<div class=\"r-1p0dtai r-1pi2tsx r-1d2f490 r-u8s1d r-ipm5af r-13qz1uu\">\n<div class=\"css-175oi2r r-1adg3ll r-1pi2tsx r-13qz1uu r-45ll9u r-u8s1d r-1v2oles r-176fswd r-bztko3\">\n<div class=\"r-1p0dtai r-1pi2tsx r-1d2f490 r-u8s1d r-ipm5af r-13qz1uu\">\n<div class=\"css-175oi2r r-sdzlij r-1udh08x r-5f1w11 r-u8s1d r-8jfcpp\">\n<div class=\"css-175oi2r r-sdzlij r-1udh08x r-633pao r-45ll9u r-u8s1d r-1v2oles r-176fswd\">\n<div class=\"css-175oi2r r-1adg3ll r-1udh08x\">\n<div class=\"r-1p0dtai r-1pi2tsx r-1d2f490 r-u8s1d r-ipm5af r-13qz1uu\">\n<div class=\"css-175oi2r r-1mlwlqe r-1udh08x r-417010 r-1p0dtai r-1d2f490 r-u8s1d r-zchlnj r-ipm5af\">\n<p><img decoding=\"async\" class=\"css-9pa8cd\" draggable=\"true\" src=\"https:\/\/pbs.twimg.com\/profile_images\/1577018548110737408\/0FMqcGDh_bigger.jpg\" alt=\"\" \/><\/p>\n<\/div>\n<\/div>\n<\/div>\n<\/div>\n<div class=\"css-175oi2r r-sdzlij r-1udh08x r-45ll9u r-u8s1d r-1v2oles r-176fswd\">\n<div class=\"css-175oi2r r-172uzmj r-1pi2tsx r-13qz1uu r-o7ynqc r-6416eg r-1ny4l3l\"><\/div>\n<\/div>\n<\/div>\n<\/div>\n<\/div>\n<\/div>\n<\/div>\n<\/div>\n<\/div>\n<\/div>\n<\/div>\n<div class=\"css-175oi2r r-1iusvr4 r-16y2uox r-1777fci\">\n<div class=\"css-175oi2r r-zl2h9q\">\n<div class=\"css-175oi2r r-k4xj1c r-18u37iz r-1wtj0ep\">\n<div class=\"css-175oi2r r-1d09ksm r-18u37iz r-1wbh5a2\">\n<div class=\"css-175oi2r r-1wbh5a2 r-dnmrzs r-1ny4l3l\">\n<div id=\"id__kt2c7tpn6w\" class=\"css-175oi2r r-1wbh5a2 r-dnmrzs r-1ny4l3l\" data-testid=\"User-Name\">\n<div class=\"css-175oi2r r-1awozwy r-18u37iz r-1wbh5a2 r-dnmrzs\">\n<div class=\"css-175oi2r r-1wbh5a2 r-dnmrzs\">\n<div class=\"css-175oi2r r-1awozwy r-18u37iz r-1wbh5a2 r-dnmrzs\">\n<div class=\"css-146c3p1 r-bcqeeo r-1ttztb7 r-qvutc0 r-1qd0xha r-a023e6 r-rjixqe r-b88u0q r-1awozwy r-6koalj r-1udh08x r-3s2u2q\" dir=\"ltr\"><strong><span class=\"css-1jxf684 r-dnmrzs r-1udh08x r-1udbk01 r-3s2u2q r-bcqeeo r-1ttztb7 r-qvutc0 r-poiln3\"><span class=\"css-1jxf684 r-bcqeeo r-1ttztb7 r-qvutc0 r-poiln3\">Jamie Campbell-Walter <\/span><\/span>@jcampbellwalter<\/strong><\/div>\n<\/div>\n<\/div>\n<\/div>\n<\/div>\n<\/div>\n<\/div>\n<\/div>\n<\/div>\n<\/div>\n<\/div>\n<div class=\"css-175oi2r\">\n<div class=\"css-175oi2r\">\n<div class=\"css-175oi2r r-1s2bzr4\">\n<div class=\"css-146c3p1 r-dnmrzs r-1udh08x r-1udbk01 r-3s2u2q r-bcqeeo r-qvutc0 r-1qd0xha r-q4m81j r-a023e6 r-rjixqe r-16dba41 r-6koalj r-1w6e6rj r-14gqq1x\" dir=\"ltr\"><\/div>\n<div class=\"css-175oi2r r-14gqq1x\">\n<div id=\"id__uvx8yb771rk\" class=\"css-146c3p1 r-bcqeeo r-1ttztb7 r-qvutc0 r-1qd0xha r-1inkyih r-rjixqe r-16dba41 r-bnwqim\" dir=\"auto\" lang=\"es\" data-testid=\"tweetText\"><span class=\"css-1jxf684 r-bcqeeo r-1ttztb7 r-qvutc0 r-poiln3\"><strong><em>Del 1 al 10, calificar\u00eda esta noticia de \u00faltima hora con un \u201c20\u201d. Se ha trabajado mucho durante muchos meses y estoy muy contento con el resultado. Gracias a Williams, a Alpine y, especialmente, a Fl\u00e1vio por presionar para que esto funcionara; al final lo logramos. Franco, te lo mereces y espero con ansias lo que depara el futuro. A todos nuestros socios, muchas gracias por su apoyo y, por supuesto, a los fan\u00e1ticos argentinos.<\/em><\/strong><br \/>\n<\/span><\/div>\n<\/div>\n<\/div>\n<\/div>\n<\/div>\n<\/div>\n<div dir=\"auto\" lang=\"es\" data-testid=\"tweetText\"><\/div>\n<\/div>\n<\/article>\n<\/div>\n<\/div>\n<\/div>\n<\/div>\n<\/section>\n<div class=\"detail-scroll\">\n<p><img decoding=\"async\" src=\"https:\/\/visionauto.com.ar\/wp-content\/uploads\/2025\/01\/cola-catarineu.jpg\" \/><\/p>\n<\/div>\n<pre><em>Colapinto hizo un reposteo en X, donde fueron elogiados<\/em>\n<em>sus managers; <span class=\"css-1jxf684 r-dnmrzs r-1udh08x r-1udbk01 r-3s2u2q r-bcqeeo r-1ttztb7 r-qvutc0 r-poiln3\"><span class=\"css-1jxf684 r-bcqeeo r-1ttztb7 r-qvutc0 r-poiln3\">Jamie Campbell-Walter<\/span><\/span> y su esposa Mar\u00eda\nCatarineu. los que lo condujeron a la F-1.<\/em><\/pre>\n<p>&nbsp;<\/p>\n<div class=\"detail-scroll\">\n<h4 data-form=\"wire-detail\"><span style=\"color: #ff00ff; background-color: #000000;\"><strong><span class=\"ILfuVd\" lang=\"es\"><span class=\"hgKElc\">&#8211; En el camino de allanar obst\u00e1culos, la negociaci\u00f3n habr\u00e1 inclu\u00eddo que Flavio pasara a oficiar de manager. Y si se habla del controversial Briatore, en el marco de la contrataci\u00f3n de Colapinto, tambi\u00e9n se habla de Bernie Ecclestone. <\/span><\/span><\/strong><\/span><\/h4>\n<h4 data-form=\"wire-detail\"><span style=\"color: #ff00ff;\"><strong><span class=\"ILfuVd\" lang=\"es\"><span class=\"hgKElc\">&#8211; Briatore expulsado de la F-1, en 2024 de repente volvi\u00f3 al ruedo, indultado por la FIA. Como te contamos en nota anterior, cuando manejaba el equipo Renault y sucedi\u00f3 el esc\u00e1ndalo con Piquet jr al pegarse a prop\u00f3sito y siguiendo \u00f3rdenes desde el equipo en el GP de Singapur 2008, para favorecer las chances al campeonato de Fernando Alonso, quien tambi\u00e9n formaba parte del equipo del Rombo, ha mantenido desde hace a\u00f1os, una relaci\u00f3n continua y flu\u00edda con Bernie, incluyendo negocios en com\u00fan. Ecclesone a\u00fan a los dd a\u00f1os, sigue tendiendo redes y con flu\u00eddos contactos desde sus tiempos de &#8220;boss&#8221; de la F-1.\u00a0\u00a0<\/span><\/span><\/strong><\/span><\/h4>\n<\/div>\n<p>&nbsp;<\/p>\n<h4><strong>IMPACTO DIRECTO. Una vez conocido el ingreso de Colapinto a Alpine como piloto de reserva, la cuenta del equipo en las redes sociales pas\u00f3 de tener, en menos de una hora, 1.6 millones a 3.5 millones de seguidores. Y al d\u00eda siguiente de confirmarse la noticia, logr\u00f3 sumar 500.000 m\u00e1s y llegar a los cuatro millones. El fen\u00f3meno Colapinto desatado en Williams, no para de crecer. In\u00e9dito.<\/strong><\/h4>\n<p>&nbsp;<\/p>\n<div class=\"detail-scroll\">\n<h4 data-form=\"wire-detail\"><span style=\"color: #ff00ff;\"><strong>&#8211; Ten\u00e9s que recordar cuando en noviembre pasado en Interlagos, en ocasi\u00f3n del Gran Premio de San Pablo en Brasil, Bernie solicit\u00f3 conversar a solas con el pibe argentino. As\u00ed fue, y el encuentro no hizo m\u00e1s que aumentar las especulaciones. Esa vez Ecclestone, es factible que le planteara una oferta privada, remarcandole las ventajas que supon\u00eda su mudanza de Williams a Alpine. M\u00e1s tarde fue Briatore quien habl\u00f3 de Franco, primero en forma elogiosa ante los resultados iniciales y la repercusi\u00f3n causada, y m\u00e1s tarde y aprovechando los golpes del argentino, sembrando dudas. Trat\u00e1ndose del italiano, no dio para sorprenderse -su astucia entre otras &#8220;cualidades&#8221; es innegable- que se explayara as\u00ed para bajarle el precio a las pretensiones de Williams para ceder la ficha del pilarense.<\/strong><\/span><\/h4>\n<p>&nbsp;<\/p>\n<h4 data-form=\"wire-detail\"><span style=\"color: #ff00ff;\"><strong><span style=\"color: #000000;\">-M\u00e1s.<\/span> A seguir con atenci\u00f3n a este muchacho que abajo te hace conocer <\/strong><span style=\"color: #0000ff;\">Visionauto<\/span><strong>. Su rol en las negociaciones pudo tener que ver con la favorable resoluci\u00f3n. Fernando Belasteguin, el argentino nacionalizado espa\u00f1ol.\u00a0 El jugador que fue top de p\u00e1del en el mundo y cont\u00f3 con el apoyo publicitario de Alpine, marca como sab\u00e9s, perteneciente al Grupo Renault.<\/strong><\/span><\/h4>\n<h4><span style=\"color: #ff00ff;\"><b>Se ha escuchado decir que un argentino amigo de <strong>Luca de Meo<\/strong>, parece ser que le telefone\u00f3 hace no mucho al gran jefe de\u00a0<strong>Alpine,<\/strong> intercediendo por su piloto compatriota y la respuesta se supuso lo debi\u00f3 dejar feliz. \u201cT<em>ranquilo, que\u00a0<strong>con Flavio al mando la cosa est\u00e1 bajo control&#8221;.<\/strong><\/em><\/b><\/span><\/h4>\n<h4><span style=\"color: #ff00ff;\"><b>\u00bfLuca de Meo? Nacido en Italia, es el <\/b><strong>consejero delegado del Grupo Renault desde 2020. O sea, que si decidir se trata, de Meo tiene atributos de mando suficientes. Antes de incorporarse al Rombo, fue presidente de Seat (marca del Grupo Volkswagen), previamente tambi\u00e9n altos cargos en otras automotrices.<\/strong><\/span><\/h4>\n<h4><span style=\"color: #ff00ff;\"><strong>El Grupo Renault, alejado de la competici\u00f3n en forma oficial en el mundo es propietario del 100% de las marcas\u00a0<a style=\"color: #ff00ff;\" title=\"Automobiles Alpine\" href=\"https:\/\/es.wikipedia.org\/wiki\/Automobiles_Alpine\"> Alpine<\/a>\u00a0de\u00a0<a style=\"color: #ff00ff;\" title=\"Francia\" href=\"https:\/\/es.wikipedia.org\/wiki\/Francia\">Francia<\/a>\u00a0y\u00a0<a style=\"color: #ff00ff;\" title=\"Automobile Dacia\" href=\"https:\/\/es.wikipedia.org\/wiki\/Automobile_Dacia\">Dacia<\/a>\u00a0de\u00a0<a style=\"color: #ff00ff;\" title=\"Rumania\" href=\"https:\/\/es.wikipedia.org\/wiki\/Rumania\">Rumania<\/a> (particip\u00f3 por primera vez como oficial en el Dakar 2025). A su vez, controla el paquete accionario de <a style=\"color: #ff00ff;\" title=\"Renault Korea Motors\" href=\"https:\/\/es.wikipedia.org\/wiki\/Renault_Korea_Motors\">Renault Korea Motors (matriz de la marca Samsung<\/a>), con el 52,88% y con el 50% integra JMEV (joint venture con Jiangling Motors Corporation. Supo ser tambi\u00e9n propietario de dos divisiones de veh\u00edculos para motorsports: <a style=\"color: #ff00ff;\" title=\"Renault Sport\" href=\"https:\/\/es.wikipedia.org\/wiki\/Renault_Sport\">Renault Sport<\/a>\u00a0(hoy fusionada con Alpine) y\u00a0<a style=\"color: #ff00ff;\" title=\"Renault Gordini\" href=\"https:\/\/es.wikipedia.org\/wiki\/Renault_Gordini\">Renault Gordini<\/a> (desactivada). Asimismo, con el equipo <a style=\"color: #ff00ff;\" title=\"Alpine F1 Team\" href=\"https:\/\/es.wikipedia.org\/wiki\/Alpine_F1_Team\">Alpine F1 Team ha mantenido el v\u00ednculo con la F-1,\u00a0<\/a><\/strong><\/span><\/h4>\n<h4><strong><span style=\"background-color: #ff00ff;\">MIR\u00c1. Para fichar a Colapinto, Briatore debi\u00f3 acordar la interrupci\u00f3n del contrato vigente entre el argentino y Willams, y en el negocio tambi\u00e9n jugaron los derechos de representaci\u00f3n del piloto. Flavio para avanzar, consideraba fundamental que estuvieran firmados a su nombre. Elcomercial.com, public\u00f3 tambi\u00e9n que introducidos en las complejidades de una operaci\u00f3n de esta naturaleza, es indicado considerar que uno de los ganadores fue James Vowles, el director de Williams. Consciente que no podr\u00eda disponer de un auto para Franco hasta 2027, lapso en el cual el aporte econ\u00f3mico por ende se iba a reducir por parte de los patrocinantes del pibe, puso sobre la balanza los pro y contras de desprenderse el joven de nuestro pa\u00eds, y entendi\u00f3 que el acuerdo le resultar\u00eda beneficioso, dado que ingresar\u00edan esos 20 millones de euros que estuvieron girando, dinero que caso contrario, no habr\u00eda percibido.<\/span><\/strong><\/h4>\n<p>Tremenda presi\u00f3n la que va a tener que soportar\u00a0<strong>Jack Doohan<\/strong>, si no est\u00e1 a la altura de<strong>\u00a0Pierre Gasly\u00a0<\/strong>en el inicio de la temporada 2025. Es muy injusto, exigir a un debutante sin experiencia que est\u00e9 a la altura de un piloto muy valorado como es Gasly. Pero este es un deporte muy cruel y si Alpine cree, que tiene un piloto mejor en el banquillo, no se le puede culpar de utilizarlo. Doohan a fin de cuentas, tambi\u00e9n debe de estar agradecido de tener una oportunidad, cosa que ni siquiera llegaron a tener multitud de pilotos con talento.<\/p>\n<\/div>\n<p><strong>FUE EL MESSI DEL PADEL,\u00a0 ES ARGENTINO. \u00bfTAMBI\u00c9N PUSO SU GRANITO DE ARENA?<\/strong><\/p>\n<figure id=\"attachment_221720\" aria-describedby=\"caption-attachment-221720\" style=\"width: 258px\" class=\"wp-caption aligncenter\"><a href=\"https:\/\/visionauto.com.ar\/wp-content\/uploads\/2025\/01\/BELAS.jpeg\"><img loading=\"lazy\" decoding=\"async\" class=\"size-medium wp-image-221720\" src=\"https:\/\/visionauto.com.ar\/wp-content\/uploads\/2025\/01\/BELAS-258x300.jpeg\" alt=\"\" width=\"258\" height=\"300\" \/><\/a><figcaption id=\"caption-attachment-221720\" class=\"wp-caption-text\">De visita en el box de Alpine, la marca lo apoyaba.<\/figcaption><\/figure>\n<div class=\"detail-scroll\">\n<p>&#8211;<\/p>\n<figure id=\"attachment_221725\" aria-describedby=\"caption-attachment-221725\" style=\"width: 401px\" class=\"wp-caption aligncenter\"><a href=\"https:\/\/visionauto.com.ar\/wp-content\/uploads\/2025\/01\/padd9ba21c.jpg\"><img loading=\"lazy\" decoding=\"async\" class=\"size-full wp-image-221725\" src=\"https:\/\/visionauto.com.ar\/wp-content\/uploads\/2025\/01\/padd9ba21c.jpg\" alt=\"\" width=\"401\" height=\"316\" \/><\/a><figcaption id=\"caption-attachment-221725\" class=\"wp-caption-text\"><b>Fernando Belastegu\u00edn\u00a0(nacido en Pehuaj\u00f3,\u00a0Provincia de Buenos Aires, el 19 de mayo de 1979), conocido como\u00a0Bela, es un argentino exjugador profesional de\u00a0p\u00e1del.<br \/>A nivel profesional ostenta grandes r\u00e9cords, siendo el jugador que m\u00e1s veces ha sido n\u00famero 1 del ranking mundial (durante 16 a\u00f1os) y quien m\u00e1s t\u00edtulos gan\u00f3 del\u00a0World Padel Tour. Adem\u00e1s, como jugador profesional gan\u00f3 230 t\u00edtulos y jug\u00f3 286 finales. Por estas razones, es considerado por muchos como el mejor jugador de p\u00e1del de la historia.\u200b<br \/>Fue n\u00famero 1 del mundo, el m\u00e1s joven de la historia con 22 a\u00f1os de edad. Junto a Juan Martin D\u00edaz, form\u00f3 la \u00fanica pareja en todos los tiempos en pasar un a\u00f1o y nueve meses invictos, ganando 22 torneos consecutivos (septiembre de 2005 a mayo de 2007). Adem\u00e1s, result\u00f3 la \u00fanica pareja en el historial, en estar 13 a\u00f1os como n\u00famero 1 del mundo, de 2002 a 2014, y en ganar 170 torneos. Bela consigui\u00f3 11 Olimpias de plata, seis campeonatos del mundo de p\u00e1del (2002, 2004, 2006, 2014, 2016 y 2022. Tambi\u00e9n el jugador con mayor n\u00famero de semanas en el puesto n\u00ba 1 del ranking mundial WPT desde su creaci\u00f3n. As\u00ed como de nuevo Bizarrap, clave desde un inicio para que Colapinto debutara en F1, el afamado productor musical con sus gestiones ante fuertes empresarios, tambi\u00e9n ha estado ahora Belastegu\u00edn apoyando y conversando con Briatore por el v\u00ednculo que supo tener el argentino con Alpine, para el arribo de Franco al equipo.<br \/><\/b><\/figcaption><\/figure>\n<\/div>\n<p>&nbsp;<\/p>\n<p style=\"text-align: center;\"><strong>\u00a1SE SIENTE, SE SIENTE, RENAULT EST\u00c1 PRESENTE!<\/strong><\/p>\n<figure id=\"attachment_221752\" aria-describedby=\"caption-attachment-221752\" style=\"width: 360px\" class=\"wp-caption aligncenter\"><a href=\"https:\/\/visionauto.com.ar\/wp-content\/uploads\/2025\/01\/cola-renault-comun.jpg\"><img loading=\"lazy\" decoding=\"async\" class=\"size-full wp-image-221752\" src=\"https:\/\/visionauto.com.ar\/wp-content\/uploads\/2025\/01\/cola-renault-comun.jpg\" alt=\"\" width=\"360\" height=\"475\" \/><\/a><figcaption id=\"caption-attachment-221752\" class=\"wp-caption-text\">La entrada del piloto de la Argentina a Alpine, tambi\u00e9n dio pie a que Renault Group con su manifestaci\u00f3n, celebrando el hecho, y &#8220;reapareciera&#8221; de alguna forma en el mundo del motorsport.<\/figcaption><\/figure>\n<div class=\"detail-scroll\">\n<h3 class=\"wire-detail\" style=\"text-align: center;\" data-form=\"wire-detail\"><span style=\"color: #0000ff;\"><strong>&#8212;&#8212;&#8212;&#8212;&#8212;&#8212;&#8212;&#8212;&#8212;&#8212;&#8212;&#8212;&#8212;&#8212;&#8212;&#8212;&#8212;-<\/strong><\/span><\/h3>\n<p>nota anterior<\/p>\n<\/div>\n<h5><strong>COLAPINTO 2025. PILOTO RESERVA EN WILLIAMS, DESARROLLADO DEL AUTO DE 2026, CON LICENCIAS RENOVADAS,&#8230;Y DE NUEVO ALPINE.<\/strong><\/h5>\n<p>&nbsp;<\/p>\n<h4><strong><em>&#8220;Somos pocos los que ya sabemos todo. F1 2025&#8221;<\/em>, cit\u00f3 el mensaje de Anibal Colapinto en redes sociales, junto a una foto con amigos; de las tradicionales para las fiestas de cada fin de a\u00f1o<\/strong>.<\/h4>\n<p><!--more--><br \/>\nLo mencionado por el padre de<strong> Franco Colapinto<\/strong>, ante la innegable ansiedad persistente, relacionada a los pasos que le aguardan al pibe argentino en el automovilismo en 2025, origin\u00f3 en los primeros d\u00edas del a\u00f1o nuevo, otro motivo para que crezcan las ilusiones por verlo correr nuevamente en F\u00f3rmula 1.<\/p>\n<h3 style=\"text-align: center;\"><span style=\"color: #0000ff;\"><strong>&#8212;&#8212;&#8212;&#8212;&#8212;&#8212;&#8212;&#8212;&#8212;&#8212;&#8212;&#8212;&#8212;&#8212;&#8212;&#8212;&#8212;-<\/strong><\/span><\/h3>\n<p>&nbsp;<\/p>\n<p style=\"text-align: center;\"><span style=\"color: #0000ff;\"><strong>DIGANME LICENCIADO<\/strong><\/span><\/p>\n<figure id=\"attachment_221642\" aria-describedby=\"caption-attachment-221642\" style=\"width: 393px\" class=\"wp-caption aligncenter\"><a href=\"https:\/\/visionauto.com.ar\/wp-content\/uploads\/2025\/01\/COLA-BACA.jpg\"><img loading=\"lazy\" decoding=\"async\" class=\"size-full wp-image-221642\" src=\"https:\/\/visionauto.com.ar\/wp-content\/uploads\/2025\/01\/COLA-BACA.jpg\" alt=\"\" width=\"393\" height=\"470\" \/><\/a><figcaption id=\"caption-attachment-221642\" class=\"wp-caption-text\">El hace poco designado como nuevo presidente de la CDA del ACA, Eduardo Baca, entreg\u00f3 a Franco en el Centro de Atenci\u00f3n al Piloto y Alto Rendimiento de la Asociaci\u00f3n Argentina de Volantes (AAV), la licencia deportiva 2025. Tambi\u00e9n recibi\u00f3 la licencia m\u00e9dica. Ambas lo habilitan a participar e categor\u00edas internacionales. (Foto AAV)<\/p>\n<p><a href=\"https:\/\/visionauto.com.ar\/wp-content\/uploads\/2025\/01\/cola-igoi-1.jpgllll-1.jpg\"><img loading=\"lazy\" decoding=\"async\" class=\"size-full wp-image-221651\" src=\"https:\/\/visionauto.com.ar\/wp-content\/uploads\/2025\/01\/cola-igoi-1.jpgllll-1.jpg\" alt=\"\" width=\"373\" height=\"374\" \/><\/a> Franco recibi\u00f3 la medalla identificatoria de la AAV, de manos de Daniel Igoillo, su presidente. La entidad estuvo encargada de efectuarle los ex\u00e1menes m\u00e9dico al piloto argentino\u00a0 (Foto AAV)<\/figcaption><\/figure>\n<h3 style=\"text-align: center;\"><span style=\"color: #0000ff;\"><strong>&#8212;&#8212;&#8212;&#8212;&#8212;&#8212;&#8212;&#8212;&#8212;&#8212;&#8212;&#8212;&#8212;&#8212;&#8212;&#8212;&#8212;-<\/strong><\/span><\/h3>\n<p>L<strong>as nueve participaciones del pilarense resultaron un torbellino esparcido en forma vertiginosa, impactante.<\/strong><\/p>\n<p>Valdr\u00e1 aportar como dato elocuente del &#8220;<em>fen\u00f3meno Colapinto,<\/em> que entre los nombres m\u00e1s buscados por la gente en la plataforma de<strong> Google<\/strong> en el pa\u00eds y a nivel general, el de Colapinto ocup\u00f3 el segundo lugar en 2024. El r\u00e1nking lo encabez\u00f3 Liam Payne, el exOne Direction quien falleci\u00f3 el pasado 16 de octubre en Buenos Aires, tras caer de la habitaci\u00f3n del hotel donde estaba alojado, generando impacto alrededor del mundo. Como se ha mencionado, Colapinto result\u00f3 el segundo m\u00e1s buscado y tercero, Akira Toriyama, creador del famos\u00edsimo &#8220;Dragon Ball&#8221;, fallecido debido a un hematoma subdural agudo, generando gran tristeza entre los fans del anime en el mundo. El cuarto puesto lo ocup\u00f3 el gran actor Claudio Rissi, estupendo protagonista de series que han hecho historia como El Marginal y Okupas,\u00a0desaparecido como consecuencia de c\u00e1ncer, y Kate Middleton fue la quinta personalidad m\u00e1s buscada; la princesa de Gales ocup\u00f3 a los medios de prensa mundiales al conocerse que padec\u00eda c\u00e1ncer, motivo que la llev\u00f3 a un tratamiento de quimioterapia.<\/p>\n<p><img decoding=\"async\" src=\"https:\/\/www.canal26.com\/media\/image\/2024\/11\/21\/634847.jpg\" alt=\"Franco Colapinto. Foto: Reuters.\" \/><\/p>\n<pre><em>Franco permanece en el pa\u00eds, y entre sus actividades habituales, se encuentran<\/em>\n<em>entrenamientos con un karting en el Kart\u00f3dromo Internacional de Z\u00e1rate donde,<\/em>\n<em>tambi\u00e9n ha provocado su presencia inter\u00e9s en grandes y chicos que acercan a<\/em>\n<em>saludarlo. Tanto que en la pr\u00e1ctica m\u00e1s reciente, los responsables del<\/em>\n<em>kart\u00f3dromo debieron cerrar la puerta de ingreso sobre la ruta que<\/em>\n<em>une la localidad de Sol\u00eds con Z\u00e1rate, como medida preventiva para que<\/em>\n<em>los ensayos tuvieran lugar con tranquilidad y\u00a0 sin riesgos.<\/em><\/pre>\n<p>&nbsp;<\/p>\n<p><em><strong>&#8220;\u00bfQue quise decir con ese mensaje?; simple, lo que sabemos hoy por hoy es claro, que ya est\u00e1 confirmado que va como piloto reserva de Williams. Va a hacer cinco-seis mil kil\u00f3metros de test, lo que se puedan en el a\u00f1o. Adem\u00e1s estar\u00e1 yendo a todas las carreras de F\u00f3rmula 1 como es obligatorio como piloto reserva, y por otro lado, empezar\u00e1 a desarrollar el auto 2026<\/strong> <\/em>(Williams)<em><strong> en el simulador. Eso es lo que sabemos hoy<\/strong><\/em>&#8220;, se\u00f1al\u00f3 <strong>Anibal Colapinto<\/strong> cuando convers\u00f3 con<span style=\"color: #0000ff;\"> Visionauto <\/span>y brind\u00f3 precisiones.<\/p>\n<p>El mensaje escrito por el padre de Franco dio pie a que medios de prensa y luego aficionados y seguidores, especularan con que Colapinto podr\u00eda tener alg\u00fan contrato cerrrado con un equipo de F-1 o bien que, permaneciendo en Williams, pod\u00eda reiterarse el caso del estadounidense Logan Sargeant, reemplazado por el argentino en las \u00faltimas nueve fechas del campeonato del mundo. Suposiciones sobre las que como ves, su padre ech\u00f3 luz.<\/p>\n<p>&nbsp;<\/p>\n<p>&nbsp;<\/p>\n<figure id=\"attachment_221565\" aria-describedby=\"caption-attachment-221565\" style=\"width: 373px\" class=\"wp-caption alignleft\"><a href=\"https:\/\/visionauto.com.ar\/wp-content\/uploads\/2025\/01\/colA-T-AHIRT24.png\"><img loading=\"lazy\" decoding=\"async\" class=\"size-full wp-image-221565\" src=\"https:\/\/visionauto.com.ar\/wp-content\/uploads\/2025\/01\/colA-T-AHIRT24.png\" alt=\"\" width=\"373\" height=\"462\" \/><\/a><figcaption id=\"caption-attachment-221565\" class=\"wp-caption-text\">Franco tendr\u00e1 lista la pilcha de Williams, por si le tocara entrar a la &#8220;cancha&#8221;.<\/figcaption><\/figure>\n<p>Mientras tanto, a las mesuradas palabra de su padre, tambi\u00e9n no paran de escucharse como en los \u00faltimos tiempos, versiones en diferentes direcciones. En tal sentido, se mantiene la vinculada al equipo franc\u00e9s <strong>Alpine,<\/strong> que contrat\u00f3 como pilotos titulares a Pierre Gasly y a Jack Doohan. Este \u00faltimo si bien, con menos fuerza, segu\u00eda sonando como quien pudiera ser reemplazado por Colapinto. El contrato del hijo del m\u00faltiple y famoso campe\u00f3n mundial de motociclismo en 500 cc, se extender\u00eda por cinco carreras, y en caso de no satisfacer su rendimiento al jefe de Alpine, Flavio Briatore, pod\u00eda reemplazarlo por Franco.<\/p>\n<p>&nbsp;<\/p>\n<p><strong>El tiempo ha de ser testigo.<\/strong><\/p>\n","protected":false},"excerpt":{"rendered":"<p>NO HAY NADA QUE HACER. Y AHORA FUE EN SERIO.\u00a0<\/p>\n","protected":false},"author":4,"featured_media":28040,"comment_status":"open","ping_status":"open","sticky":false,"template":"","format":"standard","meta":{"footnotes":"","jetpack_publicize_message":"","jetpack_publicize_feature_enabled":true,"jetpack_social_post_already_shared":true,"jetpack_social_options":{"image_generator_settings":{"template":"highway","default_image_id":0,"font":"","enabled":false},"version":2}},"categories":[9],"tags":[2996,3006,2860,2861],"class_list":["post-28037","post","type-post","status-publish","format-standard","has-post-thumbnail","hentry","category-deportes","tag-2996","tag-alpine","tag-colapinto","tag-f1"],"jetpack_publicize_connections":[],"jetpack_featured_media_url":"https:\/\/revistaepocadigital.com.ar\/wp-content\/uploads\/2025\/01\/Imagen-de-WhatsApp-2025-01-09-a-las-16.12.28_cb863297-1.jpg","jetpack_likes_enabled":true,"_links":{"self":[{"href":"https:\/\/revistaepocadigital.com.ar\/index.php?rest_route=\/wp\/v2\/posts\/28037","targetHints":{"allow":["GET"]}}],"collection":[{"href":"https:\/\/revistaepocadigital.com.ar\/index.php?rest_route=\/wp\/v2\/posts"}],"about":[{"href":"https:\/\/revistaepocadigital.com.ar\/index.php?rest_route=\/wp\/v2\/types\/post"}],"author":[{"embeddable":true,"href":"https:\/\/revistaepocadigital.com.ar\/index.php?rest_route=\/wp\/v2\/users\/4"}],"replies":[{"embeddable":true,"href":"https:\/\/revistaepocadigital.com.ar\/index.php?rest_route=%2Fwp%2Fv2%2Fcomments&post=28037"}],"version-history":[{"count":0,"href":"https:\/\/revistaepocadigital.com.ar\/index.php?rest_route=\/wp\/v2\/posts\/28037\/revisions"}],"wp:featuredmedia":[{"embeddable":true,"href":"https:\/\/revistaepocadigital.com.ar\/index.php?rest_route=\/wp\/v2\/media\/28040"}],"wp:attachment":[{"href":"https:\/\/revistaepocadigital.com.ar\/index.php?rest_route=%2Fwp%2Fv2%2Fmedia&parent=28037"}],"wp:term":[{"taxonomy":"category","embeddable":true,"href":"https:\/\/revistaepocadigital.com.ar\/index.php?rest_route=%2Fwp%2Fv2%2Fcategories&post=28037"},{"taxonomy":"post_tag","embeddable":true,"href":"https:\/\/revistaepocadigital.com.ar\/index.php?rest_route=%2Fwp%2Fv2%2Ftags&post=28037"}],"curies":[{"name":"wp","href":"https:\/\/api.w.org\/{rel}","templated":true}]}}