{"id":28047,"date":"2025-01-13T20:10:45","date_gmt":"2025-01-13T23:10:45","guid":{"rendered":"https:\/\/revistaepocadigital.com.ar\/?p=28047"},"modified":"2025-01-13T20:10:45","modified_gmt":"2025-01-13T23:10:45","slug":"y-de-la-salud-mental-como-andamos","status":"publish","type":"post","link":"https:\/\/revistaepocadigital.com.ar\/?p=28047","title":{"rendered":"Y de la Salud Mental, \u00bfcomo andamos?"},"content":{"rendered":"<div role=\"banner\">\n<div class=\"xds687c x17qophe xixxii4 x13vifvy x1vjfegm\" aria-hidden=\"false\">\n<div class=\"x9f619 x1n2onr6 x1ja2u2z x1ve1bff x78zum5 xdt5ytf x1s65kcs\">\n<div class=\"x9f619 x1n2onr6 x1ja2u2z x78zum5 xdt5ytf x13a6bvl\">\n<div class=\"x78zum5 x1s65kcs xl56j7k\" role=\"navigation\" aria-label=\"Facebook\">\n<ul class=\"xuk3077 x78zum5 x1iyjqo2 xl56j7k x1p8ty84 x1na7pl x88anuq\">\n<li class=\"x1iyjqo2 xmlsiyf x1hxoosp x1l38jg0 x1awlv9s x1i64zmx x1gz44f\"><strong>D\u00eda Mundial contra la Depresi\u00f3n, 13 de enero<\/strong>.<\/li>\n<\/ul>\n<\/div>\n<\/div>\n<\/div>\n<\/div>\n<\/div>\n<p><!--more--><\/p>\n<div class=\"x9f619 x1n2onr6 x1ja2u2z\">\n<div class=\"x78zum5 xdt5ytf x1n2onr6 x1ja2u2z\">\n<div class=\"x78zum5 xdt5ytf x1n2onr6 xat3117 xxzkxad\">\n<div class=\"x78zum5 xdt5ytf x1t2pt76 x1n2onr6 x1ja2u2z x10cihs4\">\n<div class=\"x78zum5 xdt5ytf x1t2pt76\">\n<div class=\"x78zum5 xdt5ytf x1iyjqo2 x1t2pt76 xeuugli\">\n<div class=\"x78zum5 xdt5ytf x1t2pt76 x1n2onr6\" role=\"main\">\n<div class=\"x6s0dn4 x78zum5 xdt5ytf x193iq5w\">\n<div class=\"x9f619 x193iq5w x1talbiv x1sltb1f x3fxtfs x1swvt13 x1pi30zi xw7yly9\">\n<div class=\"x9f619 x1ja2u2z x2lah0s x1n2onr6 x1qjc9v5 x78zum5 x1q0g3np x1a02dak xl56j7k x9otpla x1n0m28w x1wsgfga xp7jhwk\">\n<div class=\"x9f619 x1n2onr6 x1ja2u2z xeuugli xs83m0k xjl7jj x1xmf6yo x1emribx x1e56ztr x1i64zmx x19h7ccj xu9j1y6 x7ep2pv\">\n<div class=\"x1yztbdb x1n2onr6 xh8yej3 x1ja2u2z\">\n<div class=\"x1n2onr6 x1ja2u2z\">\n<div class=\"x1a2a7pz\" aria-posinset=\"1\" aria-describedby=\":r1dj: :r1dk: :r1dl: :r1dn: :r1dm:\" aria-labelledby=\":r1di:\">\n<div class=\"x78zum5 xdt5ytf\" data-virtualized=\"false\">\n<div class=\"x9f619 x1n2onr6 x1ja2u2z\">\n<div class=\"html-div xdj266r x11i5rnm xat24cr x1mh8g0r xexx8yu x4uap5 x18d9i69 xkhd6sd x78zum5 x1n2onr6 xh8yej3\">\n<div class=\"x1n2onr6 x1ja2u2z x1jx94hy x1qpq9i9 xdney7k xu5ydu1 xt3gfkd x9f619 xh8yej3 x6ikm8r x10wlt62 xquyuld\">\n<div class=\"html-div xdj266r x11i5rnm xat24cr x1mh8g0r xexx8yu x4uap5 x18d9i69 xkhd6sd\">\n<div class=\"html-div xdj266r x11i5rnm xat24cr x1mh8g0r xexx8yu x4uap5 x18d9i69 xkhd6sd\">\n<div class=\"html-div xdj266r x11i5rnm xat24cr x1mh8g0r xexx8yu x4uap5 x18d9i69 xkhd6sd\">\n<div class=\"html-div xdj266r x11i5rnm xat24cr x1mh8g0r xexx8yu x4uap5 x18d9i69 xkhd6sd\">\n<div class=\"html-div xdj266r x11i5rnm xat24cr x1mh8g0r xexx8yu x4uap5 x18d9i69 xkhd6sd\" dir=\"auto\">\n<div class=\"html-div xdj266r x11i5rnm xat24cr x1mh8g0r xexx8yu x4uap5 x18d9i69 xkhd6sd\" data-ad-rendering-role=\"story_message\">\n<div id=\":r1dk:\" class=\"x1l90r2v x1iorvi4 x1ye3gou xn6708d\" data-ad-comet-preview=\"message\" data-ad-preview=\"message\">\n<div class=\"x78zum5 xdt5ytf xz62fqu x16ldp7u\">\n<div class=\"xu06os2 x1ok221b\">\n<div class=\"xdj266r x11i5rnm xat24cr x1mh8g0r x1vvkbs x126k92a\"><\/div>\n<div class=\"x11i5rnm xat24cr x1mh8g0r x1vvkbs xtlvy1s x126k92a\">\n<div dir=\"auto\">Sin dudas, un d\u00eda para acentuar las reflexiones en torno a tan acuciante problema, y generar conciencia sobre una de las principales causas de sufrimiento emocional en el mundo.<\/div>\n<\/div>\n<div class=\"x11i5rnm xat24cr x1mh8g0r x1vvkbs xtlvy1s x126k92a\">\n<div dir=\"auto\"><\/div>\n<div dir=\"auto\">\u00a0\u00bfSab\u00edas que 1 de cada 4 personas puede experimentar un episodio de depresi\u00f3n a lo largo de su vida?<\/div>\n<div dir=\"auto\">No est\u00e1s solo. Hablar, pedir ayuda y apoyar a quienes atraviesan esta enfermedad es clave.<\/div>\n<\/div>\n<div class=\"x11i5rnm xat24cr x1mh8g0r x1vvkbs xtlvy1s x126k92a\">\n<div dir=\"auto\">Ante cualquier duda o necesidad, pod\u00e9s comunicarte con Salud Mental de la Municipalidad de Exaltaci\u00f3n de la Cruz. Record\u00e1 que es una v\u00eda solo de Whatsapp:<\/div>\n<\/div>\n<div class=\"x11i5rnm xat24cr x1mh8g0r x1vvkbs xtlvy1s x126k92a\">\n<div dir=\"auto\"><\/div>\n<div dir=\"auto\">Direcci\u00f3n de Salud Mental<\/div>\n<div dir=\"auto\">11 2790-2711<\/div>\n<\/div>\n<div class=\"x11i5rnm xat24cr x1mh8g0r x1vvkbs xtlvy1s x126k92a\">\n<div dir=\"auto\"><\/div>\n<div dir=\"auto\">\u00a0Cinco se\u00f1ales de alerta de la depresi\u00f3n:<\/div>\n<div dir=\"auto\">La depresi\u00f3n es un problema de salud mental que puede afectar a cualquier persona.<\/div>\n<div dir=\"auto\"><\/div>\n<div dir=\"auto\">Aunque es normal sentirse triste en algunos momentos, si los s\u00edntomas duran mucho tiempo, podr\u00eda tratarse de una depresi\u00f3n. Estas son cinco se\u00f1ales importantes:<\/div>\n<\/div>\n<div class=\"x11i5rnm xat24cr x1mh8g0r x1vvkbs xtlvy1s x126k92a\">\n<div dir=\"auto\"><\/div>\n<div dir=\"auto\">\u00a0Estado de \u00e1nimo bajo constante: tristeza, vac\u00edo o desesperanza casi todo el tiempo. En ni\u00f1os y adolescentes, esto puede notarse como irritabilidad o enojo.<\/div>\n<div dir=\"auto\"><\/div>\n<div dir=\"auto\">\u00a0P\u00e9rdida de inter\u00e9s en actividades: dificultad para disfrutar cosas que antes eran placenteras, lo que puede llevar al aislamiento.<\/div>\n<div dir=\"auto\"><\/div>\n<div dir=\"auto\">\u00a0Cambios en el peso, apetito o sue\u00f1o: problemas para dormir (insomnio o hipersomnia) y cambios en el apetito que afectan el peso.<\/div>\n<div dir=\"auto\"><\/div>\n<div dir=\"auto\">\u00a0Sentimientos de inutilidad o culpa: pensamientos negativos sobre uno mismo, que dificultan tomar decisiones o realizar tareas cotidianas.<\/div>\n<div dir=\"auto\"><\/div>\n<div dir=\"auto\">Pensamientos sobre la muerte o suicidio: en casos graves, es urgente buscar ayuda profesional.<\/div>\n<\/div>\n<div class=\"x11i5rnm xat24cr x1mh8g0r x1vvkbs xtlvy1s x126k92a\">\n<div dir=\"auto\"><span class=\"html-span xexx8yu x4uap5 x18d9i69 xkhd6sd x1hl2dhg x16tdsg8 x1vvkbs x3nfvp2 x1j61x8r x1fcty0u xdj266r xat24cr xgzva0m xhhsvwb xxymvpz xlup9mm x1kky2od\"><img loading=\"lazy\" decoding=\"async\" class=\"xz74otr\" src=\"https:\/\/static.xx.fbcdn.net\/images\/emoji.php\/v9\/t3c\/1\/16\/1f4a1.png\" alt=\"\ud83d\udca1\" width=\"16\" height=\"16\" \/><\/span> Compart\u00ed este mensaje para que m\u00e1s personas sepan que no est\u00e1n solas y d\u00f3nde buscar ayuda.<\/div>\n<\/div>\n<\/div>\n<\/div>\n<\/div>\n<\/div>\n<\/div>\n<\/div>\n<\/div>\n<\/div>\n<\/div>\n<\/div>\n<\/div>\n<\/div>\n<\/div>\n<\/div>\n<\/div>\n<\/div>\n<\/div>\n<\/div>\n<\/div>\n<\/div>\n<\/div>\n<\/div>\n<\/div>\n<\/div>\n<\/div>\n<\/div>\n<\/div>\n","protected":false},"excerpt":{"rendered":"<p>D\u00eda Mundial contra la Depresi\u00f3n, 13 de enero.<\/p>\n","protected":false},"author":3,"featured_media":28048,"comment_status":"open","ping_status":"open","sticky":false,"template":"","format":"standard","meta":{"footnotes":"","jetpack_publicize_message":"","jetpack_publicize_feature_enabled":true,"jetpack_social_post_already_shared":true,"jetpack_social_options":{"image_generator_settings":{"template":"highway","default_image_id":0,"font":"","enabled":false},"version":2}},"categories":[15],"tags":[3008,37,706],"class_list":["post-28047","post","type-post","status-publish","format-standard","has-post-thumbnail","hentry","category-lo-que-tenes-que-saber","tag-depresion","tag-destacada","tag-salud-mental"],"jetpack_publicize_connections":[],"jetpack_featured_media_url":"https:\/\/revistaepocadigital.com.ar\/wp-content\/uploads\/2025\/01\/maxresdefault.jpg","jetpack_likes_enabled":true,"_links":{"self":[{"href":"https:\/\/revistaepocadigital.com.ar\/index.php?rest_route=\/wp\/v2\/posts\/28047","targetHints":{"allow":["GET"]}}],"collection":[{"href":"https:\/\/revistaepocadigital.com.ar\/index.php?rest_route=\/wp\/v2\/posts"}],"about":[{"href":"https:\/\/revistaepocadigital.com.ar\/index.php?rest_route=\/wp\/v2\/types\/post"}],"author":[{"embeddable":true,"href":"https:\/\/revistaepocadigital.com.ar\/index.php?rest_route=\/wp\/v2\/users\/3"}],"replies":[{"embeddable":true,"href":"https:\/\/revistaepocadigital.com.ar\/index.php?rest_route=%2Fwp%2Fv2%2Fcomments&post=28047"}],"version-history":[{"count":0,"href":"https:\/\/revistaepocadigital.com.ar\/index.php?rest_route=\/wp\/v2\/posts\/28047\/revisions"}],"wp:featuredmedia":[{"embeddable":true,"href":"https:\/\/revistaepocadigital.com.ar\/index.php?rest_route=\/wp\/v2\/media\/28048"}],"wp:attachment":[{"href":"https:\/\/revistaepocadigital.com.ar\/index.php?rest_route=%2Fwp%2Fv2%2Fmedia&parent=28047"}],"wp:term":[{"taxonomy":"category","embeddable":true,"href":"https:\/\/revistaepocadigital.com.ar\/index.php?rest_route=%2Fwp%2Fv2%2Fcategories&post=28047"},{"taxonomy":"post_tag","embeddable":true,"href":"https:\/\/revistaepocadigital.com.ar\/index.php?rest_route=%2Fwp%2Fv2%2Ftags&post=28047"}],"curies":[{"name":"wp","href":"https:\/\/api.w.org\/{rel}","templated":true}]}}