{"id":28070,"date":"2025-01-15T00:58:51","date_gmt":"2025-01-15T03:58:51","guid":{"rendered":"https:\/\/revistaepocadigital.com.ar\/?p=28070"},"modified":"2025-01-17T10:02:39","modified_gmt":"2025-01-17T13:02:39","slug":"por-altas-temperaturas-cepral-realiza-un-uso-racional-de-energia-para-tratar-de-evitar-cortes-de-luz","status":"publish","type":"post","link":"https:\/\/revistaepocadigital.com.ar\/?p=28070","title":{"rendered":"POR ALTAS TEMPERATURAS, CEPRAL HACE UN USO RACIONAL DE ENERG\u00cdA PARA TRATAR DE EVITAR CORTES DE LUZ"},"content":{"rendered":"<p><strong>INFO SERVICIO. LA DIFUNDI\u00d3 EL CONSEJO DE ADMINISTRACI\u00d3N DE LA ENTIDAD Cortes Rotativos solicita EDEN. <\/strong><!--more--><\/p>\n<p>&nbsp;<\/p>\n<table class=\"yiv0994168277r3-o\" role=\"presentation\" border=\"0\" width=\"100%\" cellspacing=\"0\" cellpadding=\"0\" align=\"center\">\n<tbody>\n<tr>\n<td class=\"yiv0994168277r4-i\"><strong>Estimados vecinos y usuarios:<\/strong><\/p>\n<p>Ante las altas temperaturas reinantes\u00a0<strong>todos nos vemos obligados realizar un uso racional de la energ\u00eda el\u00e9ctrica para evitar, en la medida de lo posible, los cortes de luz<\/strong>\u00a0que se vienen anunciando.<\/p>\n<p>Por estar raz\u00f3n les solicitamos que tomen acciones para ahorrar al m\u00e1ximo posible la electricidad.<strong>Con la colaboraci\u00f3n de todos, se puede hacer una gran diferencia este verano y construir un futuro m\u00e1s sostenible.<\/strong><\/p>\n<p>A su vez, recordamos no dejar bajo las l\u00edneas de cableado acopio de ramas ni otros materiales que \u00a0puedan generar incendios. <strong>\u00a1Peque\u00f1as acciones de muchos generan grandes cambios!<\/strong><\/p>\n<p><strong>Consejo de Administraci\u00f3n\u00a0<\/strong><br \/>\n<strong>Cepral<\/strong><\/td>\n<\/tr>\n<\/tbody>\n<\/table>\n<table role=\"presentation\" border=\"0\" width=\"100%\" cellspacing=\"0\" cellpadding=\"0\">\n<tbody>\n<tr>\n<th class=\"yiv8495364817r5-c\" valign=\"top\" width=\"100%\">\n<table class=\"yiv8495364817r9-o\" role=\"presentation\" border=\"0\" width=\"100%\" cellspacing=\"0\" cellpadding=\"0\" align=\"left\">\n<tbody>\n<tr>\n<td class=\"yiv8495364817r10-i yiv8495364817nl2go-default-textstyle\" valign=\"top\">&nbsp;<\/p>\n<p><span style=\"color: #ff9900;\">Jueves 16 de enero de 2025<\/span><\/p>\n<p>CORTES ROTATIVOS<\/p>\n<p><span style=\"color: #ff9900;\">Debido a las altas temperaturas que estamos experimentando, desde la distribuidora EDEN S. A. nos han solicitado que realicemos cortes rotativos de una hora aproximadamente que afectar\u00edan a todos los barrios de acuerdo al siguiente cronograma:<\/span><\/p>\n<p>&nbsp;<\/p>\n<p><span style=\"color: #ff9900;\"><strong>13 a 14hs.:<\/strong>\u00a0El Remanso, \u00a0Indio Cu\u00e1 y Etchegoyen<\/span><\/p>\n<p><span style=\"color: #ff9900;\">14 a 15hs.: Parada Robles, Parque Exaltaci\u00f3n, Arroyo, Puente Fierro y Jular\u00f3<\/span><\/p>\n<p><span style=\"color: #ff9900;\"><strong>15 a 16hs.<\/strong>: Sakura, Los Pinos, Pav\u00f3n y Sta. Coloma<\/span><\/p>\n<p>&nbsp;<\/p>\n<p><span style=\"color: #ff9900;\">IMPORTANTE:\u00a0Atento a mensajes que est\u00e1n circulando,\u00a0<\/span><strong><span style=\"color: #ff9900;\">nuestros usuarios no tienen que hacer ning\u00fan seguimiento de los cortes ni ingresar a ning\u00fan link, de haber alguna novedad la comunicaremos exclusivamente por este medio<\/span>.<\/strong><\/td>\n<\/tr>\n<\/tbody>\n<\/table>\n<\/th>\n<\/tr>\n<\/tbody>\n<\/table>\n<table class=\"yiv0994168277r3-o\" role=\"presentation\" border=\"0\" width=\"550\" cellspacing=\"0\" cellpadding=\"0\" align=\"center\">\n<tbody>\n<tr>\n<td height=\"0\">\u00ad<\/td>\n<\/tr>\n<\/tbody>\n<\/table>\n<table class=\"yiv0994168277r3-o\" role=\"presentation\" border=\"0\" width=\"550\" cellspacing=\"0\" cellpadding=\"0\" align=\"center\">\n<tbody>\n<tr>\n<td class=\"yiv0994168277r12-i\"><img decoding=\"async\" src=\"https:\/\/ecp.yusercontent.com\/mail?url=https%3A%2F%2F41sau.img.sp1-brevo.net%2Fim%2Fsh%2FrAYbjFocjFB0.png%3Fu%3DWtVElij8PJZGdKGqfz9i99ZhF2tgHvTG&amp;t=1737033291&amp;ymreqid=a1e28384-e738-286e-1ce0-3a0012012e00&amp;sig=ly5D__nKY_M7geqvcPWTjQ--~D\" width=\"550\" border=\"0\" \/><\/td>\n<\/tr>\n<\/tbody>\n<\/table>\n<table class=\"yiv0994168277r9-o\" role=\"presentation\" border=\"0\" width=\"100%\" cellspacing=\"0\" cellpadding=\"0\" align=\"left\">\n<tbody>\n<tr>\n<td class=\"yiv0994168277r13-i yiv0994168277nl2go-default-textstyle\" align=\"left\" valign=\"top\">\n<div>\n<p><strong>Hagamos entre todos un Uso Responsable de la Energ\u00eda El\u00e9ctrica<\/strong><\/p>\n<p><strong>Manten\u00e9 una temperatura adecuada en el aire acondicionado<\/strong><\/p>\n<ul>\n<li>Ajustar entre 24\u00b0C y 26\u00b0C. Cada grado por debajo de esta franja incrementa el consumo en un 8%. Adem\u00e1s, apagarlos en ambientes desocupados y complementarlos con ventiladores puede hacerlos m\u00e1s eficientes.<\/li>\n<\/ul>\n<p>&nbsp;<\/p>\n<p><strong>Optimizar la iluminaci\u00f3n con luz natural y LED<\/strong><\/p>\n<ul>\n<li>Abrir cortinas y persianas durante el d\u00eda puede minimizar la necesidad de encender las luces. Tambi\u00e9n es importante reemplazar las l\u00e1mparas incandescentes por l\u00e1mparas LED que son hasta un 80% m\u00e1s eficientes y tienen una mayor durabilidad.<\/li>\n<li>Desconectar los electrodom\u00e9sticos en modo stand-by,\u00a0<strong>aunque parecen estar apagados, siguen consumiendo energ\u00eda de manera innecesaria. Este consumo \u201cfantasma\u201d puede representar entre un 5% y un 10% de la factura el\u00e9ctrica.<\/strong><\/li>\n<\/ul>\n<p>&nbsp;<\/p>\n<p><strong>Evitar el uso simult\u00e1neo de equipos de alto consumo<\/strong><\/p>\n<ul>\n<li>Apagar el aire acondicionado en los espacios desocupados y\u00a0<strong>evitar utilizar al mismo tiempo equipos de alto consumo<\/strong>, como planchas y aires acondicionados, puede ayudar a reducir el consumo el\u00e9ctrico en el hogar, disminuir la demanda sobre la red y optimizar el rendimiento de los equipos.<\/li>\n<\/ul>\n<p>&nbsp;<\/p>\n<p><strong>Planchar y lavar en horarios de menor demanda<\/strong><\/p>\n<ul>\n<li>Programar estas tareas fuera de los picos de demanda (13 h a 16 h) puede marcar una diferencia significativa.<\/li>\n<\/ul>\n<p>&nbsp;<\/p>\n<p><strong>Piscinas y sistemas de riego<\/strong><\/p>\n<ul>\n<li>Hacer un uso racional de los sistemas de renovaci\u00f3n de agua de las piscinas.<\/li>\n<li>Controlar los sistemas de riego<\/li>\n<\/ul>\n<p>&nbsp;<\/p>\n<p>Se sugiere programar estas actividades temprano en la ma\u00f1ana o despu\u00e9s del atardecer. Para este caso,\u00a0<strong>cambiar los horarios de uso no significa consumir menos energ\u00eda, pero s\u00ed reducir los picos de demanda.\u00a0<\/strong><\/p>\n<p><strong>Cada usuario tiene el poder de colaborar en el cuidado del sistema el\u00e9ctrico.<\/strong>\u00a0En un contexto de alta demanda y eventos clim\u00e1ticos extremos,\u00a0<strong>el consumo eficiente de energ\u00eda no solo alivia la red, sino que reduce el riesgo de interrupciones.<\/strong><\/p>\n<p>Detr\u00e1s de cada interruptor que se enciende, hay un sistema complejo que involucra una infraestructura avanzada y el esfuerzo de m\u00e1s de 60 mil personas dedicadas a asegurar el suministro el\u00e9ctrico a millones de argentinos.<\/p>\n<p>&nbsp;<\/p>\n<\/div>\n<\/td>\n<\/tr>\n<\/tbody>\n<\/table>\n<table class=\"yiv0994168277r3-o\" role=\"presentation\" border=\"0\" width=\"550\" cellspacing=\"0\" cellpadding=\"0\" align=\"center\">\n<tbody>\n<tr>\n<td class=\"yiv0994168277r11-i\">\n<table role=\"presentation\" border=\"0\" width=\"100%\" cellspacing=\"0\" cellpadding=\"0\">\n<tbody>\n<tr>\n<td>\n<table class=\"yiv0994168277r11-i\" role=\"presentation\" border=\"0\" width=\"100%\" cellspacing=\"0\" cellpadding=\"0\">\n<tbody>\n<tr>\n<td height=\"0\">\u00ad<\/td>\n<\/tr>\n<\/tbody>\n<tbody>\n<tr>\n<td class=\"yiv0994168277r14-i yiv0994168277nl2go-default-textstyle\" align=\"left\" valign=\"top\">\n<div>\n<p><strong>INFORMACI\u00d3N IMPORTANTE PARA LOS VECINOS QUE ALQUILAN SUS QUINTAS EN TEMPORADA<\/strong><\/p>\n<p>Recomendamos a nuestros usuarios que tengan especial cuidado de <strong>informar sus los inquilinos respecto de la necesidad del uso racional de energ\u00eda el\u00e9ctrica.<\/strong><\/p>\n<p>Recordamos que\u00a0<strong>los consumos de diciembre, enero y febrero se estar\u00e1n pagando con las facturas de febrero, marzo y abril del 2025.<\/strong><\/p>\n<p>Sugerimos<strong>\u00a0tomar los estados del medidor al momento del ingreso y del egreso<\/strong>\u00a0de los respectivos inquilinos.<\/p>\n<p>Consejo de Administraci\u00f3n<\/p>\n<p>Cepral<\/p>\n<\/div>\n<\/td>\n<\/tr>\n<\/tbody>\n<tbody>\n<tr>\n<td class=\"yiv0994168277r11-i\">\n<table role=\"presentation\" border=\"0\" width=\"100%\" cellspacing=\"0\" cellpadding=\"0\">\n<tbody>\n<tr>\n<td>\n<table class=\"yiv0994168277r11-i\" role=\"presentation\" border=\"0\" width=\"100%\" cellspacing=\"0\" cellpadding=\"0\">\n<tbody>\n<tr>\n<td height=\"0\"><strong>\u00ad<\/strong><\/td>\n<\/tr>\n<\/tbody>\n<\/table>\n<table class=\"yiv0994168277r9-o\" role=\"presentation\" border=\"0\" width=\"100%\" cellspacing=\"0\" cellpadding=\"0\" align=\"left\">\n<tbody>\n<tr>\n<td class=\"yiv0994168277r15-i yiv0994168277nl2go-default-textstyle\" align=\"left\" valign=\"top\"><strong>ESTAFAS O HACKEOS<\/strong><\/p>\n<p>Reiteramos que algunos vecinos est\u00e1n recibiendo llamados de personas haci\u00e9ndose pasar como personal de la Cooperativa avisando sobre cortes de servicio o deudas impagas, y as\u00ed solicitar informaci\u00f3n privada de los usuarios para realizar\u00a0<strong>ESTAFAS O HACKEOS.<\/strong><\/p>\n<p><strong>Desde CEPRAL alertarmos y solicitamos a los usuarios, que tengan mucha precauci\u00f3n ante estos llamados. Desde nuestra Cooperativa no son solicitados datos particulares telef\u00f3nicamente, tampoco se pide que ingresen ning\u00fan tipo de c\u00f3digo.<\/strong><\/p>\n<p><strong>Ante cualquier duda, no dar ninguna informaci\u00f3n ni ingresar ning\u00fan c\u00f3digo y llamar a los n\u00fameros (02323) 478-111\/112<\/strong><\/p>\n<p>&nbsp;<\/p>\n<p>\u00a1Muchas\u00a0Gracias!<\/td>\n<\/tr>\n<\/tbody>\n<\/table>\n<table class=\"yiv0994168277r3-o\" role=\"presentation\" border=\"0\" width=\"100%\" cellspacing=\"0\" cellpadding=\"0\" align=\"center\">\n<tbody>\n<tr>\n<td class=\"yiv0994168277r16-i\">\n<table role=\"presentation\" border=\"0\" width=\"100%\" cellspacing=\"0\" cellpadding=\"0\">\n<tbody>\n<tr>\n<th class=\"yiv0994168277r5-c\" valign=\"top\" width=\"100%\">\n<table class=\"yiv0994168277r9-o\" role=\"presentation\" border=\"0\" width=\"100%\" cellspacing=\"0\" cellpadding=\"0\" align=\"left\">\n<tbody>\n<tr>\n<td class=\"yiv0994168277r10-i yiv0994168277nl2go-default-textstyle\" valign=\"top\">\n<div>\n<p>El Uso Racional de la Energ\u00eda El\u00e9ctrica nos beneficia a todos.<\/p>\n<\/div>\n<\/td>\n<\/tr>\n<\/tbody>\n<\/table>\n<\/th>\n<\/tr>\n<\/tbody>\n<\/table>\n<p>&nbsp;<\/td>\n<\/tr>\n<\/tbody>\n<\/table>\n<\/td>\n<\/tr>\n<\/tbody>\n<\/table>\n<\/td>\n<\/tr>\n<\/tbody>\n<\/table>\n<\/td>\n<\/tr>\n<\/tbody>\n<\/table>\n<\/td>\n<\/tr>\n<\/tbody>\n<\/table>\n","protected":false},"excerpt":{"rendered":"<p>INFO SERVICIO. LA DIFUNDI\u00d3 EL CONSEJO DE ADMINISTRACI\u00d3N DE LA ENTIDAD Cortes Rotativos solicita EDEN.<\/p>\n","protected":false},"author":3,"featured_media":28098,"comment_status":"open","ping_status":"open","sticky":false,"template":"","format":"standard","meta":{"footnotes":"","jetpack_publicize_message":"","jetpack_publicize_feature_enabled":true,"jetpack_social_post_already_shared":true,"jetpack_social_options":{"image_generator_settings":{"template":"highway","default_image_id":0,"font":"","enabled":false},"version":2}},"categories":[5],"tags":[1722,29,1155],"class_list":["post-28070","post","type-post","status-publish","format-standard","has-post-thumbnail","hentry","category-aqui-parada-robles","tag-calor","tag-cepral","tag-verano"],"jetpack_publicize_connections":[],"jetpack_featured_media_url":"https:\/\/revistaepocadigital.com.ar\/wp-content\/uploads\/2025\/01\/mail.png","jetpack_likes_enabled":true,"_links":{"self":[{"href":"https:\/\/revistaepocadigital.com.ar\/index.php?rest_route=\/wp\/v2\/posts\/28070","targetHints":{"allow":["GET"]}}],"collection":[{"href":"https:\/\/revistaepocadigital.com.ar\/index.php?rest_route=\/wp\/v2\/posts"}],"about":[{"href":"https:\/\/revistaepocadigital.com.ar\/index.php?rest_route=\/wp\/v2\/types\/post"}],"author":[{"embeddable":true,"href":"https:\/\/revistaepocadigital.com.ar\/index.php?rest_route=\/wp\/v2\/users\/3"}],"replies":[{"embeddable":true,"href":"https:\/\/revistaepocadigital.com.ar\/index.php?rest_route=%2Fwp%2Fv2%2Fcomments&post=28070"}],"version-history":[{"count":0,"href":"https:\/\/revistaepocadigital.com.ar\/index.php?rest_route=\/wp\/v2\/posts\/28070\/revisions"}],"wp:featuredmedia":[{"embeddable":true,"href":"https:\/\/revistaepocadigital.com.ar\/index.php?rest_route=\/wp\/v2\/media\/28098"}],"wp:attachment":[{"href":"https:\/\/revistaepocadigital.com.ar\/index.php?rest_route=%2Fwp%2Fv2%2Fmedia&parent=28070"}],"wp:term":[{"taxonomy":"category","embeddable":true,"href":"https:\/\/revistaepocadigital.com.ar\/index.php?rest_route=%2Fwp%2Fv2%2Fcategories&post=28070"},{"taxonomy":"post_tag","embeddable":true,"href":"https:\/\/revistaepocadigital.com.ar\/index.php?rest_route=%2Fwp%2Fv2%2Ftags&post=28070"}],"curies":[{"name":"wp","href":"https:\/\/api.w.org\/{rel}","templated":true}]}}