{"id":28087,"date":"2025-01-15T13:28:59","date_gmt":"2025-01-15T16:28:59","guid":{"rendered":"https:\/\/revistaepocadigital.com.ar\/?p=28087"},"modified":"2025-01-15T13:30:23","modified_gmt":"2025-01-15T16:30:23","slug":"detuvieron-a-acusado-de-robos","status":"publish","type":"post","link":"https:\/\/revistaepocadigital.com.ar\/?p=28087","title":{"rendered":"DETUVIERON A ACUSADO DE ROBOS"},"content":{"rendered":"<p><strong>EN PARADA ROBLES.<\/strong><!--more--><\/p>\n<p>Mediante un operativo conjunto, fuerzas de seguridad lograron la detenci\u00f3n de un joven implicado en varios hechos delictivos en la zona. En el marco de la causa por robos que tramita ante la Unidad Funcional de Instrucci\u00f3n y Juicio (UFI y J) de Exaltaci\u00f3n de la Cruz, bajo la supervisi\u00f3n de la Dra. Cione, personal del Grupo T\u00e1ctico Operativo (GTO) de Parada Robles, junto con el GTO de Los Cardales Cardales, personal policial de Capilla del Se\u00f1or y el Grupo de Apoyo Departamental (GAD) de Exaltaci\u00f3n de la Cruz, llevaron a cabo un allanamiento en el barrio Arroyo de la Cruz.<\/p>\n<p>El operativo tuvo como resultado la detenci\u00f3n de un joven de 19 a\u00f1os, conocido como &#8220;El L\u00e1grima&#8221;, quien habr\u00eda estado involucrado en una serie de robos ocurridos en la zona. El detenido, de nacionalidad argentina, se encuentra ahora a disposici\u00f3n de la justicia, mientras avanzan las investigaciones.<\/p>\n<p>La coordinaci\u00f3n entre las diferentes fuerzas de seguridad fue clave para el \u00e9xito del procedimiento. Seg\u00fan fuentes oficiales, los elementos probatorios recabados permitir\u00edan vincular al detenido con los delitos investigados, lo que representa un importante avance en el esclarecimiento de los hechos que preocupaban a la comunidad local.<\/p>\n<p>&nbsp;<\/p>\n","protected":false},"excerpt":{"rendered":"<p>EN PARADA ROBLES.<\/p>\n","protected":false},"author":3,"featured_media":28089,"comment_status":"open","ping_status":"open","sticky":false,"template":"","format":"standard","meta":{"footnotes":"","jetpack_publicize_message":"","jetpack_publicize_feature_enabled":true,"jetpack_social_post_already_shared":true,"jetpack_social_options":{"image_generator_settings":{"template":"highway","default_image_id":0,"font":"","enabled":false},"version":2}},"categories":[13],"tags":[2293,176],"class_list":["post-28087","post","type-post","status-publish","format-standard","has-post-thumbnail","hentry","category-interes-general","tag-detencion","tag-robos"],"jetpack_publicize_connections":[],"jetpack_featured_media_url":"https:\/\/revistaepocadigital.com.ar\/wp-content\/uploads\/2025\/01\/dete.jpg","jetpack_likes_enabled":true,"_links":{"self":[{"href":"https:\/\/revistaepocadigital.com.ar\/index.php?rest_route=\/wp\/v2\/posts\/28087","targetHints":{"allow":["GET"]}}],"collection":[{"href":"https:\/\/revistaepocadigital.com.ar\/index.php?rest_route=\/wp\/v2\/posts"}],"about":[{"href":"https:\/\/revistaepocadigital.com.ar\/index.php?rest_route=\/wp\/v2\/types\/post"}],"author":[{"embeddable":true,"href":"https:\/\/revistaepocadigital.com.ar\/index.php?rest_route=\/wp\/v2\/users\/3"}],"replies":[{"embeddable":true,"href":"https:\/\/revistaepocadigital.com.ar\/index.php?rest_route=%2Fwp%2Fv2%2Fcomments&post=28087"}],"version-history":[{"count":0,"href":"https:\/\/revistaepocadigital.com.ar\/index.php?rest_route=\/wp\/v2\/posts\/28087\/revisions"}],"wp:featuredmedia":[{"embeddable":true,"href":"https:\/\/revistaepocadigital.com.ar\/index.php?rest_route=\/wp\/v2\/media\/28089"}],"wp:attachment":[{"href":"https:\/\/revistaepocadigital.com.ar\/index.php?rest_route=%2Fwp%2Fv2%2Fmedia&parent=28087"}],"wp:term":[{"taxonomy":"category","embeddable":true,"href":"https:\/\/revistaepocadigital.com.ar\/index.php?rest_route=%2Fwp%2Fv2%2Fcategories&post=28087"},{"taxonomy":"post_tag","embeddable":true,"href":"https:\/\/revistaepocadigital.com.ar\/index.php?rest_route=%2Fwp%2Fv2%2Ftags&post=28087"}],"curies":[{"name":"wp","href":"https:\/\/api.w.org\/{rel}","templated":true}]}}