{"id":28093,"date":"2025-01-16T00:55:49","date_gmt":"2025-01-16T03:55:49","guid":{"rendered":"https:\/\/revistaepocadigital.com.ar\/?p=28093"},"modified":"2025-01-16T00:55:49","modified_gmt":"2025-01-16T03:55:49","slug":"verano-para-festejar-poco-en-la-costa-atlantica","status":"publish","type":"post","link":"https:\/\/revistaepocadigital.com.ar\/?p=28093","title":{"rendered":"VERANO PARA FESTEJAR POCO EN LA COSTA ATL\u00c1NTICA"},"content":{"rendered":"<div class=\"xdj266r x11i5rnm xat24cr x1mh8g0r x1vvkbs x126k92a\">\n<div dir=\"auto\"><strong>DATOS OFICIALES INDICAN QUE HAY MENOS GENTE. EL PAPELA DE LA POL\u00cdTICA ECON\u00d3MICA<\/strong><\/div>\n<div dir=\"auto\"><\/div>\n<\/div>\n<p><!--more--><\/p>\n<div class=\"x11i5rnm xat24cr x1mh8g0r x1vvkbs xtlvy1s x126k92a\">\n<div dir=\"auto\">El comunicado de la Federaci\u00f3n Econ\u00f3mica de la Provincia de Buenos Aires (FEBA), indic\u00f3 qudice que, la ocupaci\u00f3n hotelera en la ciudad de Mar Del Plata en la primera quincena de enero, s\u00f3lo cubri\u00f3 el 65% de las plazas disponibles. El porcentaje marc\u00f3 un retroceso de 10 puntos porcentuales con respecto a la \u00faltima temporada, en materia de visitantes a la Feliz, tradicionalmente, uno de los destinos m\u00e1s concurridos del pa\u00eds.<\/div>\n<div dir=\"auto\"><\/div>\n<\/div>\n<div class=\"x11i5rnm xat24cr x1mh8g0r x1vvkbs xtlvy1s x126k92a\">\n<div dir=\"auto\">Genaro Garc\u00eda, seg\u00fan public\u00f3 FM Studio, responsable del sector Turismo de FEBA expres\u00f3: \u201cEs bajo el nivel de ocupaci\u00f3n promedio. Se advierte menor reserva en los destinos m\u00e1s populares de la Costa Atl\u00e1ntica, donde los valores son superiores a los de Brasil o Chile.<\/div>\n<div dir=\"auto\">Los destinos m\u00e1s exclusivos son los que han tenido mejor nivel de ocupaci\u00f3n\u201d.<\/div>\n<\/div>\n<div dir=\"auto\"><\/div>\n<div dir=\"auto\">Como fuera publicado en nota anterior, este verano se ha notado un notable incremento de turistas argentinos partiendo con destino en especial a Brasil y Chile, debido a las ventajas comparativas que son percibidas, entre las principales, la paridad cambiaria en el marco actual de la pol\u00edtica econ\u00f3mica y precios y condiciones encontradas en destinos como los mencionados.<\/div>\n<div dir=\"auto\"><\/div>\n<div dir=\"auto\">foto portada: gentileza diario El D\u00eda (La Plata)<\/div>\n","protected":false},"excerpt":{"rendered":"<p>DATOS OFICIALES INDICAN QUE HAY MENOS GENTE. EL PAPELA DE LA POL\u00cdTICA ECON\u00d3MICA<\/p>\n","protected":false},"author":4,"featured_media":28095,"comment_status":"open","ping_status":"open","sticky":false,"template":"","format":"standard","meta":{"footnotes":"","jetpack_publicize_message":"","jetpack_publicize_feature_enabled":true,"jetpack_social_post_already_shared":true,"jetpack_social_options":{"image_generator_settings":{"template":"highway","default_image_id":0,"font":"","enabled":false},"version":2}},"categories":[17],"tags":[3013,3012],"class_list":["post-28093","post","type-post","status-publish","format-standard","has-post-thumbnail","hentry","category-politica","tag-menos-gente","tag-verano-25"],"jetpack_publicize_connections":[],"jetpack_featured_media_url":"https:\/\/revistaepocadigital.com.ar\/wp-content\/uploads\/2025\/01\/1725886668842.jpg","jetpack_likes_enabled":true,"_links":{"self":[{"href":"https:\/\/revistaepocadigital.com.ar\/index.php?rest_route=\/wp\/v2\/posts\/28093","targetHints":{"allow":["GET"]}}],"collection":[{"href":"https:\/\/revistaepocadigital.com.ar\/index.php?rest_route=\/wp\/v2\/posts"}],"about":[{"href":"https:\/\/revistaepocadigital.com.ar\/index.php?rest_route=\/wp\/v2\/types\/post"}],"author":[{"embeddable":true,"href":"https:\/\/revistaepocadigital.com.ar\/index.php?rest_route=\/wp\/v2\/users\/4"}],"replies":[{"embeddable":true,"href":"https:\/\/revistaepocadigital.com.ar\/index.php?rest_route=%2Fwp%2Fv2%2Fcomments&post=28093"}],"version-history":[{"count":0,"href":"https:\/\/revistaepocadigital.com.ar\/index.php?rest_route=\/wp\/v2\/posts\/28093\/revisions"}],"wp:featuredmedia":[{"embeddable":true,"href":"https:\/\/revistaepocadigital.com.ar\/index.php?rest_route=\/wp\/v2\/media\/28095"}],"wp:attachment":[{"href":"https:\/\/revistaepocadigital.com.ar\/index.php?rest_route=%2Fwp%2Fv2%2Fmedia&parent=28093"}],"wp:term":[{"taxonomy":"category","embeddable":true,"href":"https:\/\/revistaepocadigital.com.ar\/index.php?rest_route=%2Fwp%2Fv2%2Fcategories&post=28093"},{"taxonomy":"post_tag","embeddable":true,"href":"https:\/\/revistaepocadigital.com.ar\/index.php?rest_route=%2Fwp%2Fv2%2Ftags&post=28093"}],"curies":[{"name":"wp","href":"https:\/\/api.w.org\/{rel}","templated":true}]}}