{"id":28104,"date":"2025-01-17T10:27:09","date_gmt":"2025-01-17T13:27:09","guid":{"rendered":"https:\/\/revistaepocadigital.com.ar\/?p=28104"},"modified":"2025-01-17T10:39:29","modified_gmt":"2025-01-17T13:39:29","slug":"precios-y-pagos-en-dolares-nuevas-medidas-del-gobierno-nacional","status":"publish","type":"post","link":"https:\/\/revistaepocadigital.com.ar\/?p=28104","title":{"rendered":"Precios y pagos en d\u00f3lares: nuevas medidas del Gobierno Nacional"},"content":{"rendered":"<p><strong>LAS DIFERENTES MODALIDADES QUE COMENZAR\u00c1N A IMPLEMENTARSE EN EL PA\u00cdS.<\/strong><!--more--><\/p>\n<div id=\"&quot;frame-conten\">\n<div class=\"author article-author\">\n<div class=\"textwrap\">\n<div class=\"name\"><\/div>\n<\/div>\n<\/div>\n<div class=\"columns\" data-tadevel-template=\"web\/article-columns\">\n<div class=\"column-main\">\n<div class=\"article-body\" data-tadevel-template=\"web\/article-body\">\n<div class=\"article-body-content\">\n<p>El<strong>\u00a0Banco Central\u00a0<\/strong>aprob\u00f3 el pago en d\u00f3lares con tarjetas de d\u00e9bito, QR o transferencia con DEBIN.<\/p>\n<p>&#8220;Estas iniciativas buscan igualar la eficiencia de los diferentes medios de pago tanto en pesos como en d\u00f3lares, dinamizando el uso de instrumentos de pago en d\u00f3lares para las operaciones comerciales en el mercado local&#8221;, anunci\u00f3 la entidad en un comunicado&#8221;, indic\u00f3 el organismo.<\/p>\n<p class=\"aside\">La autoridad monetaria inform\u00f3 que desde el 28 de febrero este tipo de transacciones deber\u00e1n estar disponibles en los comercios que acepten esta modalidad.<\/p>\n<p>La medida busca dar una salida a los d\u00f3lares que ingresaron en el \u00faltimo blanqueo de capitales.<\/p>\n<p>La entidad que dirige Santiago Bausilli tambi\u00e9n aclar\u00f3 que la incorporaci\u00f3n de la modalidad QR permitir\u00e1 mejorar &#8220;la experiencia de los clientes y de los comercios que podr\u00e1n realizar y recibir pagos con cualquier instrumento que tengan enrolado en su billetera, simplemente escaneando cualquier c\u00f3digo QR&#8221;.<\/p>\n<p>En cuanto a la tercera modalidad, el BCRA dispuso la creaci\u00f3n del &#8220;DEBIN Programado&#8221; para que los titulares de las cuentas paguen con una \u00fanica autorizaci\u00f3n.<\/p>\n<h3>Se podr\u00e1n mostrar precios en d\u00f3lares<\/h3>\n<p>Adem\u00e1s, el ministro de Econom\u00eda explic\u00f3 en sus redes sociales que desde este viernes 17 de enero \u201clos precios de bienes y servicios podr\u00e1n mostrarse en d\u00f3lares estadounidenses o en otra moneda extranjera\u201d.<\/p>\n<p>\u201cAdem\u00e1s de figurar en pesos, indicando el importe total y final que debe abonar el consumidor. La norma tambi\u00e9n prev\u00e9 que los establecimientos comerciales deben indicar el precio por unidad de medida, y que el precio de g\u00f3ndola coincida con el que se cobra en l\u00edneas de cajas\u201d, precis\u00f3.<\/p>\n<\/div>\n<p>Nota publicada en Cba24n<\/p>\n<\/div>\n<\/div>\n<\/div>\n<\/div>\n","protected":false},"excerpt":{"rendered":"<p>LAS DIFERENTES MODALIDADES QUE COMENZAR\u00c1N A IMPLEMENTARSE EN EL PA\u00cdS.<\/p>\n","protected":false},"author":3,"featured_media":28111,"comment_status":"open","ping_status":"open","sticky":false,"template":"","format":"standard","meta":{"footnotes":"","jetpack_publicize_message":"","jetpack_publicize_feature_enabled":true,"jetpack_social_post_already_shared":true,"jetpack_social_options":{"image_generator_settings":{"template":"highway","default_image_id":0,"font":"","enabled":false},"version":2}},"categories":[17],"tags":[3014],"class_list":["post-28104","post","type-post","status-publish","format-standard","has-post-thumbnail","hentry","category-politica","tag-pago-en-dolares"],"jetpack_publicize_connections":[],"jetpack_featured_media_url":"https:\/\/revistaepocadigital.com.ar\/wp-content\/uploads\/2025\/01\/Debito.jpg","jetpack_likes_enabled":true,"_links":{"self":[{"href":"https:\/\/revistaepocadigital.com.ar\/index.php?rest_route=\/wp\/v2\/posts\/28104","targetHints":{"allow":["GET"]}}],"collection":[{"href":"https:\/\/revistaepocadigital.com.ar\/index.php?rest_route=\/wp\/v2\/posts"}],"about":[{"href":"https:\/\/revistaepocadigital.com.ar\/index.php?rest_route=\/wp\/v2\/types\/post"}],"author":[{"embeddable":true,"href":"https:\/\/revistaepocadigital.com.ar\/index.php?rest_route=\/wp\/v2\/users\/3"}],"replies":[{"embeddable":true,"href":"https:\/\/revistaepocadigital.com.ar\/index.php?rest_route=%2Fwp%2Fv2%2Fcomments&post=28104"}],"version-history":[{"count":0,"href":"https:\/\/revistaepocadigital.com.ar\/index.php?rest_route=\/wp\/v2\/posts\/28104\/revisions"}],"wp:featuredmedia":[{"embeddable":true,"href":"https:\/\/revistaepocadigital.com.ar\/index.php?rest_route=\/wp\/v2\/media\/28111"}],"wp:attachment":[{"href":"https:\/\/revistaepocadigital.com.ar\/index.php?rest_route=%2Fwp%2Fv2%2Fmedia&parent=28104"}],"wp:term":[{"taxonomy":"category","embeddable":true,"href":"https:\/\/revistaepocadigital.com.ar\/index.php?rest_route=%2Fwp%2Fv2%2Fcategories&post=28104"},{"taxonomy":"post_tag","embeddable":true,"href":"https:\/\/revistaepocadigital.com.ar\/index.php?rest_route=%2Fwp%2Fv2%2Ftags&post=28104"}],"curies":[{"name":"wp","href":"https:\/\/api.w.org\/{rel}","templated":true}]}}