{"id":28131,"date":"2025-01-22T09:26:52","date_gmt":"2025-01-22T12:26:52","guid":{"rendered":"https:\/\/revistaepocadigital.com.ar\/?p=28131"},"modified":"2025-01-23T21:16:57","modified_gmt":"2025-01-24T00:16:57","slug":"desde-eden-hablaron-sobre-el-corte-de-luz-tan-prolongado-en-capilla-del-senor","status":"publish","type":"post","link":"https:\/\/revistaepocadigital.com.ar\/?p=28131","title":{"rendered":"DESDE EDEN HABLARON SOBRE EL CORTE DE LUZ TAN PROLONGADO EN CAPILLA DEL SE\u00d1OR"},"content":{"rendered":"<p><strong>EL CORTE DE ENERG\u00cdA EL\u00c9CTRICA QUE DEJ\u00d3 SIN LUZ A CAPILLA DEL SE\u00d1OR Y OTROS SECTORES DEL DISTRITO DE EXALTACI\u00d3N DE LA CRUZ EL DOMINGO 19 DE ENERO PASADO, CAUSANDO M\u00daLTIPLES INCONVENIENTES. EPOCA TOM\u00d3 CONTACTO CON EDEN. AUTORIDADES DE LA EMPRESA INFORMARON AL RESPECTO.<\/strong><!--more--><\/p>\n<p><strong>-Cuales fueron los motivos que ocasionaron la tan prolongada interrupci\u00f3n del servicio el\u00e9ctrico el domingo 19 de enero en Capilla del Se\u00f1or y sectores del partido de Exaltaci\u00f3n de la Cruz; y a prop\u00f3sito EDEN no hab\u00eda instalado una l\u00ednea de tensi\u00f3n proveniente de Campana, para responder ante eventuales problemas que surgieran en la l\u00ednea principal proveniente desde Luj\u00e1n?<\/strong><\/p>\n<p>&#8211;<em>Capilla del Se\u00f1or, est\u00e1 alimentada en 33 kV de media tensi\u00f3n por medio de dos l\u00edneas, una proveniente de la localidad de Campana y otra de Luj\u00e1n. Lo que ocurri\u00f3 el domingo 19 de enero a primeras horas de la ma\u00f1ana, fue que tuvimos un desperfecto en el cable subterr\u00e1neo de la alimentaci\u00f3n que proviene de Campana, debido a esto para evitar el corte de energ\u00eda, se transfiri\u00f3 toda la demanda a la l\u00ednea que viene desde Lujan. Pero, a primeras horas de la tarde de ese d\u00eda, y como consecuencia de la fuerte tormenta que afect\u00f3 a casi toda la provincia de Buenos Aires, esa l\u00ednea tambi\u00e9n qued\u00f3 fuera de servicio, debido a la gran cantidad de ramas que se encontraban sobre el primer tramo de la l\u00ednea en plena zona rural y de muy dif\u00edcil acceso. Esas razones entonces, generaron el corte de servicio el\u00e9ctrico en la localidad.<\/em><br \/>\n<em>Durante toda la jornada del domingo 19, el personal t\u00e9cnico de EDEN estuvo trabajando para reparar el cable subterr\u00e1neo que une Campana con Capilla del Se\u00f1or, y la l\u00ednea que viene desde Lujan. Cabe destacar, que el mal clima y la intensidad de las lluvias dificultaron los trabajos, especialmente en la l\u00ednea que llega desde Lujan, ya que se encuentra en una zona rural, dentro de un campo privado al que es muy dif\u00edcil acceder.<\/em><\/p>\n<p><strong>-\u00bfPor qu\u00e9 debi\u00f3 CEPRAL proveer de energ\u00eda el\u00e9ctrica para solucionar el problema? EDEN se descuenta, debe contar con medios t\u00e9cnicos suficientes.<\/strong><\/p>\n<p><em>-CEPRAL no debi\u00f3 proveer de energ\u00eda el\u00e9ctrica en ning\u00fan momento. La l\u00ednea de 33 kV que viene desde Lujan, pasa por la estaci\u00f3n transformadora de CEPRAL, pero en ning\u00fan momento ellos nos debieron proveer de energ\u00eda el\u00e9ctrica a nosotros.<\/em><\/p>\n<p><strong>-Ha trascendido que en Capilla del se\u00f1or, la subestaci\u00f3n de le empresa no funciona. En ese caso a que se debe, cuanto tiempo demandar\u00eda la soluci\u00f3n para que funcione con normalidad, y a que motivos obedecer\u00eda?<\/strong><br \/>\n<em>-La ET Capilla, funciona perfectamente. Desde que se instal\u00f3 el segundo transformador de 10 MVA, cuenta con una potencia instalada de 20 MVA destinado \u00edntegramente a la provisi\u00f3n de energ\u00eda el\u00e9ctrica a Capilla del Se\u00f1or. Justamente es la obra realizada sobre la que difundimos informaci\u00f3n hace poco tiempo. Se reemplaz\u00f3 toda la tecnolog\u00eda y se duplic\u00f3 la potencia instalada.<\/em><\/p>\n<p><strong>-Tambi\u00e9n se escucha decir entre vecinos de Exaltaci\u00f3n de la Cruz que el sistema t\u00e9cnico de EDEN en la zona y Exaltaci\u00f3n de la Cruz como distrito incluido, se encuentra con serias deficiencias y en un estado de vulnerabilidad preocupante. En tal sentido, \u00bfseguir\u00e1n produci\u00e9ndose fallas que impliquen m\u00e1s cortes de luz?<\/strong><br \/>\n<em>-Desde la empresa ejecutamos permanentemente diferentes planes de obras y mantenimiento en toda la red, que permitan mejorar la calidad del servicio. Por ejemplo, se realizan trabajos de poda en conjunto con el municipio de Exaltaci\u00f3n de la Cruz alrededor de las l\u00edneas. Las tareas apuntan a intentar evitar que las ramas toquen las l\u00edneas y las da\u00f1en, situaci\u00f3n que puede ocasionar una salida de servicio. Adem\u00e1s hemos reconvertido toda la red a\u00e9rea de media tensi\u00f3n, se reemplaz\u00f3 el cable convencional por cable protegido y se reemplazaron postes de madera por columna de hormig\u00f3n, dicho esto entre otros trabajos que se vienen desarrollando.<\/em><\/p>\n<p>Foto: prensa EDEN<\/p>\n<p>nota en desarrollo<\/p>\n<p>&nbsp;<\/p>\n","protected":false},"excerpt":{"rendered":"<p>EL CORTE DE ENERG\u00cdA EL\u00c9CTRICA QUE DEJ\u00d3 SIN LUZ A CAPILLA DEL SE\u00d1OR Y OTROS SECTORES DEL DISTRITO DE EXALTACI\u00d3N DE LA CRUZ EL DOMINGO 19 DE ENERO PASADO, CAUSANDO M\u00daLTIPLES INCONVENIENTES. EPOCA TOM\u00d3 CONTACTO CON EDEN. AUTORIDADES DE LA EMPRESA INFORMARON AL RESPECTO.<\/p>\n","protected":false},"author":4,"featured_media":28146,"comment_status":"open","ping_status":"open","sticky":false,"template":"","format":"standard","meta":{"footnotes":"","jetpack_publicize_message":"","jetpack_publicize_feature_enabled":true,"jetpack_social_post_already_shared":true,"jetpack_social_options":{"image_generator_settings":{"template":"highway","default_image_id":0,"font":"","enabled":false},"version":2}},"categories":[13],"tags":[2996,125,39],"class_list":["post-28131","post","type-post","status-publish","format-standard","has-post-thumbnail","hentry","category-interes-general","tag-2996","tag-cortes-de-luz","tag-eden"],"jetpack_publicize_connections":[],"jetpack_featured_media_url":"https:\/\/revistaepocadigital.com.ar\/wp-content\/uploads\/2025\/01\/eden-25-1.jpg","jetpack_likes_enabled":true,"_links":{"self":[{"href":"https:\/\/revistaepocadigital.com.ar\/index.php?rest_route=\/wp\/v2\/posts\/28131","targetHints":{"allow":["GET"]}}],"collection":[{"href":"https:\/\/revistaepocadigital.com.ar\/index.php?rest_route=\/wp\/v2\/posts"}],"about":[{"href":"https:\/\/revistaepocadigital.com.ar\/index.php?rest_route=\/wp\/v2\/types\/post"}],"author":[{"embeddable":true,"href":"https:\/\/revistaepocadigital.com.ar\/index.php?rest_route=\/wp\/v2\/users\/4"}],"replies":[{"embeddable":true,"href":"https:\/\/revistaepocadigital.com.ar\/index.php?rest_route=%2Fwp%2Fv2%2Fcomments&post=28131"}],"version-history":[{"count":0,"href":"https:\/\/revistaepocadigital.com.ar\/index.php?rest_route=\/wp\/v2\/posts\/28131\/revisions"}],"wp:featuredmedia":[{"embeddable":true,"href":"https:\/\/revistaepocadigital.com.ar\/index.php?rest_route=\/wp\/v2\/media\/28146"}],"wp:attachment":[{"href":"https:\/\/revistaepocadigital.com.ar\/index.php?rest_route=%2Fwp%2Fv2%2Fmedia&parent=28131"}],"wp:term":[{"taxonomy":"category","embeddable":true,"href":"https:\/\/revistaepocadigital.com.ar\/index.php?rest_route=%2Fwp%2Fv2%2Fcategories&post=28131"},{"taxonomy":"post_tag","embeddable":true,"href":"https:\/\/revistaepocadigital.com.ar\/index.php?rest_route=%2Fwp%2Fv2%2Ftags&post=28131"}],"curies":[{"name":"wp","href":"https:\/\/api.w.org\/{rel}","templated":true}]}}