{"id":28138,"date":"2025-01-14T21:48:43","date_gmt":"2025-01-15T00:48:43","guid":{"rendered":"https:\/\/revistaepocadigital.com.ar\/?p=28138"},"modified":"2025-02-03T22:35:17","modified_gmt":"2025-02-04T01:35:17","slug":"en-robles-trabaja-un-nuevo-camion-compactador-de-residuos","status":"publish","type":"post","link":"https:\/\/revistaepocadigital.com.ar\/?p=28138","title":{"rendered":"EN ROBLES, TRABAJA UN NUEVO CAMI\u00d3N COMPACTADOR DE RESIDUOS"},"content":{"rendered":"<div class=\"html-div xdj266r x11i5rnm xat24cr x1mh8g0r xexx8yu x4uap5 x18d9i69 xkhd6sd\">\n<div class=\"html-div xdj266r x11i5rnm x1mh8g0r x18d9i69 x1cy8zhl x78zum5 x1q0g3np xod5an3 xz9dl7a x1ye3gou xn6708d\">\n<div class=\"html-div xdj266r x11i5rnm xat24cr x1mh8g0r xexx8yu x4uap5 x18d9i69 xkhd6sd x1iyjqo2\">\n<div class=\"x78zum5 xdt5ytf xz62fqu x16ldp7u\">\n<div class=\"xu06os2 x1ok221b\">\n<div class=\"html-div xdj266r x11i5rnm xat24cr x1mh8g0r xexx8yu x4uap5 x18d9i69 xkhd6sd\" data-ad-rendering-role=\"profile_name\">\n<h3 id=\":R5aklmimjbsmipapd5aq:\" class=\"html-h3 x11i5rnm xat24cr x1mh8g0r xexx8yu x4uap5 x18d9i69 xkhd6sd x1vvkbs x1heor9g x1qlqyl8 x1pd3egz x1a2a7pz x1gslohp x1yc453h\"><strong><span style=\"color: #222222; font-family: Verdana, Geneva, sans-serif; font-size: 15px;\">EL VEH\u00cdCULO.<!--more--><\/span><\/strong><\/h3>\n<p>De acuerdo a lo informado por el municipio y la delegaci\u00f3n municipal de Parada Robles, fue adquirido a trav\u00e9s del convenio Provincia Leasing, y ya comenz\u00f3 a utilizarse para tareas en el corredor de la ruta 8.<\/p>\n<p>Durante la semana (20 a 26\u00a0 de enero), trabajaba en la recolecci\u00f3n y limpieza de los contenedores de residuos ubicados a lo largo de la colectora.<\/p>\n<\/div>\n<p><img loading=\"lazy\" decoding=\"async\" class=\"aligncenter size-full wp-image-28143\" src=\"https:\/\/revistaepocadigital.com.ar\/wp-content\/uploads\/2025\/01\/camionrecolec25.jpg\" alt=\"\" width=\"506\" height=\"303\" srcset=\"https:\/\/revistaepocadigital.com.ar\/wp-content\/uploads\/2025\/01\/camionrecolec25.jpg 506w, https:\/\/revistaepocadigital.com.ar\/wp-content\/uploads\/2025\/01\/camionrecolec25-300x180.jpg 300w\" sizes=\"auto, (max-width: 506px) 100vw, 506px\" \/><\/p>\n<\/div>\n<\/div>\n<\/div>\n<\/div>\n<\/div>\n<p>Desde la comuna a su vez, recordaron a los vecinos de la zona, que a partir del 9 de febrero, el cami\u00f3n comenzar\u00e1 con la recolecci\u00f3n diaria de residuos en el Barrio El Remanso. En tal sentido, cada vecino frentista deber\u00e1 colocar el cesto correspondiente a 1,50 metros de altura.<\/p>\n<p>&nbsp;<\/p>\n<p><img loading=\"lazy\" decoding=\"async\" class=\"aligncenter size-full wp-image-28159\" src=\"https:\/\/revistaepocadigital.com.ar\/wp-content\/uploads\/2025\/01\/REMAN.jpg\" alt=\"\" width=\"522\" height=\"552\" srcset=\"https:\/\/revistaepocadigital.com.ar\/wp-content\/uploads\/2025\/01\/REMAN.jpg 522w, https:\/\/revistaepocadigital.com.ar\/wp-content\/uploads\/2025\/01\/REMAN-284x300.jpg 284w, https:\/\/revistaepocadigital.com.ar\/wp-content\/uploads\/2025\/01\/REMAN-397x420.jpg 397w\" sizes=\"auto, (max-width: 522px) 100vw, 522px\" \/><\/p>\n","protected":false},"excerpt":{"rendered":"<p>EL VEH\u00cdCULO.<\/p>\n","protected":false},"author":3,"featured_media":28141,"comment_status":"open","ping_status":"open","sticky":false,"template":"","format":"standard","meta":{"footnotes":"","jetpack_publicize_message":"","jetpack_publicize_feature_enabled":true,"jetpack_social_post_already_shared":true,"jetpack_social_options":{"image_generator_settings":{"template":"highway","default_image_id":0,"font":"","enabled":false},"version":2}},"categories":[15,16],"tags":[3018,37,201],"class_list":["post-28138","post","type-post","status-publish","format-standard","has-post-thumbnail","hentry","category-lo-que-tenes-que-saber","category-municipales","tag-camion-recolector-nuevo","tag-destacada","tag-robles"],"jetpack_publicize_connections":[],"jetpack_featured_media_url":"https:\/\/revistaepocadigital.com.ar\/wp-content\/uploads\/2025\/01\/camion-recolector25.jpg","jetpack_likes_enabled":true,"_links":{"self":[{"href":"https:\/\/revistaepocadigital.com.ar\/index.php?rest_route=\/wp\/v2\/posts\/28138","targetHints":{"allow":["GET"]}}],"collection":[{"href":"https:\/\/revistaepocadigital.com.ar\/index.php?rest_route=\/wp\/v2\/posts"}],"about":[{"href":"https:\/\/revistaepocadigital.com.ar\/index.php?rest_route=\/wp\/v2\/types\/post"}],"author":[{"embeddable":true,"href":"https:\/\/revistaepocadigital.com.ar\/index.php?rest_route=\/wp\/v2\/users\/3"}],"replies":[{"embeddable":true,"href":"https:\/\/revistaepocadigital.com.ar\/index.php?rest_route=%2Fwp%2Fv2%2Fcomments&post=28138"}],"version-history":[{"count":0,"href":"https:\/\/revistaepocadigital.com.ar\/index.php?rest_route=\/wp\/v2\/posts\/28138\/revisions"}],"wp:featuredmedia":[{"embeddable":true,"href":"https:\/\/revistaepocadigital.com.ar\/index.php?rest_route=\/wp\/v2\/media\/28141"}],"wp:attachment":[{"href":"https:\/\/revistaepocadigital.com.ar\/index.php?rest_route=%2Fwp%2Fv2%2Fmedia&parent=28138"}],"wp:term":[{"taxonomy":"category","embeddable":true,"href":"https:\/\/revistaepocadigital.com.ar\/index.php?rest_route=%2Fwp%2Fv2%2Fcategories&post=28138"},{"taxonomy":"post_tag","embeddable":true,"href":"https:\/\/revistaepocadigital.com.ar\/index.php?rest_route=%2Fwp%2Fv2%2Ftags&post=28138"}],"curies":[{"name":"wp","href":"https:\/\/api.w.org\/{rel}","templated":true}]}}