{"id":28153,"date":"2025-01-23T18:55:58","date_gmt":"2025-01-23T21:55:58","guid":{"rendered":"https:\/\/revistaepocadigital.com.ar\/?p=28153"},"modified":"2025-01-23T18:59:20","modified_gmt":"2025-01-23T21:59:20","slug":"en-estos-tiempos-la-prioridad-de-cepral-el-uso-racional-de-la-luz","status":"publish","type":"post","link":"https:\/\/revistaepocadigital.com.ar\/?p=28153","title":{"rendered":"EN ESTOS TIEMPOS, LA PRIORIDAD DE CEPRAL: EL USO RACIONAL DE LA LUZ"},"content":{"rendered":"<p><strong>NOTA SERVICIO. INFORME DEL CONSEJO DE ADMINISTRACI\u00d3N DE CEPRAL.<\/strong><!--more--><\/p>\n<p>&nbsp;<\/p>\n<table class=\"yiv6492568587r3-o\" role=\"presentation\" border=\"0\" width=\"100%\" cellspacing=\"0\" cellpadding=\"0\" align=\"center\">\n<tbody>\n<tr>\n<td class=\"yiv6492568587r4-i\">\n<table role=\"presentation\" border=\"0\" width=\"100%\" cellspacing=\"0\" cellpadding=\"0\">\n<tbody>\n<tr>\n<th class=\"yiv6492568587r5-c\" valign=\"top\" width=\"100%\">\n<table class=\"yiv6492568587r6-o\" role=\"presentation\" border=\"0\" width=\"100%\" cellspacing=\"0\" cellpadding=\"0\">\n<tbody>\n<tr>\n<td class=\"yiv6492568587r7-i\" valign=\"top\">\n<table role=\"presentation\" border=\"0\" width=\"100%\" cellspacing=\"0\" cellpadding=\"0\">\n<tbody>\n<tr>\n<td class=\"yiv6492568587r8-c\" align=\"center\"><\/td>\n<\/tr>\n<tr>\n<td class=\"yiv6492568587r8-c\" align=\"center\"><img decoding=\"async\" src=\"https:\/\/ecp.yusercontent.com\/mail?url=https%3A%2F%2F41sau.img.a.d.sendibm1.com%2Fim%2Fsh%2FEMm9GWzp9fLd.jpg%3Fu%3DWtVElij8PJZGcrw8TYlM3EPRBDVrJBlC&amp;t=1737666923&amp;ymreqid=a1e28384-e738-286e-1cce-66001901ee00&amp;sig=x0m8Br2yTAWkZucK57yFNw--~D\" width=\"590\" border=\"0\" \/><\/td>\n<\/tr>\n<\/tbody>\n<\/table>\n<\/td>\n<\/tr>\n<\/tbody>\n<tbody>\n<tr>\n<td class=\"yiv6492568587r4-i\">\n<table role=\"presentation\" border=\"0\" width=\"100%\" cellspacing=\"0\" cellpadding=\"0\">\n<tbody>\n<tr>\n<th class=\"yiv6492568587r5-c\" valign=\"top\" width=\"100%\">\n<table class=\"yiv6492568587r9-o\" role=\"presentation\" border=\"0\" width=\"100%\" cellspacing=\"0\" cellpadding=\"0\" align=\"left\">\n<tbody>\n<tr>\n<td class=\"yiv6492568587r10-i yiv6492568587nl2go-default-textstyle\" valign=\"top\">\n<div>\n<div>\n<p>&nbsp;<\/p>\n<p>&nbsp;<\/p>\n<p>Estimados Usuarios,<\/p>\n<p>&nbsp;<\/p>\n<p>Desde la Cooperativa agradecemos el <strong>USO RACIONAL DE LA ENERGIA<\/strong>, que nos permite que tengamos la menor cantidad de cortes el\u00e9ctricos.<\/p>\n<p>Solicitamos, debido a las altas temperaturas que estamos experimentando, continuar con el USO RESPONSABLE DE LA ENERGIA ELECTRICA.<\/p>\n<p>IMPORTANTE:<\/p>\n<p>Atento a mensajes que est\u00e1n circulando, en caso de que se llegaran a efectuar cortes rotativos de energ\u00eda, <strong>nuestros usuarios no tienen que hacer ning\u00fan seguimiento de los cortes ni ingresar a ning\u00fan link, de haber alguna novedad la comunicaremos exclusivamente por este medio.<\/strong><\/p>\n<p>\u00a1Muchas gracias!<\/p>\n<p>&nbsp;<\/p>\n<\/div>\n<\/div>\n<\/td>\n<td class=\"yiv6492568587r11-i\">\n<table role=\"presentation\" border=\"0\" width=\"100%\" cellspacing=\"0\" cellpadding=\"0\">\n<tbody>\n<tr>\n<td>\n<table class=\"yiv6492568587r3-o\" role=\"presentation\" border=\"0\" width=\"550\" cellspacing=\"0\" cellpadding=\"0\" align=\"center\">\n<tbody>\n<tr>\n<td class=\"yiv6492568587r12-i\"><img decoding=\"async\" src=\"https:\/\/ecp.yusercontent.com\/mail?url=https%3A%2F%2F41sau.img.a.d.sendibm1.com%2Fim%2Fsh%2FXBhuXRnBqo6R.png%3Fu%3DWtVElij8PJZGdKGqfz9i99ZhF2tgHvTG&amp;t=1737666923&amp;ymreqid=a1e28384-e738-286e-1cce-66001901ee00&amp;sig=Y_FInYV1hJ2dPZVPBxUnYw--~D\" width=\"550\" border=\"0\" \/><\/td>\n<\/tr>\n<\/tbody>\n<\/table>\n<p>entation&#8221; border=&#8221;0&#8243; width=&#8221;100%&#8221; cellspacing=&#8221;0&#8243; cellpadding=&#8221;0&#8243;&gt;<\/p>\n<table class=\"yiv6492568587r9-o\" role=\"presentation\" border=\"0\" width=\"100%\" cellspacing=\"0\" cellpadding=\"0\" align=\"left\">\n<tbody>\n<tr>\n<td class=\"yiv6492568587r13-i yiv6492568587nl2go-default-textstyle\" align=\"left\" valign=\"top\">\n<div>\n<p><strong>Hagamos entre todos un Uso Responsable de la Energ\u00eda El\u00e9ctrica<\/strong><\/p>\n<p><strong>Mantener una temperatura adecuada en el aire acondicionado<\/strong><\/p>\n<ul>\n<li>Ajustar entre 24\u00b0C y 26\u00b0C. Cada grado por debajo de esta franja incrementa el consumo en un 8%. Adem\u00e1s, apagarlos en ambientes desocupados y complementarlos con ventiladores puede hacerlos m\u00e1s eficientes.<\/li>\n<\/ul>\n<p>&nbsp;<\/p>\n<p><strong>Optimizar la iluminaci\u00f3n con luz natural y LED<\/strong><\/p>\n<ul>\n<li>Abrir cortinas y persianas durante el d\u00eda puede minimizar la necesidad de encender las luces. Tambi\u00e9n es importante reemplazar las l\u00e1mparas incandescentes por l\u00e1mparas LED que son hasta un 80% m\u00e1s eficientes y tienen una mayor durabilidad.<\/li>\n<li>Desconectar los electrodom\u00e9sticos en modo stand-by,\u00a0<strong>aunque parecen estar apagados, siguen consumiendo energ\u00eda de manera innecesaria. Este consumo \u201cfantasma\u201d puede representar entre un 5% y un 10% de la factura el\u00e9ctrica.<\/strong><\/li>\n<\/ul>\n<p>&nbsp;<\/p>\n<p><strong>Evitar el uso simult\u00e1neo de equipos de alto consumo<\/strong><\/p>\n<ul>\n<li>Apagar el aire acondicionado en los espacios desocupados y\u00a0<strong>evitar utilizar al mismo tiempo equipos de alto consumo<\/strong>, como planchas y aires acondicionados, puede ayudar a reducir el consumo el\u00e9ctrico en el hogar, disminuir la demanda sobre la red y optimizar el rendimiento de los equipos.<\/li>\n<\/ul>\n<p>&nbsp;<\/p>\n<p><strong>Planchar y lavar en horarios de menor demanda<\/strong><\/p>\n<ul>\n<li>Programar estas tareas fuera de los picos de demanda (13 h a 16 h) puede marcar una diferencia significativa.<\/li>\n<\/ul>\n<p>&nbsp;<\/p>\n<p><strong>Piscinas y sistemas de riego<\/strong><\/p>\n<ul>\n<li>Hacer un uso racional de los sistemas de renovaci\u00f3n de agua de las piscinas.<\/li>\n<li>Controlar los sistemas de riego<\/li>\n<\/ul>\n<p>&nbsp;<\/p>\n<p>Se sugiere programar estas actividades temprano en la ma\u00f1ana o despu\u00e9s del atardecer. Para este caso,\u00a0<strong>cambiar los horarios de uso no significa consumir menos energ\u00eda, pero s\u00ed reducir los picos de demanda.\u00a0<\/strong><\/p>\n<p>&nbsp;<\/p>\n<p><strong>Cada usuario tiene el poder de colaborar en el cuidado del sistema el\u00e9ctrico.<\/strong>\u00a0En un contexto de alta demanda y eventos clim\u00e1ticos extremos,\u00a0<strong>el consumo eficiente de energ\u00eda no solo alivia la red, sino que reduce el riesgo de interrupciones.<\/strong><\/p>\n<p>Detr\u00e1s de cada interruptor que se enciende, hay un sistema complejo que involucra una infraestructura avanzada, y el esfuerzo de m\u00e1s de 60 mil personas dedicadas a asegurar el suministro el\u00e9ctrico a millones de argentinos.<\/p>\n<p>&nbsp;<\/p>\n<\/div>\n<\/td>\n<\/tr>\n<tr>\n<td>\n<table class=\"yiv6492568587r11-i\" role=\"presentation\" border=\"0\" width=\"100%\" cellspacing=\"0\" cellpadding=\"0\">\n<tbody>\n<tr>\n<td height=\"0\">\u00ad<\/td>\n<\/tr>\n<\/tbody>\n<\/table>\n<table class=\"yiv6492568587r9-o\" role=\"presentation\" border=\"0\" width=\"100%\" cellspacing=\"0\" cellpadding=\"0\" align=\"left\">\n<tbody>\n<tr>\n<td class=\"yiv6492568587r14-i yiv6492568587nl2go-default-textstyle\" align=\"left\" valign=\"top\"><strong>VECINOS QUE ALQUILAN SUS CASA QUINTAS EN TEMPORADA<\/strong><\/p>\n<p><em>Importante.<\/em><\/p>\n<p>Recomendamos a nuestros usuarios, que tengan especial cuidado de <strong>informar a sus inquilinos, respecto a la necesidad del uso racional de energ\u00eda el\u00e9ctrica.<\/strong><\/p>\n<p>Recordamos que\u00a0<strong>los consumos de enero y febrero, se estar\u00e1n pagando con las facturas de marzo y abril de 2025.<\/strong><\/p>\n<p>Sugerimos<strong> tomar los estados de medidores, 0 al momento del ingreso y del egreso<\/strong>\u00a0de los respectivos inquilinos.<\/p>\n<p>&nbsp;<\/td>\n<\/tr>\n<\/tbody>\n<\/table>\n<table class=\"yiv6492568587r3-o\" role=\"presentation\" border=\"0\" width=\"550\" cellspacing=\"0\" cellpadding=\"0\" align=\"center\">\n<tbody>\n<tr>\n<td class=\"yiv6492568587r11-i\">\n<table role=\"presentation\" border=\"0\" width=\"100%\" cellspacing=\"0\" cellpadding=\"0\">\n<tbody>\n<tr>\n<td>\n<table class=\"yiv6492568587r11-i\" role=\"presentation\" border=\"0\" width=\"100%\" cellspacing=\"0\" cellpadding=\"0\">\n<tbody>\n<tr>\n<td height=\"0\">\u00ad<\/td>\n<\/tr>\n<\/tbody>\n<\/table>\n<\/td>\n<\/tr>\n<\/tbody>\n<\/table>\n<table class=\"yiv6492568587r9-o\" role=\"presentation\" border=\"0\" width=\"100%\" cellspacing=\"0\" cellpadding=\"0\" align=\"left\">\n<tbody>\n<tr>\n<td class=\"yiv6492568587r15-i yiv6492568587nl2go-default-textstyle\" align=\"left\" valign=\"top\"><strong>Estimados Usuarios:\u00a0<\/strong><\/p>\n<p>Reiteramos que algunos vecinos est\u00e1n recibiendo llamados de personas haci\u00e9ndose pasar como personal de la Cooperativa avisando sobre cortes de servicio o deudas impagas, y as\u00ed solicitar informaci\u00f3n privada de los usuarios para realizar\u00a0<strong>ESTAFAS O HACKEOS.<\/strong><\/p>\n<p><strong>Desde la CEPRAL, alertamos y solicitamos a usuarios, para que tomen muchas precauciones ante estos llamados. Desde nuestra Cooperativa, no solicitamos datos particulares en forma telef\u00f3nica, ni requerimos que ingresen ning\u00fan tipo de c\u00f3digo.<\/strong><\/p>\n<p><strong>Ante cualquier duda, no brindar informaci\u00f3n alguna, ni ingresar ning\u00fan c\u00f3digo y llamar a los n\u00fameros (02323) 478-111\/112<\/strong><\/p>\n<p>23-1-25<\/td>\n<\/tr>\n<\/tbody>\n<\/table>\n<table class=\"yiv6492568587r3-o\" role=\"presentation\" border=\"0\" width=\"100%\" cellspacing=\"0\" cellpadding=\"0\" align=\"center\">\n<tbody>\n<tr>\n<td class=\"yiv6492568587r16-i\">\n<table role=\"presentation\" border=\"0\" width=\"100%\" cellspacing=\"0\" cellpadding=\"0\">\n<tbody>\n<tr>\n<th class=\"yiv6492568587r5-c\" valign=\"top\" width=\"100%\"><\/th>\n<\/tr>\n<\/tbody>\n<\/table>\n<\/td>\n<\/tr>\n<\/tbody>\n<\/table>\n<table class=\"yiv6492568587r3-o\" role=\"presentation\" border=\"0\" width=\"100%\" cellspacing=\"0\" cellpadding=\"0\" align=\"center\">\n<tbody>\n<tr>\n<td class=\"yiv6492568587r17-i\">\n<table role=\"presentation\" border=\"0\" width=\"100%\" cellspacing=\"0\" cellpadding=\"0\">\n<tbody>\n<tr>\n<th class=\"yiv6492568587r5-c\" valign=\"top\" width=\"100%\">\n<table class=\"yiv6492568587r6-o\" role=\"presentation\" border=\"0\" width=\"100%\" cellspacing=\"0\" cellpadding=\"0\">\n<tbody>\n<tr>\n<td class=\"yiv6492568587r7-i\" valign=\"top\">\n<table role=\"presentation\" border=\"0\" width=\"100%\" cellspacing=\"0\" cellpadding=\"0\">\n<tbody>\n<tr>\n<td class=\"yiv6492568587r18-c\" align=\"left\"><\/td>\n<\/tr>\n<tr>\n<td class=\"yiv6492568587r18-c\" align=\"left\"><\/td>\n<\/tr>\n<\/tbody>\n<\/table>\n<\/td>\n<\/tr>\n<\/tbody>\n<\/table>\n<\/th>\n<\/tr>\n<\/tbody>\n<\/table>\n<\/td>\n<\/tr>\n<\/tbody>\n<\/table>\n<\/td>\n<\/tr>\n<\/tbody>\n<\/table>\n<\/td>\n<\/tr>\n<\/tbody>\n<\/table>\n<\/td>\n<\/tr>\n<\/tbody>\n<\/table>\n<\/td>\n<\/tr>\n<\/tbody>\n<\/table>\n<\/th>\n<\/tr>\n<\/tbody>\n<\/table>\n<\/td>\n<\/tr>\n<\/tbody>\n<\/table>\n<\/th>\n<\/tr>\n<\/tbody>\n<\/table>\n<\/td>\n<\/tr>\n<\/tbody>\n<\/table>\n","protected":false},"excerpt":{"rendered":"<p>NOTA SERVICIO. INFORME DEL CONSEJO DE ADMINISTRACI\u00d3N DE CEPRAL.<\/p>\n","protected":false},"author":3,"featured_media":28154,"comment_status":"open","ping_status":"open","sticky":false,"template":"","format":"standard","meta":{"footnotes":"","jetpack_publicize_message":"","jetpack_publicize_feature_enabled":true,"jetpack_social_post_already_shared":true,"jetpack_social_options":{"image_generator_settings":{"template":"highway","default_image_id":0,"font":"","enabled":false},"version":2}},"categories":[5],"tags":[2086],"class_list":["post-28153","post","type-post","status-publish","format-standard","has-post-thumbnail","hentry","category-aqui-parada-robles","tag-cepral-informe"],"jetpack_publicize_connections":[],"jetpack_featured_media_url":"https:\/\/revistaepocadigital.com.ar\/wp-content\/uploads\/2025\/01\/mail.jpg","jetpack_likes_enabled":true,"_links":{"self":[{"href":"https:\/\/revistaepocadigital.com.ar\/index.php?rest_route=\/wp\/v2\/posts\/28153","targetHints":{"allow":["GET"]}}],"collection":[{"href":"https:\/\/revistaepocadigital.com.ar\/index.php?rest_route=\/wp\/v2\/posts"}],"about":[{"href":"https:\/\/revistaepocadigital.com.ar\/index.php?rest_route=\/wp\/v2\/types\/post"}],"author":[{"embeddable":true,"href":"https:\/\/revistaepocadigital.com.ar\/index.php?rest_route=\/wp\/v2\/users\/3"}],"replies":[{"embeddable":true,"href":"https:\/\/revistaepocadigital.com.ar\/index.php?rest_route=%2Fwp%2Fv2%2Fcomments&post=28153"}],"version-history":[{"count":0,"href":"https:\/\/revistaepocadigital.com.ar\/index.php?rest_route=\/wp\/v2\/posts\/28153\/revisions"}],"wp:featuredmedia":[{"embeddable":true,"href":"https:\/\/revistaepocadigital.com.ar\/index.php?rest_route=\/wp\/v2\/media\/28154"}],"wp:attachment":[{"href":"https:\/\/revistaepocadigital.com.ar\/index.php?rest_route=%2Fwp%2Fv2%2Fmedia&parent=28153"}],"wp:term":[{"taxonomy":"category","embeddable":true,"href":"https:\/\/revistaepocadigital.com.ar\/index.php?rest_route=%2Fwp%2Fv2%2Fcategories&post=28153"},{"taxonomy":"post_tag","embeddable":true,"href":"https:\/\/revistaepocadigital.com.ar\/index.php?rest_route=%2Fwp%2Fv2%2Ftags&post=28153"}],"curies":[{"name":"wp","href":"https:\/\/api.w.org\/{rel}","templated":true}]}}