{"id":28186,"date":"2025-02-02T21:07:49","date_gmt":"2025-02-03T00:07:49","guid":{"rendered":"https:\/\/revistaepocadigital.com.ar\/?p=28186"},"modified":"2025-02-03T23:17:23","modified_gmt":"2025-02-04T02:17:23","slug":"consulta-publica-para-obras-en-los-cardales","status":"publish","type":"post","link":"https:\/\/revistaepocadigital.com.ar\/?p=28186","title":{"rendered":"Nutrida concurrencia a la Consulta P\u00fablica para obras en Los Cardales"},"content":{"rendered":"<p><strong>EL PROYECTO. LOS VECINOS SE EXPRESARON.<\/strong><br \/>\n<!--more--><\/p>\n<p>Tuvo lugar como EPOCA te inform\u00f3, la Consulta P\u00fablica con el objetivo de presentar y debatir el proyecto de ampliaci\u00f3n de la Planta de Tratamiento y Sistemas de Desag\u00fces Cloacales de Los Cardales.<\/p>\n<p>La consulta en cuesti\u00f3n tuvo lugar en el Centro Cultural Cardales, y hubo una buena respuesta de los vecinos, interesados en participar. Los asistentes pudieron conocer pormenores del proyecto ambicioso que de concretarse transformar\u00e1 la vital infraestructura sanitaria cardalense.<img loading=\"lazy\" decoding=\"async\" class=\"alignright size-medium wp-image-28363\" src=\"https:\/\/revistaepocadigital.com.ar\/wp-content\/uploads\/2025\/02\/CONVO-300x236.jpg\" alt=\"\" width=\"300\" height=\"236\" srcset=\"https:\/\/revistaepocadigital.com.ar\/wp-content\/uploads\/2025\/02\/CONVO-300x236.jpg 300w, https:\/\/revistaepocadigital.com.ar\/wp-content\/uploads\/2025\/02\/CONVO-534x420.jpg 534w, https:\/\/revistaepocadigital.com.ar\/wp-content\/uploads\/2025\/02\/CONVO.jpg 540w\" sizes=\"auto, (max-width: 300px) 100vw, 300px\" \/><\/p>\n<p>Uno de los datos pol\u00edticos que arroj\u00f3 la Consulta P\u00fablica, seg\u00fan public\u00f3 el sitio web La Gaceta de Exaltaci\u00f3n, fue la ausencia total de concejales opositores que ocupan bancas en el Concejo Deliberante exaltacrucense. No fueron pocos los que se preguntaron, las razones del faltazo, considerando que lo que se present\u00f3 al vecindario fue un proyecto con incidencia directa en la gente. El a\u00f1o electoral a prop\u00f3sito, ha comenzado a jugarse en el ambiente pol\u00edtico nacional, provincia y distrital, y refleja situaciones en las que pareciera volver a notarse injusficadas acciones y estrategias de parte de sectores en pugna.<\/p>\n<p>Fotos: gentileza La Gaceta de Exaltaci\u00f3n<\/p>\n<h2 style=\"text-align: center;\"><span style=\"color: #008080;\"><strong>&#8212;&#8212;&#8212;&#8212;&#8212;&#8212;&#8212;&#8212;&#8212;&#8212;&#8212;&#8212;&#8212;&#8212;&#8212;&#8212;&#8212;&#8212;&#8211;<\/strong><\/span><\/h2>\n<p>nota anterior.<\/p>\n<p><strong>CONSULTA P\u00daBLICA<\/strong>.<\/p>\n<p>Ha sido puesto en consideraci\u00f3n, y apunta a dotar a Los Cardales de un sistema eficiente de efluentes cloacales, con una inversi\u00f3n superior a los 13 mil millones de pesos, con trabajos que beneficiar\u00e1n a toda la localidad.<\/p>\n<p><img loading=\"lazy\" decoding=\"async\" class=\"aligncenter size-full wp-image-28201\" src=\"https:\/\/revistaepocadigital.com.ar\/wp-content\/uploads\/2025\/01\/474794490_977351264441763_812369095481587878_n.jpg\" alt=\"\" width=\"600\" height=\"600\" srcset=\"https:\/\/revistaepocadigital.com.ar\/wp-content\/uploads\/2025\/01\/474794490_977351264441763_812369095481587878_n.jpg 600w, https:\/\/revistaepocadigital.com.ar\/wp-content\/uploads\/2025\/01\/474794490_977351264441763_812369095481587878_n-300x300.jpg 300w, https:\/\/revistaepocadigital.com.ar\/wp-content\/uploads\/2025\/01\/474794490_977351264441763_812369095481587878_n-150x150.jpg 150w, https:\/\/revistaepocadigital.com.ar\/wp-content\/uploads\/2025\/01\/474794490_977351264441763_812369095481587878_n-420x420.jpg 420w\" sizes=\"auto, (max-width: 600px) 100vw, 600px\" \/><\/p>\n<p><img loading=\"lazy\" decoding=\"async\" class=\"aligncenter size-full wp-image-28202\" src=\"https:\/\/revistaepocadigital.com.ar\/wp-content\/uploads\/2025\/01\/0.jpg\" alt=\"\" width=\"700\" height=\"700\" srcset=\"https:\/\/revistaepocadigital.com.ar\/wp-content\/uploads\/2025\/01\/0.jpg 700w, https:\/\/revistaepocadigital.com.ar\/wp-content\/uploads\/2025\/01\/0-300x300.jpg 300w, https:\/\/revistaepocadigital.com.ar\/wp-content\/uploads\/2025\/01\/0-150x150.jpg 150w, https:\/\/revistaepocadigital.com.ar\/wp-content\/uploads\/2025\/01\/0-696x696.jpg 696w, https:\/\/revistaepocadigital.com.ar\/wp-content\/uploads\/2025\/01\/0-420x420.jpg 420w\" sizes=\"auto, (max-width: 700px) 100vw, 700px\" \/><\/p>\n<p>El Ministerio de Infraestructura y Servicios P\u00fablico (MISP), a trav\u00e9s del Comit\u00e9 de Cuenca del R\u00edo Luj\u00e1n (ComiLu), y la Direcci\u00f3n de Agua y Cloacas (DIPAC), dependientes de la Subsecretar\u00eda de Recursos H\u00eddricos de la provincia de Buenos Aires, convoca a una Consulta P\u00fablica, para la realizaci\u00f3n del proyecto de \u201cAmpliaci\u00f3n de la Planta de Tratamiento y Sistema de Desag\u00fces Cloacales\u201d, en la localidad de Los Cardales, partido de Exaltaci\u00f3n de la Cruz, provincia de Buenos Aires.<\/p>\n<p>La jornada tendr\u00e1 lugar el d\u00eda 31 de enero de 2025, a las 10:30 horas, en el Centro Cultural Cardales, ubicado en la calle Rivadavia 1 de Cardales.<\/p>\n<p><strong>Obras puestas en consulta<\/strong><\/p>\n<p>En la actualidad Los Cardales, cuenta con una cobertura de red cloacal del 70%, y una planta de tratamiento originalmente proyectada para 1200 m<sup>3 <\/sup>\/diarios de aguas servidas. La planta se encuentra deteriorada y recibe afluentes que superan con amplitud los proyectados originalmente. La localidad tambi\u00e9n cuenta con una cobertura de red de agua potable que alcanza el 80% de su territorio. El proyecto contempla la ampliaci\u00f3n de la planta de tratamiento y sistema de desag\u00fces cloacales, a partir de la red existente y su desag\u00fce a la planta de tratamiento cloacal que ser\u00e1 readecuada.<\/p>\n<p><strong>Qu\u00e9 es una Consulta P\u00fablica\u00a0<\/strong><\/p>\n<p>Es un mecanismo de participaci\u00f3n ciudadana, cuya finalidad es que la sociedad conozca, y forme parte de los procesos de evaluaci\u00f3n de proyectos que son analizados por el Estado, como as\u00ed tambi\u00e9n de los impactos ambientales y sociales que puedan resultar de la ejecuci\u00f3n de los mismos.<\/p>\n<p>ComiLu pon\u00e9 a consideraci\u00f3n de la comunidad la siguiente documentaci\u00f3n perteneciente al proyecto:<\/p>\n<ul>\n<li><a href=\"https:\/\/drive.google.com\/file\/d\/1k1NnzuVlhzDklKJsUokN9AEUkD-CC77w\/view?usp=sharing\">Especificaciones T\u00e9cnicas Particulares<\/a><\/li>\n<li><a href=\"https:\/\/drive.google.com\/file\/d\/1jq0wScO_alSUehreJqctU-1y01Kd79Yb\/view?usp=sharing\">Memoria Descriptiva<\/a><\/li>\n<li><a href=\"https:\/\/drive.google.com\/file\/d\/13GnRnuadINqSHeVwiZfwF_CR9h6amPI0\/view?usp=sharing\">Estudios de<\/a><a href=\"https:\/\/drive.google.com\/file\/d\/13GnRnuadINqSHeVwiZfwF_CR9h6amPI0\/view?usp=sharing\"> Impacto<\/a><a href=\"https:\/\/drive.google.com\/file\/d\/13GnRnuadINqSHeVwiZfwF_CR9h6amPI0\/view?usp=sharing\"> Ambiental y Social:<\/a> realizados para la aprobaci\u00f3n de los proyectos<\/li>\n<li><a href=\"https:\/\/drive.google.com\/file\/d\/1oHAgO9KE3zla3q1DYC3dDSzL-Cw56exU\/view?usp=drive_link\">Documento Resumen<\/a>, con las caracter\u00edsticas de la obra.<\/li>\n<li><a href=\"https:\/\/drive.google.com\/file\/d\/1UHkOAm5zFh8VlL-2ke1tWPlRKWup9n7P\/view?usp=drive_link\">Planos<\/a><\/li>\n<li><a href=\"https:\/\/drive.google.com\/file\/d\/1bZQzkgg0lotnLCu_yg6X4ZO247ctY4nW\/view?usp=sharing\">PDF<\/a> explicativo<\/li>\n<\/ul>\n<p>El procedimiento consta de varias etapas, durante la instancia presencial se podr\u00e1 acceder a toda la documentaci\u00f3n y realizar consultas, inquietudes y \/o sugerencias, y en la segunda etapa, ComiLu se encargar\u00e1 de reunir las intervenciones para elaborar un Documento \u00danico de Respuestas, que ser\u00e1 publicado en la p\u00e1gina web del Comit\u00e9: <a href=\"https:\/\/www.gba.gob.ar\/comilu\">https:\/\/www.gba.gob.ar\/comilu<\/a><\/p>\n<p>Una vez realizadas las observaciones, el Ministerio estar\u00e1 en condiciones de proceder al inicio de la Licitaci\u00f3n P\u00fablica.<\/p>\n<p>Estas acciones forman parte de los procedimientos necesarios para la realizaci\u00f3n de obras y trabajos, del Plan de Manejo Integral de la Cuenca del R\u00edo Luj\u00e1n, que cuenta con el financiamiento del Banco de Desarrollo para Am\u00e9rica Latina (CAF).<\/p>\n<p>Para m\u00e1s informaci\u00f3n enviar un correo electr\u00f3nico\u00a0a la siguiente direcci\u00f3n:<a href=\"http:\/\/contacto.comilu@gmail.com\">\u00a0contacto.comilu@gmail.com<\/a>.<\/p>\n<p><a href=\"https:\/\/revistaepocadigital.com.ar\/wp-content\/uploads\/2025\/01\/Gacetilla2025.docx\">Gacetilla2025<\/a><\/p>\n","protected":false},"excerpt":{"rendered":"<p>EL PROYECTO. LOS VECINOS SE EXPRESARON.<\/p>\n","protected":false},"author":3,"featured_media":28365,"comment_status":"open","ping_status":"open","sticky":false,"template":"","format":"standard","meta":{"footnotes":"","jetpack_publicize_message":"","jetpack_publicize_feature_enabled":true,"jetpack_social_post_already_shared":true,"jetpack_social_options":{"image_generator_settings":{"template":"highway","default_image_id":0,"font":"","enabled":false},"version":2}},"categories":[4],"tags":[3024,344],"class_list":["post-28186","post","type-post","status-publish","format-standard","has-post-thumbnail","hentry","category-aqui-los-cardales","tag-consulta-publica","tag-obras"],"jetpack_publicize_connections":[],"jetpack_featured_media_url":"https:\/\/revistaepocadigital.com.ar\/wp-content\/uploads\/2025\/02\/CONVOCA-CARDA-1.jpg","jetpack_likes_enabled":true,"_links":{"self":[{"href":"https:\/\/revistaepocadigital.com.ar\/index.php?rest_route=\/wp\/v2\/posts\/28186","targetHints":{"allow":["GET"]}}],"collection":[{"href":"https:\/\/revistaepocadigital.com.ar\/index.php?rest_route=\/wp\/v2\/posts"}],"about":[{"href":"https:\/\/revistaepocadigital.com.ar\/index.php?rest_route=\/wp\/v2\/types\/post"}],"author":[{"embeddable":true,"href":"https:\/\/revistaepocadigital.com.ar\/index.php?rest_route=\/wp\/v2\/users\/3"}],"replies":[{"embeddable":true,"href":"https:\/\/revistaepocadigital.com.ar\/index.php?rest_route=%2Fwp%2Fv2%2Fcomments&post=28186"}],"version-history":[{"count":0,"href":"https:\/\/revistaepocadigital.com.ar\/index.php?rest_route=\/wp\/v2\/posts\/28186\/revisions"}],"wp:featuredmedia":[{"embeddable":true,"href":"https:\/\/revistaepocadigital.com.ar\/index.php?rest_route=\/wp\/v2\/media\/28365"}],"wp:attachment":[{"href":"https:\/\/revistaepocadigital.com.ar\/index.php?rest_route=%2Fwp%2Fv2%2Fmedia&parent=28186"}],"wp:term":[{"taxonomy":"category","embeddable":true,"href":"https:\/\/revistaepocadigital.com.ar\/index.php?rest_route=%2Fwp%2Fv2%2Fcategories&post=28186"},{"taxonomy":"post_tag","embeddable":true,"href":"https:\/\/revistaepocadigital.com.ar\/index.php?rest_route=%2Fwp%2Fv2%2Ftags&post=28186"}],"curies":[{"name":"wp","href":"https:\/\/api.w.org\/{rel}","templated":true}]}}