{"id":28217,"date":"2025-01-27T10:47:39","date_gmt":"2025-01-27T13:47:39","guid":{"rendered":"https:\/\/revistaepocadigital.com.ar\/?p=28217"},"modified":"2025-01-28T21:03:32","modified_gmt":"2025-01-29T00:03:32","slug":"anses-realiza-operativos-de-atencion-en-todo-el-pais","status":"publish","type":"post","link":"https:\/\/revistaepocadigital.com.ar\/?p=28217","title":{"rendered":"ANSES. OPERATIVOS DE ATENCI\u00d3N EN TODO EL PA\u00cdS Y APODERADOS"},"content":{"rendered":"<div class=\"container-fluid\">\n<div class=\"row\">\n<div role=\"heading\" aria-level=\"2\">\n<div class=\"region region-top-bar\">\n<section class=\"block block-anses-pages block-landing-page-header-block clearfix\">\n<div class=\"banner-interior\">\n<div class=\"banner-interior-content\">\n<div class=\"container\">\n<div class=\"col-sm-8\">\n<div class=\"row\">\n<div class=\"title\">\n<p class=\"yiv3446122021MsoNormal\"><b>CONSULTAS Y TR\u00c1MITES.<\/b><\/p>\n<p class=\"yiv3446122021MsoNormal\"><b>JUBILADOS Y PENSIONADOS PUEDEN DESIGNAR A UN APODERADO ANTE ANSES<\/b><\/p>\n<p class=\"yiv3446122021MsoNormal\"><b><!--more--><\/b><\/p>\n<p class=\"yiv3446122021MsoNormal\">ANSES, organismo dependiente del Ministerio de Capital Humano, informa que recibe consultas y realiza tr\u00e1mites de la Seguridad Social en distintos puntos del pa\u00eds.<\/p>\n<p class=\"yiv3446122021MsoNormal\">Los interesados pueden acercarse con DNI y la documentaci\u00f3n requerida para realizar gestiones sobre la Asignaci\u00f3n Universal por Hijo y por Embarazo, asignaciones familiares y de pago \u00fanico (Asignaci\u00f3n por Nacimiento, Matrimonio y Adopci\u00f3n), presentaci\u00f3n del certificado escolar, Prestaci\u00f3n por Desempleo, Tarifa Social, cambio de lugar de cobro, designaci\u00f3n de apoderados, generaci\u00f3n de Clave de la Seguridad Social, constancia de empadronamiento a una Obra Social, actualizaci\u00f3n de datos personales, entre otras.<\/p>\n<p class=\"yiv3446122021MsoNormal\">Las ubicaciones, los d\u00edas y horarios pueden consultarse\u00a0<a href=\"https:\/\/www.anses.gob.ar\/operativos-territoriales\" target=\"_blank\" rel=\"noopener noreferrer\">aqu\u00ed<\/a>.<\/p>\n<h1><\/h1>\n<\/div>\n<div class=\"description\">\n<p><strong>Consult\u00e1<\/strong> nuestros puntos de atenci\u00f3n y los operativos que estamos realizando con nuestras Unidades de Atenci\u00f3n M\u00f3vil y otros organismos.<\/p>\n<\/div>\n<\/div>\n<\/div>\n<\/div>\n<\/div>\n<\/div>\n<\/section>\n<\/div>\n<\/div>\n<\/div>\n<\/div>\n<p>&nbsp;<\/p>\n<div class=\"main-container container js-quickedit-main-content\" role=\"main\">\n<div class=\"row\">\n<div class=\"col-sm-12\"><\/div>\n<section class=\"col-sm-12\">\n<div class=\"region region-content\">\n<article class=\"landing-page is-promoted full clearfix\" role=\"article\" data-history-node-id=\"9422\">\n<div class=\"content\">\n<div class=\"field field--name-body field--type-text-with-summary field--label-hidden field--item\">\n<div>\n<div id=\"Tabla_wrapper\" class=\"dataTables_wrapper no-footer\">\n<div id=\"Tabla_length\" class=\"dataTables_length\"><\/div>\n<div id=\"Tabla_filter\" class=\"dataTables_filter\"><label><input class=\"\" type=\"search\" placeholder=\"Busca ac\u00e1 por direcci\u00f3n, localidad o provincia\" aria-controls=\"Tabla\" \/><\/label><\/div>\n<table id=\"Tabla\" class=\"table table-responsive table-striped dataTable no-footer\" role=\"grid\" aria-describedby=\"Tabla_info\">\n<thead class=\"thead-dark header-tabla\">\n<tr role=\"row\">\n<th class=\"sorting\" tabindex=\"0\" colspan=\"1\" rowspan=\"1\" aria-controls=\"Tabla\" aria-label=\"Provincia: activate to sort column ascending\">Provincia<\/th>\n<th class=\"sorting\" tabindex=\"0\" colspan=\"1\" rowspan=\"1\" aria-controls=\"Tabla\" aria-label=\"Localidad\/Barrio: activate to sort column ascending\">Localidad\/Barrio<\/th>\n<th class=\"sorting\" tabindex=\"0\" colspan=\"1\" rowspan=\"1\" aria-controls=\"Tabla\" aria-label=\"Direcci\u00f3n: activate to sort column ascending\">Direcci\u00f3n<\/th>\n<th class=\"sorting\" tabindex=\"0\" colspan=\"1\" rowspan=\"1\" aria-controls=\"Tabla\" aria-label=\"Nombre de Punto de Contacto: activate to sort column ascending\">Nombre de Punto de Contacto<\/th>\n<th class=\"sorting\" tabindex=\"0\" colspan=\"1\" rowspan=\"1\" aria-controls=\"Tabla\" aria-label=\"Fecha Inicio: activate to sort column ascending\">Fecha Inicio<\/th>\n<th class=\"sorting\" tabindex=\"0\" colspan=\"1\" rowspan=\"1\" aria-controls=\"Tabla\" aria-label=\"Fecha Fin: activate to sort column ascending\">Fecha Fin<\/th>\n<th class=\"sorting\" tabindex=\"0\" colspan=\"1\" rowspan=\"1\" aria-controls=\"Tabla\" aria-label=\"Horario de Atenci\u00f3n: activate to sort column ascending\">Horario de Atenci\u00f3n<\/th>\n<th class=\"sorting\" tabindex=\"0\" colspan=\"1\" rowspan=\"1\" aria-controls=\"Tabla\" aria-label=\"Ubicaci\u00f3n: activate to sort column ascending\">Ubicaci\u00f3n<\/th>\n<\/tr>\n<\/thead>\n<tbody>\n<tr class=\"odd\" role=\"row\">\n<td>BUENOS AIRES<\/td>\n<td>JOS\u00c9 C PAZ<\/td>\n<td>AVENIDA JOS\u00c9 ALTUBE 1902, ENTRE ROQUE S\u00c1ENZ PE\u00d1A Y GELLY Y OBES<\/td>\n<td>OPERATIVO UDAM<\/td>\n<td>27\/1\/2025<\/td>\n<td>31\/1\/2025<\/td>\n<td>08.00 a 14.00<\/td>\n<td><a href=\"https:\/\/maps.app.goo.gl\/HkKCyHi8Wn1Z4xiU8\" target=\"_blank\" rel=\"noopener\">Ver en mapa<\/a><\/td>\n<\/tr>\n<tr class=\"even\" role=\"row\">\n<td>BUENOS AIRES<\/td>\n<td>LA PLATA<\/td>\n<td>CALLE 89 N\u00b0 913 ENTRE CALLE 13 Y 14<\/td>\n<td>OPERATIVO UDAM<\/td>\n<td>27\/1\/2025<\/td>\n<td>29\/1\/2025<\/td>\n<td>08.30 a 14.00<\/td>\n<td><a href=\"https:\/\/maps.app.goo.gl\/FLXZUtcsQv2tkXAv5\" target=\"_blank\" rel=\"noopener\">Ver en mapa<\/a><\/td>\n<\/tr>\n<tr class=\"odd\" role=\"row\">\n<td>BUENOS AIRES<\/td>\n<td>LA PLATA Ii<\/td>\n<td>CALLE. 57 N\u00b0 2875<\/td>\n<td>OPERATIVO UDAM<\/td>\n<td>30\/1\/2025<\/td>\n<td>30\/1\/2025<\/td>\n<td>08.30 a 14.00<\/td>\n<td><a href=\"https:\/\/maps.app.goo.gl\/wZDY8sVWwBUGq75f8\" target=\"_blank\" rel=\"noopener\">Ver en mapa<\/a><\/td>\n<\/tr>\n<tr class=\"even\" role=\"row\">\n<td>BUENOS AIRES<\/td>\n<td>AVELLANEDA<\/td>\n<td>ASCASUBI 2190<\/td>\n<td>OPERATIVO UDAM<\/td>\n<td>27\/1\/2025<\/td>\n<td>31\/1\/2025<\/td>\n<td>09.00 a 14.00<\/td>\n<td><a href=\"https:\/\/maps.app.goo.gl\/bAC3UUuJCN6YVUZo8\" target=\"_blank\" rel=\"noopener\">Ver en mapa<\/a><\/td>\n<\/tr>\n<tr class=\"odd\" role=\"row\">\n<td>BUENOS AIRES<\/td>\n<td>LAN\u00daS<\/td>\n<td>DELIA 2903<\/td>\n<td>OPERATIVO UDAM<\/td>\n<td>27\/1\/2025<\/td>\n<td>31\/1\/2025<\/td>\n<td>08.30 a 14.30<\/td>\n<td><a href=\"https:\/\/maps.app.goo.gl\/zNZybKY7v5DRvUH1A\" target=\"_blank\" rel=\"noopener\">Ver en mapa<\/a><\/td>\n<\/tr>\n<tr class=\"even\" role=\"row\">\n<td>BUENOS AIRES<\/td>\n<td>RAFAEL CASTILLO<\/td>\n<td>H\u00c9CTOR BLOMBERG 1850<\/td>\n<td>OPERATIVO UDAM<\/td>\n<td>27\/1\/2025<\/td>\n<td>31\/1\/2025<\/td>\n<td>09.00 a 14.00<\/td>\n<td><a href=\"https:\/\/maps.app.goo.gl\/kySu5wCZEwMvamA97\" target=\"_blank\" rel=\"noopener\">Ver en mapa<\/a><\/td>\n<\/tr>\n<tr class=\"odd\" role=\"row\">\n<td>BUENOS AIRES<\/td>\n<td>VIRREY DEL PINO<\/td>\n<td>AVDA. BRIGADIER JUAN MANUEL DE ROSAS 24.230<\/td>\n<td>OPERATIVO UDAM<\/td>\n<td>27\/1\/2025<\/td>\n<td>31\/1\/2025<\/td>\n<td>09.00 a 14.00<\/td>\n<td><a href=\"https:\/\/maps.app.goo.gl\/R7oUELyVks1RjYaR7\" target=\"_blank\" rel=\"noopener\">Ver en mapa<\/a><\/td>\n<\/tr>\n<tr class=\"even\" role=\"row\">\n<td>BUENOS AIRES<\/td>\n<td>LA UNI\u00d3N<\/td>\n<td>SAN RAFAEL 476<\/td>\n<td>OPERATIVO UDAM<\/td>\n<td>27\/1\/2025<\/td>\n<td>28\/1\/2025<\/td>\n<td>09.00 a 14.00<\/td>\n<td><a href=\"https:\/\/maps.app.goo.gl\/u4csDom2VJnpfwVN9\" target=\"_blank\" rel=\"noopener\">Ver en mapa<\/a><\/td>\n<\/tr>\n<tr class=\"odd\" role=\"row\">\n<td>BUENOS AIRES<\/td>\n<td>TRISTAN SUAREZ<\/td>\n<td>GADDINI 161<\/td>\n<td>OPERATIVO UDAM<\/td>\n<td>29\/1\/2025<\/td>\n<td>30\/1\/2025<\/td>\n<td>09.00 a 14.00<\/td>\n<td><a href=\"https:\/\/maps.app.goo.gl\/APqi15JF8TwmiPKV7\" target=\"_blank\" rel=\"noopener\">Ver en mapa<\/a><\/td>\n<\/tr>\n<tr class=\"even\" role=\"row\">\n<td>BUENOS AIRES<\/td>\n<td>LA UNION ii<\/td>\n<td>EL MALAMBO Y LOS MOLINOS<\/td>\n<td>OPERATIVO UDAM<\/td>\n<td>31\/1\/2025<\/td>\n<td>31\/1\/2025<\/td>\n<td>09.00 a 14.00<\/td>\n<td><a href=\"https:\/\/maps.app.goo.gl\/zqaeLJrGy4nKMdvaA\" target=\"_blank\" rel=\"noopener\">Ver en mapa<\/a><\/td>\n<\/tr>\n<\/tbody>\n<\/table>\n<div id=\"Tabla_info\" class=\"dataTables_info\" role=\"status\" aria-live=\"polite\">Mostrando p\u00e1gina 1 de 10<\/div>\n<div id=\"Tabla_paginate\" class=\"dataTables_paginate paging_simple_numbers\"><a id=\"Tabla_previous\" class=\"paginate_button previous disabled\" tabindex=\"-1\" aria-controls=\"Tabla\" data-dt-idx=\"0\"><\/a>Anterior<a class=\"paginate_button current\" tabindex=\"0\" aria-controls=\"Tabla\" data-dt-idx=\"1\">1<\/a><a class=\"paginate_button \" tabindex=\"0\" aria-controls=\"Tabla\" data-dt-idx=\"2\">2<\/a><a class=\"paginate_button \" tabindex=\"0\" aria-controls=\"Tabla\" data-dt-idx=\"3\">3<\/a><a class=\"paginate_button \" tabindex=\"0\" aria-controls=\"Tabla\" data-dt-idx=\"4\">4<\/a><a class=\"paginate_button \" tabindex=\"0\" aria-controls=\"Tabla\" data-dt-idx=\"5\">5<\/a><span class=\"ellipsis\">\u2026<\/span><a class=\"paginate_button \" tabindex=\"0\" aria-controls=\"Tabla\" data-dt-idx=\"6\">10<\/a><a id=\"Tabla_next\" class=\"paginate_button next\" tabindex=\"0\" aria-controls=\"Tabla\" data-dt-idx=\"7\"><\/a>Siguiente<\/div>\n<\/div>\n<\/div>\n<\/div>\n<\/div>\n<\/article>\n<\/div>\n<\/section>\n<\/div>\n<\/div>\n<div id=\"footer-top\" class=\"footer-top\">\n<div class=\"footer-top-inner container\">\n<div class=\"region region-footer-top\">\n<section id=\"block-feedback\" class=\"block block-anses-feedback block-feedback-block clearfix\">\n<div class=\"wrap_form_feedback\">\n<div class=\"\">\n<div class=\"feedback-box\">\n<div class=\"feedback-inner\">\n<p>&nbsp;<\/p>\n<ul>\n<li><a href=\"https:\/\/www.anses.gob.ar\/institucional\/canales-de-atencion\">Canales de Atenci\u00f3n<\/a><\/li>\n<\/ul>\n<\/div>\n<\/div>\n<\/div>\n<\/div>\n<\/section>\n<\/div>\n<\/div>\n<\/div>\n<footer id=\"footer\" class=\"footer\" role=\"contentinfo\">\n<div class=\"footer-bar\">\n<div class=\"col-sm-12\">\n<div class=\"container\">\n<div class=\"col-sm-4 links\">\n<ul class=\"second-link\">\n<li id=\"llama-130\"><a href=\"tel:130\">Llama al 130<\/a><\/li>\n<\/ul>\n<\/div>\n<\/div>\n<\/div>\n<\/div>\n<\/footer>\n<p>&nbsp;<\/p>\n<p>&nbsp;<\/p>\n<p class=\"yiv1676155610MsoNormal\"><b>JUBILADOS Y PENSIONADOS PUEDEN DESIGNAR A UN APODERADO ANTE ANSES<\/b><\/p>\n<p>ANSES, organismo dependiente del Ministerio de Capital Humano, recuerda que jubilados y pensionados pueden designar a un apoderado para tramitar o percibir su prestaci\u00f3n en su nombre. Para ello, es necesario que sus datos y los de su grupo familiar est\u00e9n registrados y actualizados en\u00a0<a href=\"https:\/\/servicioscorp.anses.gob.ar\/clavelogon\/logon.aspx?system=miansesv2\" target=\"_blank\" rel=\"nofollow noopener noreferrer\"><i>mi ANSES<\/i><\/a>, para luego solicitar un\u00a0<b>turno<\/b>\u00a0y concurrir con DNI y la documentaci\u00f3n correspondiente a la oficina m\u00e1s cercana al domicilio.<\/p>\n<p>Para realizar tr\u00e1mites pueden ser\u00a0apoderados el o la c\u00f3nyuge, conviviente previsional, madre o padre, abuelo, bisabuelo, hijo, nieto, bisnieto, t\u00edo, primo, hermano, sobrino, yerno, nuera, madrastra, padrastro, suegro, hijastro o cu\u00f1ado. Asimismo, puede nombrarse un representante especial por tiempo determinado cuando una persona se encuentre imposibilitada para movilizarse.<\/p>\n<p>Para realizar el cobro, los titulares pueden elegir tambi\u00e9n como apoderado a una entidad p\u00fablica nacional, provincial o municipal; mutuales e instituciones de asistencia social; as\u00ed como abogados y procuradores.<\/p>\n<p>En caso de residentes en el exterior, el poder puede otorgarse a un banco -que cuente con la opci\u00f3n\u00a0<i>giro al exterior<\/i>&#8211; para cobro de la jubilaci\u00f3n o pensi\u00f3n. Las entidades habilitadas son: Banco de la Naci\u00f3n Argentina, Banco de la Ciudad de Buenos Aires, Patagonia S.A., Credicoop Cooperativo Ltdo., Banco Piano S.A. y Banco Comafi S.A.<\/p>\n<p>Para m\u00e1s informaci\u00f3n, ingresar\u00a0<a href=\"https:\/\/www.anses.gob.ar\/jubilaciones-y-pensiones\/consultas-y-tramites-frecuentes-para-jubilados\/apoderada-o-apoderado-para-titulares-de-jubilaciones-y-pensiones\" target=\"_blank\" rel=\"nofollow noopener noreferrer\">aqu\u00ed<\/a>.<b><\/b><\/p>\n<p class=\"yiv1676155610MsoNormal\"><b>\u00a0<\/b><\/p>\n","protected":false},"excerpt":{"rendered":"<p>CONSULTAS Y TR\u00c1MITES. JUBILADOS Y PENSIONADOS PUEDEN DESIGNAR A UN APODERADO ANTE ANSES<\/p>\n","protected":false},"author":3,"featured_media":0,"comment_status":"open","ping_status":"open","sticky":false,"template":"","format":"standard","meta":{"footnotes":"","jetpack_publicize_message":"","jetpack_publicize_feature_enabled":true,"jetpack_social_post_already_shared":true,"jetpack_social_options":{"image_generator_settings":{"template":"highway","default_image_id":0,"font":"","enabled":false},"version":2}},"categories":[81],"tags":[21,2676],"class_list":["post-28217","post","type-post","status-publish","format-standard","hentry","category-anses","tag-anses","tag-operativos"],"jetpack_publicize_connections":[],"jetpack_featured_media_url":"","jetpack_likes_enabled":true,"_links":{"self":[{"href":"https:\/\/revistaepocadigital.com.ar\/index.php?rest_route=\/wp\/v2\/posts\/28217","targetHints":{"allow":["GET"]}}],"collection":[{"href":"https:\/\/revistaepocadigital.com.ar\/index.php?rest_route=\/wp\/v2\/posts"}],"about":[{"href":"https:\/\/revistaepocadigital.com.ar\/index.php?rest_route=\/wp\/v2\/types\/post"}],"author":[{"embeddable":true,"href":"https:\/\/revistaepocadigital.com.ar\/index.php?rest_route=\/wp\/v2\/users\/3"}],"replies":[{"embeddable":true,"href":"https:\/\/revistaepocadigital.com.ar\/index.php?rest_route=%2Fwp%2Fv2%2Fcomments&post=28217"}],"version-history":[{"count":0,"href":"https:\/\/revistaepocadigital.com.ar\/index.php?rest_route=\/wp\/v2\/posts\/28217\/revisions"}],"wp:attachment":[{"href":"https:\/\/revistaepocadigital.com.ar\/index.php?rest_route=%2Fwp%2Fv2%2Fmedia&parent=28217"}],"wp:term":[{"taxonomy":"category","embeddable":true,"href":"https:\/\/revistaepocadigital.com.ar\/index.php?rest_route=%2Fwp%2Fv2%2Fcategories&post=28217"},{"taxonomy":"post_tag","embeddable":true,"href":"https:\/\/revistaepocadigital.com.ar\/index.php?rest_route=%2Fwp%2Fv2%2Ftags&post=28217"}],"curies":[{"name":"wp","href":"https:\/\/api.w.org\/{rel}","templated":true}]}}