{"id":28222,"date":"2025-01-16T15:22:48","date_gmt":"2025-01-16T18:22:48","guid":{"rendered":"https:\/\/revistaepocadigital.com.ar\/?p=28222"},"modified":"2025-01-30T01:51:18","modified_gmt":"2025-01-30T04:51:18","slug":"martes-28-de-enero-corte-de-luz-programado-por-cepral","status":"publish","type":"post","link":"https:\/\/revistaepocadigital.com.ar\/?p=28222","title":{"rendered":"MARTES 28 DE ENERO. CORTE DE ENERG\u00cdA EL\u00c9CTRICA PROGRAMADO POR CEPRAL"},"content":{"rendered":"<p><strong>ESTE MARTES 28\/01\/25. INFORM\u00d3 EL CONSEJO DE ADMINISTRACI\u00d3N.<\/strong><!--more--><\/p>\n<p>Se realiza un <strong>corte de energ\u00eda<\/strong>,\u00a0<strong>por obras de mantenimiento sobre la Red de Media Tensi\u00f3n.<\/strong>\u00a0El mismo\u00a0<strong>afecta a 300 usuarios<\/strong>\u00a0que se encuentran circunscriptos en los siguientes\u00a0<strong>barrios<\/strong>:<\/p>\n<p>&nbsp;<\/p>\n<p><strong>El Zorzal.<\/strong><\/p>\n<p><strong>Altos de Robles.<\/strong><\/p>\n<p><strong>Etchegoyen.<\/strong><\/p>\n<p><strong>Todos los callejones aleda\u00f1os<\/strong>\u00a0a los barrios mencionados, como as\u00ed tambi\u00e9n a establecimientos como granjas, agr\u00edcolas, etc.<\/p>\n<p>&nbsp;<\/p>\n<ul>\n<li><strong>Martes (28\/01\/25)<\/strong>\u00a0<strong>corte programado de 8 a 10 horas <\/strong>(aproximadamente)<\/li>\n<\/ul>\n<p>&nbsp;<\/p>\n<p>Si el tiempo se torna inestable, se re-programaban las tareas para otro d\u00eda.<\/p>\n","protected":false},"excerpt":{"rendered":"<p>ESTE MARTES 28\/01\/25. INFORM\u00d3 EL CONSEJO DE ADMINISTRACI\u00d3N.<\/p>\n","protected":false},"author":3,"featured_media":28234,"comment_status":"open","ping_status":"open","sticky":false,"template":"","format":"standard","meta":{"footnotes":"","jetpack_publicize_message":"","jetpack_publicize_feature_enabled":true,"jetpack_social_post_already_shared":true,"jetpack_social_options":{"image_generator_settings":{"template":"highway","default_image_id":0,"font":"","enabled":false},"version":2}},"categories":[5],"tags":[29,2895],"class_list":["post-28222","post","type-post","status-publish","format-standard","has-post-thumbnail","hentry","category-aqui-parada-robles","tag-cepral","tag-corte-luz-programado"],"jetpack_publicize_connections":[],"jetpack_featured_media_url":"https:\/\/revistaepocadigital.com.ar\/wp-content\/uploads\/2025\/01\/cepral-camion.jpg","jetpack_likes_enabled":true,"_links":{"self":[{"href":"https:\/\/revistaepocadigital.com.ar\/index.php?rest_route=\/wp\/v2\/posts\/28222","targetHints":{"allow":["GET"]}}],"collection":[{"href":"https:\/\/revistaepocadigital.com.ar\/index.php?rest_route=\/wp\/v2\/posts"}],"about":[{"href":"https:\/\/revistaepocadigital.com.ar\/index.php?rest_route=\/wp\/v2\/types\/post"}],"author":[{"embeddable":true,"href":"https:\/\/revistaepocadigital.com.ar\/index.php?rest_route=\/wp\/v2\/users\/3"}],"replies":[{"embeddable":true,"href":"https:\/\/revistaepocadigital.com.ar\/index.php?rest_route=%2Fwp%2Fv2%2Fcomments&post=28222"}],"version-history":[{"count":0,"href":"https:\/\/revistaepocadigital.com.ar\/index.php?rest_route=\/wp\/v2\/posts\/28222\/revisions"}],"wp:featuredmedia":[{"embeddable":true,"href":"https:\/\/revistaepocadigital.com.ar\/index.php?rest_route=\/wp\/v2\/media\/28234"}],"wp:attachment":[{"href":"https:\/\/revistaepocadigital.com.ar\/index.php?rest_route=%2Fwp%2Fv2%2Fmedia&parent=28222"}],"wp:term":[{"taxonomy":"category","embeddable":true,"href":"https:\/\/revistaepocadigital.com.ar\/index.php?rest_route=%2Fwp%2Fv2%2Fcategories&post=28222"},{"taxonomy":"post_tag","embeddable":true,"href":"https:\/\/revistaepocadigital.com.ar\/index.php?rest_route=%2Fwp%2Fv2%2Ftags&post=28222"}],"curies":[{"name":"wp","href":"https:\/\/api.w.org\/{rel}","templated":true}]}}