{"id":28235,"date":"2025-01-27T19:19:23","date_gmt":"2025-01-27T22:19:23","guid":{"rendered":"https:\/\/revistaepocadigital.com.ar\/?p=28235"},"modified":"2025-01-29T00:17:16","modified_gmt":"2025-01-29T03:17:16","slug":"horror-a-80-anos-del-holocausto","status":"publish","type":"post","link":"https:\/\/revistaepocadigital.com.ar\/?p=28235","title":{"rendered":"HORROR. A 80 A\u00d1OS DEL HOLOCAUSTO"},"content":{"rendered":"<p><strong>DIA INTERNACIONAL EN MEMORIA DE LAS V\u00cdCTIMAS DEL HOLOCAUSTO.<\/strong><\/p>\n<p><strong>LA TOLERANCIA EN EL MUNDO ACTUAL, SERIAMENTE AMENAZADA<\/strong>.<\/p>\n<p><!--more--><\/p>\n<p>Fue establecido por las<span class=\"c3biWd ILfuVd\" lang=\"es\"><span class=\"hgKElc\"> Naciones Unidas para marcar el aniversario de la liberaci\u00f3n el 27 de enero de 1945 de los campos de concentraci\u00f3n en Auschwitz-Birkenau, el mayor campo de concentraci\u00f3n y exterminio nazi.\u00a0<\/span><\/span>La efem\u00e9ride fue instaurada por la Asamblea General de las Naciones Unidas en 2005, en ocasi\u00f3n del 60\u00b0 aniversario de la derrota del r\u00e9gimen nazi y de la liberaci\u00f3n de los campos de concentraci\u00f3n nazis.<\/p>\n<p>El Holocausto signific\u00f3 la\u00a0<strong>persecuci\u00f3n y aniquilaci\u00f3n sistem\u00e1tica\u00a0por parte de la\u00a0Alemania\u00a0<\/strong><a href=\"https:\/\/www.nationalgeographicla.com\/historia\/2024\/07\/como-fue-derrotado-hitler-en-la-segunda-guerra-mundial\"><strong>nazi<\/strong><\/a> y sus colaboradores, entre 1933 y 1945.\u00a0Durante este periodo\u00a0<strong>los jud\u00edos fueron las v\u00edctimas principales,<\/strong> estim\u00e1ndose que fueron asesinadas unas seis millones de personas.<\/p>\n<p><strong>Este 27 de enero de 2025, ha sido conmemorado el 80\u00ba aniversario<\/strong> de la liberaci\u00f3n del campo de concentraci\u00f3n y exterminio nazi alem\u00e1n en Auschwitz. En este campo de concentraci\u00f3n fueron asesinadas m\u00e1s de un mill\u00f3n de personas, en su mayor\u00eda jud\u00edos.<\/p>\n<p>La fecha convoc\u00f3 como cada a\u00f1o, a la comunidad internacional para recordar la barbarie nazi en un momento en que cada vez quedan menos testigos directos del Holocausto, marcando el ocaso de lo que la historiadora Annette Wieviorka llama la \u201c<em>era de los testigos\u201d.<\/em><\/p>\n<p><em>&#8220;Se debe asumir la tarea de perpetuar la memoria con una gravedad cada vez mayor<\/em>. <em>Es nuestra responsabilidad educar contra las ideolog\u00edas de odio, ya que los genocidios y otros cr\u00edmenes atroces siguen ocurriendo en varias partes del mundo, y como estamos presenciando un aumento mundial del antisemitismo y de los discursos de odio, esto nunca ha sido tan relevante&#8221;,<\/em> se ha sostenido.<\/p>\n<p>&nbsp;<\/p>\n","protected":false},"excerpt":{"rendered":"<p>DIA INTERNACIONAL EN MEMORIA DE LAS V\u00cdCTIMAS DEL HOLOCAUSTO. LA TOLERANCIA EN EL MUNDO ACTUAL, SERIAMENTE AMENAZADA.<\/p>\n","protected":false},"author":3,"featured_media":28239,"comment_status":"open","ping_status":"open","sticky":false,"template":"","format":"standard","meta":{"footnotes":"","jetpack_publicize_message":"","jetpack_publicize_feature_enabled":true,"jetpack_social_post_already_shared":true,"jetpack_social_options":{"image_generator_settings":{"template":"highway","default_image_id":0,"font":"","enabled":false},"version":2}},"categories":[15],"tags":[37,3026,581],"class_list":["post-28235","post","type-post","status-publish","format-standard","has-post-thumbnail","hentry","category-lo-que-tenes-que-saber","tag-destacada","tag-dia-holocausto","tag-holocausto"],"jetpack_publicize_connections":[],"jetpack_featured_media_url":"https:\/\/revistaepocadigital.com.ar\/wp-content\/uploads\/2025\/01\/Holocaust-Remembrance-400.jpg","jetpack_likes_enabled":true,"_links":{"self":[{"href":"https:\/\/revistaepocadigital.com.ar\/index.php?rest_route=\/wp\/v2\/posts\/28235","targetHints":{"allow":["GET"]}}],"collection":[{"href":"https:\/\/revistaepocadigital.com.ar\/index.php?rest_route=\/wp\/v2\/posts"}],"about":[{"href":"https:\/\/revistaepocadigital.com.ar\/index.php?rest_route=\/wp\/v2\/types\/post"}],"author":[{"embeddable":true,"href":"https:\/\/revistaepocadigital.com.ar\/index.php?rest_route=\/wp\/v2\/users\/3"}],"replies":[{"embeddable":true,"href":"https:\/\/revistaepocadigital.com.ar\/index.php?rest_route=%2Fwp%2Fv2%2Fcomments&post=28235"}],"version-history":[{"count":0,"href":"https:\/\/revistaepocadigital.com.ar\/index.php?rest_route=\/wp\/v2\/posts\/28235\/revisions"}],"wp:featuredmedia":[{"embeddable":true,"href":"https:\/\/revistaepocadigital.com.ar\/index.php?rest_route=\/wp\/v2\/media\/28239"}],"wp:attachment":[{"href":"https:\/\/revistaepocadigital.com.ar\/index.php?rest_route=%2Fwp%2Fv2%2Fmedia&parent=28235"}],"wp:term":[{"taxonomy":"category","embeddable":true,"href":"https:\/\/revistaepocadigital.com.ar\/index.php?rest_route=%2Fwp%2Fv2%2Fcategories&post=28235"},{"taxonomy":"post_tag","embeddable":true,"href":"https:\/\/revistaepocadigital.com.ar\/index.php?rest_route=%2Fwp%2Fv2%2Ftags&post=28235"}],"curies":[{"name":"wp","href":"https:\/\/api.w.org\/{rel}","templated":true}]}}