{"id":28254,"date":"2025-02-02T21:48:05","date_gmt":"2025-02-03T00:48:05","guid":{"rendered":"https:\/\/revistaepocadigital.com.ar\/?p=28254"},"modified":"2025-02-02T22:19:35","modified_gmt":"2025-02-03T01:19:35","slug":"el-gobierno-baja-impuestos-para-comprar-autos-y-motos","status":"publish","type":"post","link":"https:\/\/revistaepocadigital.com.ar\/?p=28254","title":{"rendered":"EL GOBIERNO BAJ\u00d3 IMPUESTOS PARA COMPRAR AUTOS Y MOTOS"},"content":{"rendered":"<header class=\"article-header-wrapper\">\n<div class=\"article-header\">\n<h3 id=\"el-gobierno-anuncio-una-reduccion-en-los-impuestos-para-la-compra-de-autos-y-motos\" class=\"article-headline left\"><strong>El ministro de Econom\u00eda, Luis Caputo hizo el anuncio. La medida aounta a veh\u00edculos que actualmente cuestan entre $41 y $75 millones, que hasta ahora tributaban un 20%<\/strong>.<\/h3>\n<h2 class=\"font--primary font__display\"><em><strong>Cu\u00e1ndo entra en vigencia la baja de impuestos a los autos y motos<\/strong><\/em><\/h2>\n<p class=\"paragraph\"><em><strong>La quita de impuestos anunciada por Caputo ser\u00e1 oficializada a trav\u00e9s del Bolet\u00edn Oficial esta semana, dado que las nuevas escalas tienen que estar disponibles el 31 de enero. Por lo tanto,\u00a0llegar\u00e1 al consumidor a partir de febrero<\/strong><\/em><\/p>\n<\/div>\n<\/header>\n<p><!--more--><\/p>\n<article class=\"article\">\n<div class=\"sharebar-container\">\n<div class=\"sharebar-buttons-container\">\n<div class=\"sharebar-buttons-separator\">El Gobierno apost\u00f3 a la baja de precios de venta de varios modelos de autos a partir de la medida (28-1). A partir de la <b>pr\u00f3xima semana<\/b>, el Gobierno implementar\u00e1 una serie de medidas destinadas a reducir el costo de autos y motos, al tiempo que fomentar\u00e1 la importaci\u00f3n de veh\u00edculos el\u00e9ctricos e h\u00edbridos de bajo costo.<\/div>\n<div><\/div>\n<div class=\"sharebar-buttons-separator\">Seg\u00fan lo anunciado por el ministro de Econom\u00eda,\u00a0<b>Luis Caputo<\/b>, se trata de un ajuste en la pol\u00edtica tributaria, que busca estimular el consumo interno y la transici\u00f3n hacia tecnolog\u00edas m\u00e1s limpias. Estas iniciativas incluyen la eliminaci\u00f3n y reducci\u00f3n de impuestos internos y aranceles de importaci\u00f3n, impactando directamente en los precios al consumidor.<\/div>\n<\/div>\n<\/div>\n<div class=\"body-article \">\n<p>&nbsp;<\/p>\n<p class=\"paragraph\"><span style=\"color: #ff6600;\"><strong>La medida m\u00e1s destacada es la eliminaci\u00f3n de los impuestos internos para los veh\u00edculos que actualmente se encuentran en el rango de precios entre\u00a041 y 75 millones de pesos, que hasta ahora tributaban un\u00a020 por ciento.<\/strong><\/span><\/p>\n<p class=\"paragraph\"><span style=\"color: #ff6600;\">De manera adicional, los autos cuyo precio supera los\u00a0<b>75 millones de pesos<\/b>, que enfrentaban un gravamen del\u00a0<b>35%<\/b>, ver\u00e1n reducida su al\u00edcuota al\u00a0<b>18%<\/b>. Seg\u00fan las estimaciones oficiales, esta pol\u00edtica\u00a0<b>reducir\u00e1 los precios de venta entre un 15% y un 20%<\/b>, lo que se espera impacte positivamente en la demanda del mercado automotor.<\/span><\/p>\n<div class=\"visual__image\"><picture><source srcset=\"https:\/\/www.infobae.com\/resizer\/v2\/REZIYWKQJBBE5MKRENG62GKKIA.jpg?auth=aad5e2c7713b6f04905816d26f443f4d135695676685886b1a2f7580609bc67b&amp;smart=true&amp;width=992&amp;height=558&amp;quality=85\" media=\"(min-width: 1000px)\" \/><source srcset=\"https:\/\/www.infobae.com\/resizer\/v2\/REZIYWKQJBBE5MKRENG62GKKIA.jpg?auth=aad5e2c7713b6f04905816d26f443f4d135695676685886b1a2f7580609bc67b&amp;smart=true&amp;width=768&amp;height=432&amp;quality=85\" media=\"(min-width: 768px)\" \/><source srcset=\"https:\/\/www.infobae.com\/resizer\/v2\/REZIYWKQJBBE5MKRENG62GKKIA.jpg?auth=aad5e2c7713b6f04905816d26f443f4d135695676685886b1a2f7580609bc67b&amp;smart=true&amp;width=577&amp;height=325&amp;quality=85\" media=\"(min-width: 580px)\" \/><source srcset=\"https:\/\/www.infobae.com\/resizer\/v2\/REZIYWKQJBBE5MKRENG62GKKIA.jpg?auth=aad5e2c7713b6f04905816d26f443f4d135695676685886b1a2f7580609bc67b&amp;smart=true&amp;width=420&amp;height=236&amp;quality=85\" media=\"(min-width: 350px)\" \/><source srcset=\"https:\/\/www.infobae.com\/resizer\/v2\/REZIYWKQJBBE5MKRENG62GKKIA.jpg?auth=aad5e2c7713b6f04905816d26f443f4d135695676685886b1a2f7580609bc67b&amp;smart=true&amp;width=350&amp;height=197&amp;quality=85\" media=\"(min-width: 80px)\" \/><img loading=\"lazy\" decoding=\"async\" class=\"global-image\" src=\"https:\/\/www.infobae.com\/resizer\/v2\/REZIYWKQJBBE5MKRENG62GKKIA.jpg?auth=aad5e2c7713b6f04905816d26f443f4d135695676685886b1a2f7580609bc67b&amp;smart=true&amp;width=350&amp;height=197&amp;quality=85\" alt=\"muestra, comisiones, VTV, kilometraje, kilometros,\" width=\"1456\" height=\"816\" \/><\/picture><\/div>\n<div><\/div>\n<div class=\"visual__image\">Se eliminar\u00e1n los impuestos internos para los autos de entre 41 y 75 millones de pesos, que hasta ahora pagaban una al\u00edcuota del 20% y se reducir\u00e1 la al\u00edcuota para los autos de m\u00e1s de 75 millones, del 35% al 18%\u201d, agreg\u00f3 el funcionario y agreg\u00f3,<em> &#8220;va a impactar en una reducci\u00f3n del precio de venta de estos veh\u00edculos de entre un 15% y un 20%, lo que seguramente producir\u00e1 un aumento en la demanda del mercado\u201d<\/em>.<\/div>\n<p class=\"paragraph\">Adem\u00e1s, explic\u00f3 el funcionario,<strong> bajar\u00e1n a cero los aranceles para la importaci\u00f3n de autos el\u00e9ctricos e h\u00edbridos de bajo precio FOB, con la intenci\u00f3n de que haya opciones de veh\u00edculos m\u00e1s econ\u00f3micos.<\/strong><\/p>\n<p class=\"paragraph\"><em>\u201cHabr\u00e1 un cupo anual de 50 mil autos a ser importados en esta categor\u00eda. Adicionalmente, se eliminar\u00e1n los impuestos internos de las motos de un precio de entre 15 y 23 millones de pesos, que hasta ahora pagaban un impuesto del 20%\u201d<\/em>, dijo Caputo.<\/p>\n<div class=\"headline-wrapper\">\n<h2 class=\"header headline-class-h2\">Qu\u00e9 puede pasar con los precios<\/h2>\n<\/div>\n<p class=\"paragraph\">Si bien Caputo fue claro en su expectativa de recorte en los precios de los autos, en el sector explican que el traslado no ser\u00e1 inmediato y que puede tener sus bemoles.<\/p>\n<div class=\"visual__image\"><picture><source srcset=\"https:\/\/www.infobae.com\/resizer\/v2\/XA2SGDMLWVHIVHIRE7F4U2ASLY.jpg?auth=b355486a9545b22283ce949a07480abc494c2b221c0ff8db4a9f6f0f827ce7ed&amp;smart=true&amp;width=992&amp;height=661&amp;quality=85\" media=\"(min-width: 1000px)\" \/><source srcset=\"https:\/\/www.infobae.com\/resizer\/v2\/XA2SGDMLWVHIVHIRE7F4U2ASLY.jpg?auth=b355486a9545b22283ce949a07480abc494c2b221c0ff8db4a9f6f0f827ce7ed&amp;smart=true&amp;width=768&amp;height=512&amp;quality=85\" media=\"(min-width: 768px)\" \/><source srcset=\"https:\/\/www.infobae.com\/resizer\/v2\/XA2SGDMLWVHIVHIRE7F4U2ASLY.jpg?auth=b355486a9545b22283ce949a07480abc494c2b221c0ff8db4a9f6f0f827ce7ed&amp;smart=true&amp;width=577&amp;height=385&amp;quality=85\" media=\"(min-width: 580px)\" \/><source srcset=\"https:\/\/www.infobae.com\/resizer\/v2\/XA2SGDMLWVHIVHIRE7F4U2ASLY.jpg?auth=b355486a9545b22283ce949a07480abc494c2b221c0ff8db4a9f6f0f827ce7ed&amp;smart=true&amp;width=420&amp;height=280&amp;quality=85\" media=\"(min-width: 350px)\" \/><source srcset=\"https:\/\/www.infobae.com\/resizer\/v2\/XA2SGDMLWVHIVHIRE7F4U2ASLY.jpg?auth=b355486a9545b22283ce949a07480abc494c2b221c0ff8db4a9f6f0f827ce7ed&amp;smart=true&amp;width=350&amp;height=233&amp;quality=85\" media=\"(min-width: 80px)\" \/><img loading=\"lazy\" decoding=\"async\" class=\"global-image\" src=\"https:\/\/www.infobae.com\/resizer\/v2\/XA2SGDMLWVHIVHIRE7F4U2ASLY.jpg?auth=b355486a9545b22283ce949a07480abc494c2b221c0ff8db4a9f6f0f827ce7ed&amp;smart=true&amp;width=350&amp;height=233&amp;quality=85\" alt=\"Tambi\u00e9n se eliminar\u00e1n impuestos internos\" width=\"1000\" height=\"667\" \/><\/picture> (Foto: gentileza Shutterstock)<\/div>\n<div><\/div>\n<p class=\"paragraph\">Las empresas del rubro <b>estaban al tanto de la inminencia de la medida<\/b>, tal como anticip\u00f3\u00a0<b>Infobae,<\/b> en ese contexto, desde hace unos d\u00edas hac\u00edan cuentas.<\/p>\n<p class=\"paragraph\">Lo m\u00e1s razonable ser\u00eda que\u00a0<b>los precios de los autos que pagaban ese impuesto bajen cerca del 20%<\/b>, con lo cual, los modelos que\u00a0 tienen un precio aproximado a los $65.000.000, deber\u00edan costar cerca de $50.000.000.<\/p>\n<p class=\"paragraph\">En el otro escenario est\u00e1n<b>\u00a0los modelos que ten\u00edan el precio topeado para no pagarlo<\/b>, pero que no era un precio real. Un veh\u00edculo de $42.000.000 deber\u00eda costar entre 46 y 47 millones de pesos, pero<b>\u00a0aumentarlo ser\u00eda ir en la direcci\u00f3n contraria a la que el gobierno busca<\/b>, que es bajar los precios.<\/p>\n<p class=\"paragraph\">Algunos modelos que pagan y dejar\u00edan de pagar el impuesto interno con esta medida son los SUV importados de extra zona como el <b>Honda CR-V<\/b>,\u00a0<b>Nissan X-Trail<\/b>,\u00a0<b>Hyundai Tucson<\/b>,\u00a0<b>Kia Sportage<\/b>,\u00a0<b>Ford Kuga<\/b>,\u00a0<b>Peugeot 3008<\/b>, o el<b>\u00a0Baic X55II Plus<\/b>. Tambi\u00e9n lo pagan modelos como el nuevo\u00a0<b>Alfa Romeo Tonale Mild-Hybrid<\/b>\u00a0o el\u00a0<b>Renault M\u00e9gane E-Tech<\/b>, por citar dos ejemplos de modelos que tienen un precio m\u00e1s alto por su tecnolog\u00eda electrificada de propulsi\u00f3n.<\/p>\n<p class=\"paragraph\">Entre los productos argentinos o regionales que no pagan el 35% de arancel de importaci\u00f3n pero todav\u00eda pagan la escala 1 est\u00e1n el\u00a0<b>Toyota SW4<\/b>,\u00a0<b>Jeep Commander<\/b>, el\u00a0<b>Ford Bronco Sport<\/b>, el\u00a0<b>VW Tiguan<\/b>\u00a0o tambi\u00e9n el\u00a0<b>Volkswagen Vento GLI\u00a0<\/b>de reciente relanzamiento.<\/p>\n<p class=\"paragraph\">Pero si bien la medida permitir\u00e1 que esos modelos queden afuera del impuesto, habr\u00e1 una transici\u00f3n que es inevitable en estos casos, y que fue la misma que se vivi\u00f3 cuando se redujeron 10 puntos del impuesto PAIS en septiembre de 2024. En aquel momento, las terminales e importadores pod\u00edan bajar el precio de los autos gracias a la baja parcial del impuesto, pero en el stock de unidades que ten\u00edan ya lo hab\u00edan pagado. Lo que sucedi\u00f3 fue que tuvieron que absorber el impacto de la baja.<\/p>\n<\/div>\n<\/article>\n<p>&nbsp;<\/p>\n<div class=\"content-article-title\">\n<div class=\"wrapper-layout center-content center_story max-width\">\n<div class=\"col-content\">\n<div class=\"breadcrumb font__subtitle\"><\/div>\n<h1 class=\"article__title font__display\">Qu\u00e9 pasar\u00e1 con el precio del Fiat Cronos tras la eliminaci\u00f3n del impuesto interno<\/h1>\n<\/div>\n<\/div>\n<\/div>\n<div class=\"common-layout wrapper-layout center-content center_story max-width story article\">\n<div class=\"col-content\">\n<p>&nbsp;<\/p>\n<div class=\"article__header article__story article__article\">\n<div class=\"article__head\">\n<div class=\"article__headline-byline-container\">\n<div id=\"StaticHeadlines\">\n<div data-testid=\"headlines\">\n<h2 class=\"article__dropline font__body\">Conoc\u00e9 c\u00f3mo impactar\u00e1 la nueva medida en el precio de este veh\u00edculo.<\/h2>\n<\/div>\n<\/div>\n<div class=\"trinity__audio-wrapper\">\n<div class=\"article__byline\" data-testid=\"byline\">\n<div class=\"author-date\"><\/div>\n<\/div>\n<\/div>\n<\/div>\n<div class=\"article__lead-art article__lead-art-photo\" data-testid=\"LeadArtPhoto\">\n<figure class=\"\" data-testid=\"figure-testid\">\n<div class=\"aspect_ratio__container\"><picture class=\"responsive-image\"><source srcset=\"https:\/\/tn.com.ar\/resizer\/v2\/el-fiat-cronos-no-aumento-entre-junio-y-julio-foto-stellantis-YERVIGEBHNGWJJQ5LIVWIE3XIY.jpg?auth=12e9bcdd1c712b95d962ad49f992a7bcb69b9c10288c0eac2a7b0e106d3543f4&amp;width=767\" type=\"image\/jpg\" media=\"(max-width: 728px)\" \/><source srcset=\"https:\/\/tn.com.ar\/resizer\/v2\/el-fiat-cronos-no-aumento-entre-junio-y-julio-foto-stellantis-YERVIGEBHNGWJJQ5LIVWIE3XIY.jpg?auth=12e9bcdd1c712b95d962ad49f992a7bcb69b9c10288c0eac2a7b0e106d3543f4&amp;width=1023\" type=\"image\/jpg\" media=\"(max-width: 1023px)\" \/><source srcset=\"https:\/\/tn.com.ar\/resizer\/v2\/el-fiat-cronos-no-aumento-entre-junio-y-julio-foto-stellantis-YERVIGEBHNGWJJQ5LIVWIE3XIY.jpg?auth=12e9bcdd1c712b95d962ad49f992a7bcb69b9c10288c0eac2a7b0e106d3543f4&amp;width=1440\" type=\"image\/jpg\" \/><img decoding=\"async\" class=\"width_full height_full article__lead-art-photo image_placeholder\" src=\"https:\/\/tn.com.ar\/resizer\/v2\/el-fiat-cronos-no-aumento-entre-junio-y-julio-foto-stellantis-YERVIGEBHNGWJJQ5LIVWIE3XIY.jpg?auth=12e9bcdd1c712b95d962ad49f992a7bcb69b9c10288c0eac2a7b0e106d3543f4&amp;width=767\" alt=\"El Fiat Cronos no aument\u00f3 entre junio y julio (Foto: Stellantis)\" \/><\/picture><\/div><figcaption class=\"caption_image\" data-testid=\"figcaption-testid\">\n<div class=\"image_caption font__body\">Qu\u00e9 pasar\u00e1 con el precio del Fiat Cronos tras la eliminaci\u00f3n del impuesto interno (Foto: Stellantis)<\/div>\n<\/figcaption><\/figure>\n<\/div>\n<\/div>\n<div class=\"horizontal-share\" data-testid=\"share-toolbar\"><\/div>\n<\/div>\n<div class=\"default-article-color article__body article__article\">\n<p class=\"paragraph\">El\u00a0<a href=\"https:\/\/tn.com.ar\/economia\/2025\/01\/28\/el-gobierno-anuncio-que-eliminara-impuestos-para-la-compra-de-autos-y-motos\/\" target=\"_blank\" rel=\"noopener\">anuncio del Gobierno<\/a>\u00a0sobre la<b>\u00a0eliminaci\u00f3n de la primera escala del impuesto interno a los autos 0 km y la modificaci\u00f3n de la segunda<\/b>\u00a0gener\u00f3 expectativas en el mercado automotor. Sin embargo,\u00a0<b>no todos los veh\u00edculos se ver\u00e1n beneficiados por esta medida<\/b>.<\/p>\n<div id=\"ad-slot-infeed\" class=\"infeed-container\"><\/div>\n<p class=\"paragraph\">El\u00a0<a href=\"https:\/\/tn.com.ar\/autos\/novedades\/2025\/01\/08\/cuanto-sale-el-fiat-cronos-con-precio-actualizado-en-enero-de-2025\/\" target=\"_blank\" rel=\"noopener\"><b>Fiat Cronos<\/b><\/a>, el auto m\u00e1s vendido en Argentina en los \u00faltimos a\u00f1os,\u00a0<b>no estaba afectado por el impuesto interno<\/b>, por lo que\u00a0<b>sus precios no experimentar\u00e1n cambios<\/b>\u00a0debido a esta eliminaci\u00f3n. Esto se debe a que el tributo gravaba \u00fanicamente a los veh\u00edculos cuyo valor oscilaba entre $40.500.000 y $75.000.000 (primera escala) y aquellos por encima de los $75.000.000 (segunda escala).<\/p>\n<p class=\"paragraph\"><i><b>Le\u00e9 tambi\u00e9n:\u00a0<\/b><\/i><a href=\"https:\/\/tn.com.ar\/autos\/novedades\/2025\/01\/28\/los-autos-0-km-que-bajaran-de-precio-tras-la-eliminacion-del-impuesto-interno\/\" target=\"_blank\" rel=\"noopener\"><i><b>Uno por uno, los autos 0 km que bajar\u00edan de precio tras la eliminaci\u00f3n del impuesto interno<\/b><\/i><\/a><\/p>\n<p class=\"paragraph\">Actualmente, el Fiat Cronos tiene los siguientes precios en enero de 2025:<\/p>\n<ul class=\"ul__list list\">\n<li class=\"list__item\"><b>Cronos Like 1.3 GSE<\/b>: $22.478.000<\/li>\n<li class=\"list__item\"><b>Cronos Drive 1.3 GSE Pack Plus<\/b>: $26.127.000<\/li>\n<li class=\"list__item\"><b>Cronos Drive 1.3 GSE Pack Plus CVT<\/b>: $26.284.000<\/li>\n<li class=\"list__item\"><b>Cronos Stile 1.3 GSE<\/b>: $26.284.000<\/li>\n<li class=\"list__item\"><b>Cronos Precision 1.3 GSE CVT<\/b>: $28.018.000<\/li>\n<\/ul>\n<p class=\"paragraph\">Estos valores, aunque actualizados recientemente, est\u00e1n muy por debajo del rango m\u00ednimo afectado por el impuesto. En consecuencia,\u00a0<b>los precios del Cronos se mantendr\u00e1n estables en febrero y en adelante<\/b>, a menos que se produzcan ajustes por parte de la marca debido a otros factores como inflaci\u00f3n, costos de producci\u00f3n o fluctuaciones del mercado.<\/p>\n<h2 class=\"font--primary font__display\">\u00bfQu\u00e9 autos se beneficiar\u00e1n de la eliminaci\u00f3n del impuesto?<\/h2>\n<p class=\"paragraph\">La eliminaci\u00f3n de la primera escala beneficiar\u00e1 a los precios se encontraban en el rango afectado, como el <b>Toyota SW4<\/b>,\u00a0<b>Volkswagen Vento\u00a0<\/b>y\u00a0<b>Taos<\/b>,\u00a0<b>Nissan Sentra<\/b>,\u00a0<b>Honda CR-V<\/b>,\u00a0<b>Jeep Compass\u00a0<\/b>y<b>\u00a0Peugeot 3008<\/b>. Estos autos ver\u00e1n una\u00a0<b>reducci\u00f3n estimada de entre el 15% y el 20%<\/b>, lo que podr\u00eda incentivar su demanda.<\/p>\n<h2 class=\"font--primary font__display\">\u00bfPor qu\u00e9 el Fiat Cronos no ser\u00e1 alcanzado por esta medida?<\/h2>\n<p class=\"paragraph\">El\u00a0<b>Fiat Cronos<\/b>, al igual que otros modelos de entrada y gama media como el\u00a0<b>Renault Kwid<\/b>,\u00a0<b>Citro\u00ebn C3<\/b>,\u00a0<b>Peugeot 208<\/b>\u00a0y\u00a0<b>Chevrolet Onix<\/b>, tiene un precio que lo ubica\u00a0<b>fuera del alcance del impuesto interno<\/b>. Esto lo posiciona como una de las opciones m\u00e1s accesibles para los compradores que buscan un auto 0 km en el contexto econ\u00f3mico actual.<\/p>\n<\/div>\n<div class=\"article__header article__story article__article\">\n<div class=\"article__head\">\n<div class=\"article__headline-byline-container\">\n<div id=\"StaticHeadlines\">\n<div data-testid=\"headlines\">\n<h2 class=\"article__dropline font__body\">C\u00f3mo impactar\u00e1 la medida en el precio de la pickup Toyota Hilux<\/h2>\n<\/div>\n<\/div>\n<div class=\"trinity-tts-placeholder-icon-player\"><\/div>\n<\/div>\n<div class=\"article__lead-art article__lead-art-photo\" data-testid=\"LeadArtPhoto\">\n<figure class=\"\" data-testid=\"figure-testid\">\n<div class=\"aspect_ratio__container\"><picture class=\"responsive-image\"><source srcset=\"https:\/\/tn.com.ar\/resizer\/v2\/que-pasara-con-el-precio-de-la-toyota-sw4-tras-la-eliminacion-del-impuesto-interno-foto-toyota-POLWSPHCYRDALCF7FZCRPOJK6Y.jpg?auth=79a27050e0f48b9d00efc58d6c7cef6087bc4ef6ecaf9447cbbcd52a801699a5&amp;width=767\" type=\"image\/jpg\" media=\"(max-width: 728px)\" \/><source srcset=\"https:\/\/tn.com.ar\/resizer\/v2\/que-pasara-con-el-precio-de-la-toyota-sw4-tras-la-eliminacion-del-impuesto-interno-foto-toyota-POLWSPHCYRDALCF7FZCRPOJK6Y.jpg?auth=79a27050e0f48b9d00efc58d6c7cef6087bc4ef6ecaf9447cbbcd52a801699a5&amp;width=1023\" type=\"image\/jpg\" media=\"(max-width: 1023px)\" \/><source srcset=\"https:\/\/tn.com.ar\/resizer\/v2\/que-pasara-con-el-precio-de-la-toyota-sw4-tras-la-eliminacion-del-impuesto-interno-foto-toyota-POLWSPHCYRDALCF7FZCRPOJK6Y.jpg?auth=79a27050e0f48b9d00efc58d6c7cef6087bc4ef6ecaf9447cbbcd52a801699a5&amp;width=1440\" type=\"image\/jpg\" \/><img decoding=\"async\" class=\"width_full height_full article__lead-art-photo image_placeholder\" src=\"https:\/\/tn.com.ar\/resizer\/v2\/que-pasara-con-el-precio-de-la-toyota-sw4-tras-la-eliminacion-del-impuesto-interno-foto-toyota-POLWSPHCYRDALCF7FZCRPOJK6Y.jpg?auth=79a27050e0f48b9d00efc58d6c7cef6087bc4ef6ecaf9447cbbcd52a801699a5&amp;width=767\" alt=\"Qu\u00e9 pasar\u00e1 con el precio de la Toyota SW4 tras la eliminaci\u00f3n del impuesto interno (Foto: Toyota).\" \/><\/picture><\/div><figcaption class=\"caption_image\" data-testid=\"figcaption-testid\">\n<div class=\"image_caption font__body\">Qu\u00e9 pasar\u00e1 con el precio de la Toyota SW4 tras la eliminaci\u00f3n del impuesto interno (Foto: Toyota).<\/div>\n<\/figcaption><\/figure>\n<\/div>\n<\/div>\n<div class=\"horizontal-share\" data-testid=\"share-toolbar\"><\/div>\n<\/div>\n<div class=\"default-article-color article__body article__article\">\n<p class=\"paragraph\">La\u00a0<a href=\"https:\/\/tn.com.ar\/tags\/toyota-sw4\/\" target=\"_blank\" rel=\"noopener\"><b>Toyota SW4<\/b><\/a>, una de las camionetas m\u00e1s populares del mercado argentino, podr\u00eda experimentar una<b>\u00a0significativa reducci\u00f3n de precio<\/b>\u00a0a partir de febrero de 2025 debido a la\u00a0<b>eliminaci\u00f3n de la primera escala del impuesto interno y la modificaci\u00f3n de la segunda<\/b>. Este cambio impositivo,\u00a0<a href=\"https:\/\/tn.com.ar\/economia\/2025\/01\/28\/el-gobierno-anuncio-que-eliminara-impuestos-para-la-compra-de-autos-y-motos\/\" target=\"_blank\" rel=\"noopener\">anunciado por el Gobierno Nacional<\/a>, busca abaratar los autos de media y alta gama, lo que impactar\u00e1 directamente en modelos como la SW4.<\/p>\n<h2 class=\"font--primary font__display\">El precio actual de la Toyota SW4 (enero 2025)<\/h2>\n<p class=\"paragraph\">La Toyota SW4, en sus diferentes versiones, tiene los siguientes precios oficiales en enero de 2025 seg\u00fan la lista de Toyota Argentina:<\/p>\n<ul class=\"ul__list list\">\n<li class=\"list__item\"><b>SW4 4X4 SRX 2.8 TDI<\/b>: $76.665.000.<\/li>\n<li class=\"list__item\"><b>SW4 4X4 Diamond II 2.8 TDI<\/b>: $77.061.000.<\/li>\n<li class=\"list__item\"><b>SW4 4X4 GR-Sport 2.8 TDI<\/b>: $80.879.000.<\/li>\n<\/ul>\n<p class=\"paragraph\">Estos valores incluyen el impacto del impuesto interno en su segunda escala, que actualmente aplica una tasa efectiva del 54% sobre los veh\u00edculos cuyo precio supera los $75.000.000.<\/p>\n<h2 class=\"font--primary font__display\">C\u00f3mo impactar\u00e1 la reforma del impuesto interno en el precio de la SW4<\/h2>\n<p class=\"paragraph\">La eliminaci\u00f3n de la primera escala y la reducci\u00f3n de la al\u00edcuota de la segunda escala del impuesto interno, que entrar\u00e1n en vigor el 1\u00b0 de febrero de 2025, afectar\u00e1 positivamente a la Toyota SW4:<\/p>\n<ul class=\"ul__list list\">\n<li class=\"list__item\"><b>Eliminaci\u00f3n de la primera escala:<\/b>\u00a0los veh\u00edculos cuyo precio al p\u00fablico est\u00e1 entre $40.500.000 y $75.000.000 dejar\u00e1n de estar gravados con el impuesto del 25% efectivo. Aunque este cambio no afecta directamente a la SW4 (que supera los $75.000.000), podr\u00eda presionar a la baja a algunos modelos cercanos a este umbral.<\/li>\n<li class=\"list__item\"><b>Reducci\u00f3n de la segunda escala:<\/b>\u00a0la al\u00edcuota efectiva que hoy es del 54% para veh\u00edculos de m\u00e1s de $75.000.000 pasar\u00e1 a ser del 18%. Esto significar\u00e1 una baja considerable en el precio de los modelos de alta gama, incluyendo todas las versiones de la SW4.<\/li>\n<\/ul>\n<h2 class=\"font--primary font__display\">\u00bfCu\u00e1nto podr\u00eda bajar la Toyota SW4?<\/h2>\n<p class=\"paragraph\">Seg\u00fan declaraciones del Ministro de Econom\u00eda,\u00a0<a href=\"https:\/\/tn.com.ar\/tags\/luis-caputo\/\" target=\"_blank\" rel=\"noopener\"><b>Luis Caputo<\/b><\/a>, la modificaci\u00f3n del impuesto interno producir\u00e1 una\u00a0<b>reducci\u00f3n del precio de los autos afectados de entre un 15% y un 20%<\/b>. Al aplicar este rango a los precios actuales de la Toyota SW4, se estima que las reducciones podr\u00edan ser las siguientes:<\/p>\n<ul class=\"ul__list list\">\n<li class=\"list__item\"><b>SW4 4X4 SRX 2.8 TDI:<\/b>\u00a0bajar\u00eda de $76.665.000 a un rango entre $61.332.000 y $65.165.000.<\/li>\n<li class=\"list__item\"><b>SW4 4X4 Diamond II 2.8 TDI:<\/b>\u00a0bajar\u00eda de $77.061.000 a un rango entre $61.648.000 y $65.502.000.<\/li>\n<li class=\"list__item\"><b>SW4 4X4 GR-Sport 2.8 TDI:<\/b>\u00a0bajar\u00eda de $80.879.000 a un rango entre $64.703.000 y $68.747.000.<\/li>\n<\/ul>\n<figure class=\"\" data-testid=\"figure-testid\">\n<div class=\"aspect_ratio__container\"><picture class=\"responsive-image\"><source srcset=\"https:\/\/tn.com.ar\/resizer\/v2\/con-la-reforma-del-impuesto-interno-la-toyota-sw4-podria-ser-mas-accesible-para-los-compradores-a-partir-de-febrero-de-2025-foto-toyota-AEIXUWVRYFCKXIBTZXWFHYFXDQ.png?auth=9189a61156d440cd585f661800bc18de8cab9ddb43646698717542d055351f1e&amp;width=767\" type=\"image\/jpg\" media=\"(max-width: 728px)\" \/><source srcset=\"https:\/\/tn.com.ar\/resizer\/v2\/con-la-reforma-del-impuesto-interno-la-toyota-sw4-podria-ser-mas-accesible-para-los-compradores-a-partir-de-febrero-de-2025-foto-toyota-AEIXUWVRYFCKXIBTZXWFHYFXDQ.png?auth=9189a61156d440cd585f661800bc18de8cab9ddb43646698717542d055351f1e&amp;width=1023\" type=\"image\/jpg\" media=\"(max-width: 1023px)\" \/><source srcset=\"https:\/\/tn.com.ar\/resizer\/v2\/con-la-reforma-del-impuesto-interno-la-toyota-sw4-podria-ser-mas-accesible-para-los-compradores-a-partir-de-febrero-de-2025-foto-toyota-AEIXUWVRYFCKXIBTZXWFHYFXDQ.png?auth=9189a61156d440cd585f661800bc18de8cab9ddb43646698717542d055351f1e&amp;width=1440\" type=\"image\/jpg\" \/><img loading=\"lazy\" decoding=\"async\" class=\"image content-image image_placeholder\" src=\"https:\/\/tn.com.ar\/resizer\/v2\/con-la-reforma-del-impuesto-interno-la-toyota-sw4-podria-ser-mas-accesible-para-los-compradores-a-partir-de-febrero-de-2025-foto-toyota-AEIXUWVRYFCKXIBTZXWFHYFXDQ.png?auth=9189a61156d440cd585f661800bc18de8cab9ddb43646698717542d055351f1e&amp;width=767\" alt=\"Con la reforma del impuesto interno, la Toyota SW4 podr\u00eda ser m\u00e1s accesible para los compradores a partir de febrero de 2025. (Foto: Toyota).\" width=\"767\" height=\"431\" data-testid=\"loading-testid\" \/><\/picture><\/div><figcaption class=\"caption_image\" data-testid=\"figcaption-testid\">\n<div class=\"image_caption \">Con la reforma del impuesto interno, la Toyota SW4 podr\u00eda ser m\u00e1s accesible para los compradores a partir de febrero de 2025. (Foto: Toyota).<\/div>\n<\/figcaption><\/figure>\n<p class=\"paragraph\"><b>.<\/b><\/p>\n<\/div>\n<\/div>\n<\/div>\n<p>&nbsp;<\/p>\n<p>Notas publicadas en Infobae.com y TN.com.ar<\/p>\n<p>Foto portada: gentileza iprofesional.com<\/p>\n","protected":false},"excerpt":{"rendered":"<p>El ministro de Econom\u00eda, Luis Caputo hizo el anuncio. La medida aounta a veh\u00edculos que actualmente cuestan entre $41 y $75 millones, que hasta ahora tributaban un 20%. Cu\u00e1ndo entra en vigencia la baja de impuestos a los autos y motos La quita de impuestos anunciada por Caputo ser\u00e1 oficializada a trav\u00e9s del Bolet\u00edn Oficial [&hellip;]<\/p>\n","protected":false},"author":3,"featured_media":28258,"comment_status":"open","ping_status":"open","sticky":false,"template":"","format":"standard","meta":{"footnotes":"","jetpack_publicize_message":"","jetpack_publicize_feature_enabled":true,"jetpack_social_post_already_shared":true,"jetpack_social_options":{"image_generator_settings":{"template":"highway","default_image_id":0,"font":"","enabled":false},"version":2}},"categories":[13],"tags":[2996,1890,3028],"class_list":["post-28254","post","type-post","status-publish","format-standard","has-post-thumbnail","hentry","category-interes-general","tag-2996","tag-precios","tag-rebaja-impuestos-autos"],"jetpack_publicize_connections":[],"jetpack_featured_media_url":"https:\/\/revistaepocadigital.com.ar\/wp-content\/uploads\/2025\/01\/589426.webp","jetpack_likes_enabled":true,"_links":{"self":[{"href":"https:\/\/revistaepocadigital.com.ar\/index.php?rest_route=\/wp\/v2\/posts\/28254","targetHints":{"allow":["GET"]}}],"collection":[{"href":"https:\/\/revistaepocadigital.com.ar\/index.php?rest_route=\/wp\/v2\/posts"}],"about":[{"href":"https:\/\/revistaepocadigital.com.ar\/index.php?rest_route=\/wp\/v2\/types\/post"}],"author":[{"embeddable":true,"href":"https:\/\/revistaepocadigital.com.ar\/index.php?rest_route=\/wp\/v2\/users\/3"}],"replies":[{"embeddable":true,"href":"https:\/\/revistaepocadigital.com.ar\/index.php?rest_route=%2Fwp%2Fv2%2Fcomments&post=28254"}],"version-history":[{"count":0,"href":"https:\/\/revistaepocadigital.com.ar\/index.php?rest_route=\/wp\/v2\/posts\/28254\/revisions"}],"wp:featuredmedia":[{"embeddable":true,"href":"https:\/\/revistaepocadigital.com.ar\/index.php?rest_route=\/wp\/v2\/media\/28258"}],"wp:attachment":[{"href":"https:\/\/revistaepocadigital.com.ar\/index.php?rest_route=%2Fwp%2Fv2%2Fmedia&parent=28254"}],"wp:term":[{"taxonomy":"category","embeddable":true,"href":"https:\/\/revistaepocadigital.com.ar\/index.php?rest_route=%2Fwp%2Fv2%2Fcategories&post=28254"},{"taxonomy":"post_tag","embeddable":true,"href":"https:\/\/revistaepocadigital.com.ar\/index.php?rest_route=%2Fwp%2Fv2%2Ftags&post=28254"}],"curies":[{"name":"wp","href":"https:\/\/api.w.org\/{rel}","templated":true}]}}