{"id":28288,"date":"2025-01-30T02:17:07","date_gmt":"2025-01-30T05:17:07","guid":{"rendered":"https:\/\/revistaepocadigital.com.ar\/?p=28288"},"modified":"2025-01-30T02:34:59","modified_gmt":"2025-01-30T05:34:59","slug":"musica-bajo-las-estrellas-arte-nuevas-fechas-en-febrero","status":"publish","type":"post","link":"https:\/\/revistaepocadigital.com.ar\/?p=28288","title":{"rendered":"M\u00daSICA BAJO LAS ESTRELLAS + ARTE. NUEVAS FECHAS EN FEBRERO"},"content":{"rendered":"<div><strong>CONTIN\u00daA. EN CAPILLA, PARADA ROBLES Y CARDALES.<\/strong><\/div>\n<p><!--more--><\/p>\n<div><\/div>\n<div>El\u00a0ciclo cultural de todos los veranos en Exaltaci\u00f3n de la Cruz, con tres noches de m\u00fasica, arte y gastronom\u00eda para disfrutar.<\/div>\n<div><\/div>\n<div>PROPUESTAS CULTURALES GRATUITAS!!<\/div>\n<div><\/div>\n<div>\ud83d\uddd3\ufe0f CAPILLA DEL SE\u00d1OR &#8211; DOMINGO 09\/02<\/div>\n<div>\u2022\u2022Desde las 17 hs.<\/div>\n<div>Paseo &#8220;Las Tipas&#8221;.<\/div>\n<div><\/div>\n<div>\ud83d\uddd3\ufe0f LOS CARDALES &#8211; DOMINGO 16\/02<\/div>\n<div>\u2022\u2022Desde las 17 hs<\/div>\n<div>Parque Cultural @centroculturalcardales<\/div>\n<div><\/div>\n<div>\ud83d\uddd3\ufe0f PARADA ROBLES &#8211; S\u00c1BADO 22\/02<\/div>\n<div>\u2022\u2022Desde las 17 hs<\/div>\n<div>Teatro Abierto &#8220;Mar\u00eda Vig\u00edl&#8221; @centroculturalparadarobles<\/div>\n","protected":false},"excerpt":{"rendered":"<p>CONTIN\u00daA. EN CAPILLA, PARADA ROBLES Y CARDALES.<\/p>\n","protected":false},"author":3,"featured_media":28297,"comment_status":"open","ping_status":"open","sticky":false,"template":"","format":"standard","meta":{"footnotes":"","jetpack_publicize_message":"","jetpack_publicize_feature_enabled":true,"jetpack_social_post_already_shared":true,"jetpack_social_options":{"image_generator_settings":{"template":"highway","default_image_id":0,"font":"","enabled":false},"version":2}},"categories":[12],"tags":[3036,3035],"class_list":["post-28288","post","type-post","status-publish","format-standard","has-post-thumbnail","hentry","category-espectaculos","tag-febrero-2025","tag-propuestas-culturales"],"jetpack_publicize_connections":[],"jetpack_featured_media_url":"https:\/\/revistaepocadigital.com.ar\/wp-content\/uploads\/2025\/01\/musi-1.jpg","jetpack_likes_enabled":true,"_links":{"self":[{"href":"https:\/\/revistaepocadigital.com.ar\/index.php?rest_route=\/wp\/v2\/posts\/28288","targetHints":{"allow":["GET"]}}],"collection":[{"href":"https:\/\/revistaepocadigital.com.ar\/index.php?rest_route=\/wp\/v2\/posts"}],"about":[{"href":"https:\/\/revistaepocadigital.com.ar\/index.php?rest_route=\/wp\/v2\/types\/post"}],"author":[{"embeddable":true,"href":"https:\/\/revistaepocadigital.com.ar\/index.php?rest_route=\/wp\/v2\/users\/3"}],"replies":[{"embeddable":true,"href":"https:\/\/revistaepocadigital.com.ar\/index.php?rest_route=%2Fwp%2Fv2%2Fcomments&post=28288"}],"version-history":[{"count":0,"href":"https:\/\/revistaepocadigital.com.ar\/index.php?rest_route=\/wp\/v2\/posts\/28288\/revisions"}],"wp:featuredmedia":[{"embeddable":true,"href":"https:\/\/revistaepocadigital.com.ar\/index.php?rest_route=\/wp\/v2\/media\/28297"}],"wp:attachment":[{"href":"https:\/\/revistaepocadigital.com.ar\/index.php?rest_route=%2Fwp%2Fv2%2Fmedia&parent=28288"}],"wp:term":[{"taxonomy":"category","embeddable":true,"href":"https:\/\/revistaepocadigital.com.ar\/index.php?rest_route=%2Fwp%2Fv2%2Fcategories&post=28288"},{"taxonomy":"post_tag","embeddable":true,"href":"https:\/\/revistaepocadigital.com.ar\/index.php?rest_route=%2Fwp%2Fv2%2Ftags&post=28288"}],"curies":[{"name":"wp","href":"https:\/\/api.w.org\/{rel}","templated":true}]}}