{"id":28291,"date":"2025-01-30T02:29:50","date_gmt":"2025-01-30T05:29:50","guid":{"rendered":"https:\/\/revistaepocadigital.com.ar\/?p=28291"},"modified":"2025-01-30T02:31:54","modified_gmt":"2025-01-30T05:31:54","slug":"nuevos-horarios-en-febrero-en-el-complejo-andres-salgado","status":"publish","type":"post","link":"https:\/\/revistaepocadigital.com.ar\/?p=28291","title":{"rendered":"NUEVOS HORARIOS EN FEBRERO EN EL COMPLEJO ANDR\u00c9S SALGADO"},"content":{"rendered":"<div><\/div>\n<div><strong>TEMPORADA DE VERANO EN EL COMPLEJO ANDR\u00c9S SALGADO<\/strong>.<\/div>\n<p><!--more--><\/p>\n<div><\/div>\n<div>Te compartimos los nuevos horarios a partir del lunes 3 de febrero, de cada una de las \u00a0actividades para que puedas disfrutar de la pileta.<\/div>\n<div><\/div>\n<div><strong><img loading=\"lazy\" decoding=\"async\" class=\"alignleft size-full wp-image-28293\" src=\"https:\/\/revistaepocadigital.com.ar\/wp-content\/uploads\/2025\/01\/Cap.jpg\" alt=\"\" width=\"640\" height=\"625\" srcset=\"https:\/\/revistaepocadigital.com.ar\/wp-content\/uploads\/2025\/01\/Cap.jpg 640w, https:\/\/revistaepocadigital.com.ar\/wp-content\/uploads\/2025\/01\/Cap-300x293.jpg 300w, https:\/\/revistaepocadigital.com.ar\/wp-content\/uploads\/2025\/01\/Cap-430x420.jpg 430w\" sizes=\"auto, (max-width: 640px) 100vw, 640px\" \/><\/strong><\/div>\n<div><\/div>\n<div><\/div>\n<div><\/div>\n<div><\/div>\n<div><\/div>\n<div><\/div>\n<div><\/div>\n<div><\/div>\n<div><\/div>\n<div><\/div>\n<div><\/div>\n<div><\/div>\n<div><\/div>\n<div><\/div>\n<div><\/div>\n<div><\/div>\n<div><\/div>\n<div><\/div>\n<div><\/div>\n<div><\/div>\n<div><\/div>\n<div><\/div>\n<div><\/div>\n<div><\/div>\n<div><\/div>\n<div><\/div>\n<div>Record\u00e1 que la inscripci\u00f3n es en el d\u00eda y horario de la actividad y que adem\u00e1s deber\u00e1s tener la libreta firmada por un m\u00e9dico cl\u00ednico o pediatra actualizada, y concurrir con la planilla de inscripci\u00f3n.<\/div>\n<div><\/div>\n<p>La popular &#8220;pileta municipal&#8221;, como todos los veranos, muestra gran actividad.<\/p>\n","protected":false},"excerpt":{"rendered":"<p>TEMPORADA DE VERANO EN EL COMPLEJO ANDR\u00c9S SALGADO.<\/p>\n","protected":false},"author":3,"featured_media":28293,"comment_status":"open","ping_status":"open","sticky":false,"template":"","format":"standard","meta":{"footnotes":"","jetpack_publicize_message":"","jetpack_publicize_feature_enabled":true,"jetpack_social_post_already_shared":true,"jetpack_social_options":{"image_generator_settings":{"template":"highway","default_image_id":0,"font":"","enabled":false},"version":2}},"categories":[14],"tags":[2083,1155],"class_list":["post-28291","post","type-post","status-publish","format-standard","has-post-thumbnail","hentry","category-la-gente","tag-complejo-salgado","tag-verano"],"jetpack_publicize_connections":[],"jetpack_featured_media_url":"https:\/\/revistaepocadigital.com.ar\/wp-content\/uploads\/2025\/01\/Cap.jpg","jetpack_likes_enabled":true,"_links":{"self":[{"href":"https:\/\/revistaepocadigital.com.ar\/index.php?rest_route=\/wp\/v2\/posts\/28291","targetHints":{"allow":["GET"]}}],"collection":[{"href":"https:\/\/revistaepocadigital.com.ar\/index.php?rest_route=\/wp\/v2\/posts"}],"about":[{"href":"https:\/\/revistaepocadigital.com.ar\/index.php?rest_route=\/wp\/v2\/types\/post"}],"author":[{"embeddable":true,"href":"https:\/\/revistaepocadigital.com.ar\/index.php?rest_route=\/wp\/v2\/users\/3"}],"replies":[{"embeddable":true,"href":"https:\/\/revistaepocadigital.com.ar\/index.php?rest_route=%2Fwp%2Fv2%2Fcomments&post=28291"}],"version-history":[{"count":0,"href":"https:\/\/revistaepocadigital.com.ar\/index.php?rest_route=\/wp\/v2\/posts\/28291\/revisions"}],"wp:featuredmedia":[{"embeddable":true,"href":"https:\/\/revistaepocadigital.com.ar\/index.php?rest_route=\/wp\/v2\/media\/28293"}],"wp:attachment":[{"href":"https:\/\/revistaepocadigital.com.ar\/index.php?rest_route=%2Fwp%2Fv2%2Fmedia&parent=28291"}],"wp:term":[{"taxonomy":"category","embeddable":true,"href":"https:\/\/revistaepocadigital.com.ar\/index.php?rest_route=%2Fwp%2Fv2%2Fcategories&post=28291"},{"taxonomy":"post_tag","embeddable":true,"href":"https:\/\/revistaepocadigital.com.ar\/index.php?rest_route=%2Fwp%2Fv2%2Ftags&post=28291"}],"curies":[{"name":"wp","href":"https:\/\/api.w.org\/{rel}","templated":true}]}}