{"id":28300,"date":"2025-02-08T17:29:19","date_gmt":"2025-02-08T20:29:19","guid":{"rendered":"https:\/\/revistaepocadigital.com.ar\/?p=28300"},"modified":"2025-02-08T17:29:19","modified_gmt":"2025-02-08T20:29:19","slug":"nanni-como-otros-intendentes-sostiene-sus-diferencias-con-milei","status":"publish","type":"post","link":"https:\/\/revistaepocadigital.com.ar\/?p=28300","title":{"rendered":"NANNI COMO OTROS INTENDENTES, SOSTIENE SUS DIFERENCIAS CON MILEI"},"content":{"rendered":"<p id=\"breadcrumbs\"><strong><span class=\"breadcrumb_last\" aria-current=\"page\">DURANTE UNA REUNI\u00d3N CON EL GOBERNADOR KICILLOF.<\/span><\/strong><!--more--><\/p>\n<div id=\"loop-container\" class=\"loop-container\">\n<div class=\"post-16858 post type-post status-publish format-standard has-post-thumbnail hentry category-politica tag-axel-kicillof tag-diego-nanni tag-elecciones tag-intendentes tag-javier-milei tag-villa-gesell entry\">\n<article>\n<div class=\"featured-image\"><\/div>\n<div class=\"post-header\">\n<p>El intendente Diego Nanni particip\u00f3 previo a sus vacaciones anuales, en una reuni\u00f3n encabezada por el gobernador Axel Kicillof en Villa Gesell en la que estuvieron 35 intendentes de la provincia. Entre los temas aborados, se discuti\u00f3 la posibilidad de desdoblar las elecciones legislativas en la provincia de Buenos Aires, en el marco de panorama electorral y las graves complejidades que presenta su gesti\u00f3n, con la inseguridad golpeando con gran dureza., Kicillof reuni\u00f3 en Villa Gesell a 35 intendentes de la provincia. Tambi\u00e9n se habl\u00f3 de coordinar estrategias pol\u00edticas de cara para el a\u00f1o en curso. Por otro lado, fueron abordados temas acuciantes como los presupuestarios y de gestiones territorial.<\/p>\n<p>Kicillof inst\u00f3 a los intendentes a trabajar en la construcci\u00f3n de un frente pol\u00edtico s\u00f3lido, con amplitud y generosidad, para enfrentar las pol\u00edticas del gobierno nacional. \u201c<em>Construir con amplitud y generosidad una fuerza pol\u00edtica para enfrentar a Milei\u201d,<\/em> fue el mensaje central del gobernador, seg\u00fan dejaron trascender fuentes oficiales.<\/p>\n<\/div>\n<p><img decoding=\"async\" src=\"https:\/\/xn--ellugareo-s6a.com.ar\/wp-content\/uploads\/2025\/01\/Achaval-Kicillof-intendentes-Gesell.jpg\" \/><\/p>\n<div class=\"post-header\">\n<p>Uno de los puntos clave del debate fue el desdoblamiento de los comicios legislativos en la provincia. Aunque la decisi\u00f3n final a\u00fan no estaba tomada, la mayor\u00eda de los intendentes se mostr\u00f3 a favor de esa posibilidad. Sin embargo, desde el entorno de Kicillof remarcaron que no se pod\u00eda avanzar en una definici\u00f3n hasta que no se esclareciera lo que iba a ocurrir con las elecciones primarias nacionales (PASO).<\/p>\n<p>Adem\u00e1s se discutieron otros aspectos fundamentales para la gesti\u00f3n municipal y provincial, como presupuestos y los recursos disponibles, la importancia de revalorizar la gesti\u00f3n en los distritos y la provincia, y la necesidad de garantizar obras y fondos que permitan dar respuestas a la ciudadan\u00eda en un a\u00f1o electoral. Adem\u00e1s, se reforz\u00f3 la idea de sostener una campa\u00f1a que priorice la defensa de la provincia y sus municipios frente a las pol\u00edticas del gobierno nacional.<\/p>\n<p>Tambi\u00e9n asistieron la vicegobernadora Ver\u00f3nica Magario y ministros como Carlos Bianco (Gobierno), Walter Correa (Trabajo), Gabriel Katopodis (Infraestructura), Pablo L\u00f3pez (Hacienda), Andr\u00e9s Larroque (Desarrollo de la Comunidad) y Javier Alonso (Justicia), entre otros. Al mencionado Diego Nanni, se sumaron intendentes como Jorge Ferraresi (Avellaneda), Francisco Echarren (Castelli), Mario Secco (Ensenada), Federico Ach\u00e1val (Pilar), Andr\u00e9s Watson (Florencio Varela), Jos\u00e9 Nobre Ferreira (Guamin\u00ed), Juan de Jes\u00fas (La Costa), Fernando Espinoza (La Matanza) y Julio Alak (La Plata).<\/p>\n<div class=\"addtoany_share_save_container addtoany_content addtoany_content_bottom\"><\/div>\n<\/div>\n<\/article>\n<\/div>\n<\/div>\n","protected":false},"excerpt":{"rendered":"<p>DURANTE UNA REUNI\u00d3N CON EL GOBERNADOR KICILLOF.<\/p>\n","protected":false},"author":3,"featured_media":28438,"comment_status":"open","ping_status":"open","sticky":false,"template":"","format":"standard","meta":{"footnotes":"","jetpack_publicize_message":"","jetpack_publicize_feature_enabled":true,"jetpack_social_post_already_shared":true,"jetpack_social_options":{"image_generator_settings":{"template":"highway","default_image_id":0,"font":"","enabled":false},"version":2}},"categories":[15,17],"tags":[37,478,66,2705],"class_list":["post-28300","post","type-post","status-publish","format-standard","has-post-thumbnail","hentry","category-lo-que-tenes-que-saber","category-politica","tag-destacada","tag-kicillof","tag-nanni","tag-reunion-intendentes"],"jetpack_publicize_connections":[],"jetpack_featured_media_url":"https:\/\/revistaepocadigital.com.ar\/wp-content\/uploads\/2025\/02\/Achaval-Kicillof-intendentes-Gesell-1536x864-1.jpg","jetpack_likes_enabled":true,"_links":{"self":[{"href":"https:\/\/revistaepocadigital.com.ar\/index.php?rest_route=\/wp\/v2\/posts\/28300","targetHints":{"allow":["GET"]}}],"collection":[{"href":"https:\/\/revistaepocadigital.com.ar\/index.php?rest_route=\/wp\/v2\/posts"}],"about":[{"href":"https:\/\/revistaepocadigital.com.ar\/index.php?rest_route=\/wp\/v2\/types\/post"}],"author":[{"embeddable":true,"href":"https:\/\/revistaepocadigital.com.ar\/index.php?rest_route=\/wp\/v2\/users\/3"}],"replies":[{"embeddable":true,"href":"https:\/\/revistaepocadigital.com.ar\/index.php?rest_route=%2Fwp%2Fv2%2Fcomments&post=28300"}],"version-history":[{"count":0,"href":"https:\/\/revistaepocadigital.com.ar\/index.php?rest_route=\/wp\/v2\/posts\/28300\/revisions"}],"wp:featuredmedia":[{"embeddable":true,"href":"https:\/\/revistaepocadigital.com.ar\/index.php?rest_route=\/wp\/v2\/media\/28438"}],"wp:attachment":[{"href":"https:\/\/revistaepocadigital.com.ar\/index.php?rest_route=%2Fwp%2Fv2%2Fmedia&parent=28300"}],"wp:term":[{"taxonomy":"category","embeddable":true,"href":"https:\/\/revistaepocadigital.com.ar\/index.php?rest_route=%2Fwp%2Fv2%2Fcategories&post=28300"},{"taxonomy":"post_tag","embeddable":true,"href":"https:\/\/revistaepocadigital.com.ar\/index.php?rest_route=%2Fwp%2Fv2%2Ftags&post=28300"}],"curies":[{"name":"wp","href":"https:\/\/api.w.org\/{rel}","templated":true}]}}