{"id":28304,"date":"2025-02-02T22:15:43","date_gmt":"2025-02-03T01:15:43","guid":{"rendered":"https:\/\/revistaepocadigital.com.ar\/?p=28304"},"modified":"2025-02-02T22:15:43","modified_gmt":"2025-02-03T01:15:43","slug":"el-informe-de-cepral-en-un-verano-con-mucho-calor","status":"publish","type":"post","link":"https:\/\/revistaepocadigital.com.ar\/?p=28304","title":{"rendered":"EL INFORME DE CEPRAL EN UN VERANO CON MUCHO CALOR"},"content":{"rendered":"<table class=\"ydp9395d8e1yiv5229161359nl2go-body-table\" border=\"0\" width=\"100%\" cellspacing=\"0\" cellpadding=\"0\">\n<tbody>\n<tr>\n<td>\n<table class=\"ydp9395d8e1yiv5229161359r0-o\" border=\"0\" width=\"590\" cellspacing=\"0\" cellpadding=\"0\" align=\"center\">\n<tbody>\n<tr>\n<td class=\"ydp9395d8e1yiv5229161359r1-i\" valign=\"top\">\n<table class=\"ydp9395d8e1yiv5229161359r3-o\" border=\"0\" width=\"100%\" cellspacing=\"0\" cellpadding=\"0\" align=\"center\">\n<tbody>\n<tr>\n<td class=\"ydp9395d8e1yiv5229161359r4-i\">\n<table border=\"0\" width=\"100%\" cellspacing=\"0\" cellpadding=\"0\">\n<tbody>\n<tr>\n<th class=\"ydp9395d8e1yiv5229161359r5-c\" valign=\"top\" width=\"100%\">\n<table class=\"ydp9395d8e1yiv5229161359r6-o\" border=\"0\" width=\"100%\" cellspacing=\"0\" cellpadding=\"0\">\n<tbody>\n<tr>\n<td class=\"ydp9395d8e1yiv5229161359r7-i\" valign=\"top\">\n<table border=\"0\" width=\"100%\" cellspacing=\"0\" cellpadding=\"0\">\n<tbody>\n<tr>\n<td class=\"ydp9395d8e1yiv5229161359r8-c\" style=\"text-align: left;\" align=\"center\">NOTA SERVICIO.\u00a0 INFORMACI\u00d3N DEL CONSEJO DE ADMINISTRACI\u00d3N.<!--more--><\/td>\n<\/tr>\n<tr>\n<td class=\"ydp9395d8e1yiv5229161359r8-c\" align=\"center\"><img decoding=\"async\" src=\"https:\/\/ecp.yusercontent.com\/mail?url=https%3A%2F%2F41sau.img.a.d.sendibm1.com%2Fim%2Fsh%2FyBAoPikRJEJs.jpg%3Fu%3DWtVElij8PJZGcrw8TYlM3EPRBDVrJBlC&amp;t=1738270911&amp;ymreqid=a1e28384-e738-286e-1c04-90002d01dc00&amp;sig=mKHLZ0eZbvxkwTLq5gmwCA--~D\" border=\"0\" \/><\/td>\n<\/tr>\n<\/tbody>\n<\/table>\n<\/td>\n<\/tr>\n<\/tbody>\n<\/table>\n<\/th>\n<\/tr>\n<\/tbody>\n<\/table>\n<\/td>\n<\/tr>\n<\/tbody>\n<\/table>\n<table class=\"ydp9395d8e1yiv5229161359r3-o\" border=\"0\" width=\"100%\" cellspacing=\"0\" cellpadding=\"0\" align=\"center\">\n<tbody>\n<tr>\n<td class=\"ydp9395d8e1yiv5229161359r4-i\">\n<table border=\"0\" width=\"100%\" cellspacing=\"0\" cellpadding=\"0\">\n<tbody>\n<tr>\n<th class=\"ydp9395d8e1yiv5229161359r5-c\" valign=\"top\" width=\"100%\">\n<table class=\"ydp9395d8e1yiv5229161359r9-o\" border=\"0\" width=\"100%\" cellspacing=\"0\" cellpadding=\"0\" align=\"left\">\n<tbody>\n<tr>\n<td class=\"ydp9395d8e1yiv5229161359r10-i ydp9395d8e1yiv5229161359nl2go-default-textstyle\" valign=\"top\">\n<div>\n<p>Estimados Usuarios,<\/p>\n<p>&nbsp;<\/p>\n<p>Atento a las altas temperaturas previstas desde el jueves 30 de enero y los siguientes d\u00edas, desde la <strong>Cooperativa volvemos a agradecerles por el esfuerzo<\/strong> que est\u00e1n realizando respecto al <strong>USO RACIONAL DE LA ENERGIA<\/strong>, eso nos permite que tengamos la menor cantidad de cortes el\u00e9ctricos.<\/p>\n<p>Por eso, reiteramos por favor la solicitud para que <strong>contin\u00faen con la pr\u00e1ctica el USO RESPONSABLE DE LA ENERGIA ELECTRICA, principalmente en los horarios de 12 a 19 horas.<\/strong><\/p>\n<p>&nbsp;<\/p>\n<p><strong>IMPORTANTE:<\/strong>\u00a0Atento a mensajes que est\u00e1n circulando, en caso de que se llegaran a efectuar cortes rotativos de energ\u00eda,\u00a0<strong>nuestros usuarios no tienen que hacer ning\u00fan seguimiento de los cortes ni ingresar a ning\u00fan link.<\/strong><\/p>\n<p><strong>En caso de que surgieran novedades, CEPRAL las comunicar\u00e1 exclusivamente por este medio.<\/strong><\/p>\n<p>\u00a1Muchas gracias!<\/p>\n<p>&nbsp;<\/p>\n<\/div>\n<\/td>\n<\/tr>\n<\/tbody>\n<\/table>\n<table class=\"ydp9395d8e1yiv5229161359r3-o\" border=\"0\" width=\"550\" cellspacing=\"0\" cellpadding=\"0\" align=\"center\">\n<tbody>\n<tr>\n<td class=\"ydp9395d8e1yiv5229161359r11-i\">\n<table border=\"0\" width=\"100%\" cellspacing=\"0\" cellpadding=\"0\">\n<tbody>\n<tr>\n<td>\n<table class=\"ydp9395d8e1yiv5229161359r11-i\" border=\"0\" width=\"100%\" cellspacing=\"0\" cellpadding=\"0\">\n<tbody>\n<tr>\n<td height=\"0\">\u00ad<\/td>\n<\/tr>\n<\/tbody>\n<\/table>\n<\/td>\n<\/tr>\n<\/tbody>\n<\/table>\n<\/td>\n<\/tr>\n<\/tbody>\n<\/table>\n<table class=\"ydp9395d8e1yiv5229161359r3-o\" border=\"0\" width=\"550\" cellspacing=\"0\" cellpadding=\"0\" align=\"center\">\n<tbody>\n<tr>\n<td class=\"ydp9395d8e1yiv5229161359r12-i\"><img decoding=\"async\" src=\"https:\/\/ecp.yusercontent.com\/mail?url=https%3A%2F%2F41sau.img.a.d.sendibm1.com%2Fim%2Fsh%2FLP5YNJibcS4z.png%3Fu%3DWtVElij8PJZGdKGqfz9i99ZhF2tgHvTG&amp;t=1738270911&amp;ymreqid=a1e28384-e738-286e-1c04-90002d01dc00&amp;sig=OWuffZQMXXbs5UcjVuNZnw--~D\" border=\"0\" data-inlineimagemanipulating=\"true\" \/><\/td>\n<\/tr>\n<\/tbody>\n<\/table>\n<table class=\"ydp9395d8e1yiv5229161359r9-o\" border=\"0\" width=\"100%\" cellspacing=\"0\" cellpadding=\"0\" align=\"left\">\n<tbody>\n<tr>\n<td class=\"ydp9395d8e1yiv5229161359r13-i ydp9395d8e1yiv5229161359nl2go-default-textstyle\" align=\"left\" valign=\"top\">\n<div>\n<p><strong>Hagamos entre todos un Uso Responsable de la Energ\u00eda El\u00e9ctrica<\/strong><\/p>\n<h3><\/h3>\n<h3><em><strong>Mantener una temperatura adecuada en el aire acondicionado<\/strong><\/em><\/h3>\n<p>&nbsp;<\/p>\n<ul>\n<li>Ajustar entre 24\u00b0C y 26\u00b0C. Cada grado por debajo de esta franja incrementa el consumo en un 8%. Adem\u00e1s, apagarlos en ambientes desocupados y complementarlos con ventiladores puede hacerlos m\u00e1s eficientes.<\/li>\n<\/ul>\n<p>&nbsp;<\/p>\n<h4><em><strong>Optimizar la iluminaci\u00f3n con luz natural y LED<\/strong><\/em><\/h4>\n<p>&nbsp;<\/p>\n<ul>\n<li>Abrir cortinas y persianas durante el d\u00eda puede minimizar la necesidad de encender las luces. Tambi\u00e9n es importante reemplazar las l\u00e1mparas incandescentes por l\u00e1mparas LED que son hasta un 80% m\u00e1s eficientes y tienen una mayor durabilidad.<\/li>\n<li>Desconectar los electrodom\u00e9sticos en modo stand-by,\u00a0<strong>aunque parecen estar apagados, siguen consumiendo energ\u00eda de manera innecesaria. Este consumo \u201cfantasma\u201d puede representar entre un 5% y un 10% de la factura el\u00e9ctrica.<\/strong><\/li>\n<\/ul>\n<p>&nbsp;<\/p>\n<h4><em><strong>Evitar el uso simult\u00e1neo de equipos de alto consumo<\/strong><\/em><\/h4>\n<p>&nbsp;<\/p>\n<ul>\n<li>Apagar el aire acondicionado en los espacios desocupados y\u00a0<strong>evitar utilizar al mismo tiempo equipos de alto consumo<\/strong>, como planchas y aires acondicionados, puede ayudar a reducir el consumo el\u00e9ctrico en el hogar, disminuir la demanda sobre la red y optimizar el rendimiento de los equipos.<\/li>\n<\/ul>\n<h4><\/h4>\n<h4><em><strong>Planchar y lavar en horarios de menor demanda<\/strong><\/em><\/h4>\n<p>&nbsp;<\/p>\n<ul>\n<li>Programar estas tareas fuera de los picos de demanda (13 h a 16 h) puede marcar una diferencia significativa.<\/li>\n<\/ul>\n<p>&nbsp;<\/p>\n<h4><em><strong>Piscinas y sistemas de riego<\/strong><\/em><\/h4>\n<p>&nbsp;<\/p>\n<ul>\n<li>Hacer un uso racional de los sistemas de renovaci\u00f3n de agua de las piscinas.<\/li>\n<li>Controlar los sistemas de riego<\/li>\n<\/ul>\n<p>&nbsp;<\/p>\n<p>Se sugiere programar estas actividades temprano en la ma\u00f1ana o despu\u00e9s del atardecer. Para este caso,\u00a0<strong>cambiar los horarios de uso no significa consumir menos energ\u00eda, pero s\u00ed reducir los picos de demanda.\u00a0<\/strong><\/p>\n<p><strong>Cada usuario tiene el poder de colaborar en el cuidado del sistema el\u00e9ctrico.<\/strong>\u00a0En un contexto de alta demanda y eventos clim\u00e1ticos extremos,\u00a0<strong>el consumo eficiente de energ\u00eda no solo alivia la red, sino que reduce el riesgo de interrupciones.<\/strong><\/p>\n<p>Detr\u00e1s de cada interruptor que se enciende, hay un sistema complejo que involucra una infraestructura avanzada y el esfuerzo de m\u00e1s de 60 mil personas dedicadas a asegurar el suministro el\u00e9ctrico a millones de argentinos.<\/p>\n<p>&nbsp;<\/p>\n<\/div>\n<\/td>\n<\/tr>\n<\/tbody>\n<\/table>\n<table class=\"ydp9395d8e1yiv5229161359r3-o\" border=\"0\" width=\"550\" cellspacing=\"0\" cellpadding=\"0\" align=\"center\">\n<tbody>\n<tr>\n<td class=\"ydp9395d8e1yiv5229161359r11-i\">\n<table border=\"0\" width=\"100%\" cellspacing=\"0\" cellpadding=\"0\">\n<tbody>\n<tr>\n<td>\n<table class=\"ydp9395d8e1yiv5229161359r11-i\" border=\"0\" width=\"100%\" cellspacing=\"0\" cellpadding=\"0\">\n<tbody>\n<tr>\n<td height=\"0\">\u00ad<\/td>\n<\/tr>\n<\/tbody>\n<\/table>\n<\/td>\n<\/tr>\n<\/tbody>\n<\/table>\n<\/td>\n<\/tr>\n<\/tbody>\n<\/table>\n<table class=\"ydp9395d8e1yiv5229161359r9-o\" border=\"0\" width=\"100%\" cellspacing=\"0\" cellpadding=\"0\" align=\"left\">\n<tbody>\n<tr>\n<td class=\"ydp9395d8e1yiv5229161359r14-i ydp9395d8e1yiv5229161359nl2go-default-textstyle\" align=\"left\" valign=\"top\"><strong>INFORMACI\u00d3N IMPORTANTE PARA VECINOS QUE ALQUILAN SUS CASASQUINTAS EN TEMPORADA<\/strong><\/p>\n<p>Recomendamos a nuestros usuarios que tengan especial cuidado de <strong>informar sus los inquilinos, respecto de la necesidad del uso racional de energ\u00eda el\u00e9ctrica.<\/strong><\/p>\n<p>Recordamos que\u00a0<strong>los consumos de enero y febrero se estar\u00e1n pagando con las facturas de marzo y abril de 2025.<\/strong><\/p>\n<p>Sugerimos<strong>\u00a0tomar los estados del medidor al momento del ingreso y del egreso<\/strong>\u00a0de los respectivos inquilinos.<\/p>\n<p>&nbsp;<\/td>\n<\/tr>\n<\/tbody>\n<\/table>\n<table class=\"ydp9395d8e1yiv5229161359r3-o\" border=\"0\" width=\"550\" cellspacing=\"0\" cellpadding=\"0\" align=\"center\">\n<tbody>\n<tr>\n<td class=\"ydp9395d8e1yiv5229161359r11-i\">\n<table border=\"0\" width=\"100%\" cellspacing=\"0\" cellpadding=\"0\">\n<tbody>\n<tr>\n<td>\n<table class=\"ydp9395d8e1yiv5229161359r11-i\" border=\"0\" width=\"100%\" cellspacing=\"0\" cellpadding=\"0\">\n<tbody>\n<tr>\n<td height=\"0\">\u00ad<\/td>\n<\/tr>\n<\/tbody>\n<\/table>\n<\/td>\n<\/tr>\n<\/tbody>\n<\/table>\n<\/td>\n<\/tr>\n<\/tbody>\n<\/table>\n<table class=\"ydp9395d8e1yiv5229161359r9-o\" border=\"0\" width=\"100%\" cellspacing=\"0\" cellpadding=\"0\" align=\"left\">\n<tbody>\n<tr>\n<td class=\"ydp9395d8e1yiv5229161359r15-i ydp9395d8e1yiv5229161359nl2go-default-textstyle\" align=\"left\" valign=\"top\"><strong>Estimados Usuarios:\u00a0<\/strong><\/p>\n<p>&nbsp;<\/p>\n<p>Reiteramos que algunos vecinos est\u00e1n recibiendo llamados de personas haci\u00e9ndose pasar como personal de la Cooperativa avisando sobre cortes de servicio o deudas impagas, y as\u00ed solicitar informaci\u00f3n privada de los usuarios para realizar\u00a0<strong>ESTAFAS O HACKEOS.<\/strong><\/p>\n<p><strong>Desde la CEPRAL queremos alertar y solicitar a los usuarios tengan mucha precauci\u00f3n ante estos llamados. Desde nuestra Cooperativa no solicitamos datos particulares telef\u00f3nicamente ni pedimos que ingresen ning\u00fan tipo de c\u00f3digo.<\/strong><\/p>\n<p><strong>Ante cualquier duda, no se debe brindar ninguna informaci\u00f3n, ni tampoco ingresar c\u00f3digo alguno y luego llamar a los n\u00fameros (02323) 478-111\/112<\/strong><\/p>\n<p>&nbsp;<\/td>\n<\/tr>\n<\/tbody>\n<\/table>\n<\/th>\n<\/tr>\n<\/tbody>\n<\/table>\n<\/td>\n<\/tr>\n<\/tbody>\n<\/table>\n<table class=\"ydp9395d8e1yiv5229161359r3-o\" border=\"0\" width=\"100%\" cellspacing=\"0\" cellpadding=\"0\" align=\"center\">\n<tbody>\n<tr>\n<td class=\"ydp9395d8e1yiv5229161359r16-i\">\n<table border=\"0\" width=\"100%\" cellspacing=\"0\" cellpadding=\"0\">\n<tbody>\n<tr>\n<th class=\"ydp9395d8e1yiv5229161359r5-c\" valign=\"top\" width=\"100%\">\n<table class=\"ydp9395d8e1yiv5229161359r9-o\" border=\"0\" width=\"100%\" cellspacing=\"0\" cellpadding=\"0\" align=\"left\">\n<tbody>\n<tr>\n<td class=\"ydp9395d8e1yiv5229161359r10-i ydp9395d8e1yiv5229161359nl2go-default-textstyle\" valign=\"top\">\n<div>\n<p>El Uso Racional de la Energ\u00eda El\u00e9ctrica nos beneficia a todos.<\/p>\n<\/div>\n<\/td>\n<\/tr>\n<\/tbody>\n<\/table>\n<\/th>\n<\/tr>\n<\/tbody>\n<\/table>\n<\/td>\n<\/tr>\n<\/tbody>\n<\/table>\n<table class=\"ydp9395d8e1yiv5229161359r3-o\" border=\"0\" width=\"100%\" cellspacing=\"0\" cellpadding=\"0\" align=\"center\">\n<tbody>\n<tr>\n<td class=\"ydp9395d8e1yiv5229161359r17-i\">\n<table border=\"0\" width=\"100%\" cellspacing=\"0\" cellpadding=\"0\">\n<tbody>\n<tr>\n<th class=\"ydp9395d8e1yiv5229161359r5-c\" valign=\"top\" width=\"100%\">\n<table class=\"ydp9395d8e1yiv5229161359r6-o\" border=\"0\" width=\"100%\" cellspacing=\"0\" cellpadding=\"0\">\n<tbody>\n<tr>\n<td class=\"ydp9395d8e1yiv5229161359r7-i\" valign=\"top\">\n<table border=\"0\" width=\"100%\" cellspacing=\"0\" cellpadding=\"0\">\n<tbody>\n<tr>\n<td class=\"ydp9395d8e1yiv5229161359r18-c\" align=\"left\">\n<table class=\"ydp9395d8e1yiv5229161359r9-o\" border=\"0\" width=\"100%\" cellspacing=\"0\" cellpadding=\"0\">\n<tbody>\n<tr>\n<td class=\"ydp9395d8e1yiv5229161359r19-i ydp9395d8e1yiv5229161359nl2go-default-textstyle\" align=\"center\" valign=\"top\">\n<div>\n<p>&nbsp;<\/p>\n<\/div>\n<\/td>\n<\/tr>\n<\/tbody>\n<\/table>\n<\/td>\n<\/tr>\n<\/tbody>\n<\/table>\n<\/td>\n<\/tr>\n<\/tbody>\n<\/table>\n<\/th>\n<\/tr>\n<\/tbody>\n<\/table>\n<\/td>\n<\/tr>\n<\/tbody>\n<\/table>\n<\/td>\n<\/tr>\n<\/tbody>\n<\/table>\n<\/td>\n<\/tr>\n<\/tbody>\n<\/table>\n<p>&nbsp;<\/p>\n","protected":false},"excerpt":{"rendered":"<p>NOTA SERVICIO.\u00a0 INFORMACI\u00d3N DEL CONSEJO DE ADMINISTRACI\u00d3N.<\/p>\n","protected":false},"author":3,"featured_media":28346,"comment_status":"open","ping_status":"open","sticky":false,"template":"","format":"standard","meta":{"footnotes":"","jetpack_publicize_message":"","jetpack_publicize_feature_enabled":true,"jetpack_social_post_already_shared":true,"jetpack_social_options":{"image_generator_settings":{"template":"highway","default_image_id":0,"font":"","enabled":false},"version":2}},"categories":[5],"tags":[],"class_list":["post-28304","post","type-post","status-publish","format-standard","has-post-thumbnail","hentry","category-aqui-parada-robles"],"jetpack_publicize_connections":[],"jetpack_featured_media_url":"https:\/\/revistaepocadigital.com.ar\/wp-content\/uploads\/2025\/02\/mail-1.png","jetpack_likes_enabled":true,"_links":{"self":[{"href":"https:\/\/revistaepocadigital.com.ar\/index.php?rest_route=\/wp\/v2\/posts\/28304","targetHints":{"allow":["GET"]}}],"collection":[{"href":"https:\/\/revistaepocadigital.com.ar\/index.php?rest_route=\/wp\/v2\/posts"}],"about":[{"href":"https:\/\/revistaepocadigital.com.ar\/index.php?rest_route=\/wp\/v2\/types\/post"}],"author":[{"embeddable":true,"href":"https:\/\/revistaepocadigital.com.ar\/index.php?rest_route=\/wp\/v2\/users\/3"}],"replies":[{"embeddable":true,"href":"https:\/\/revistaepocadigital.com.ar\/index.php?rest_route=%2Fwp%2Fv2%2Fcomments&post=28304"}],"version-history":[{"count":0,"href":"https:\/\/revistaepocadigital.com.ar\/index.php?rest_route=\/wp\/v2\/posts\/28304\/revisions"}],"wp:featuredmedia":[{"embeddable":true,"href":"https:\/\/revistaepocadigital.com.ar\/index.php?rest_route=\/wp\/v2\/media\/28346"}],"wp:attachment":[{"href":"https:\/\/revistaepocadigital.com.ar\/index.php?rest_route=%2Fwp%2Fv2%2Fmedia&parent=28304"}],"wp:term":[{"taxonomy":"category","embeddable":true,"href":"https:\/\/revistaepocadigital.com.ar\/index.php?rest_route=%2Fwp%2Fv2%2Fcategories&post=28304"},{"taxonomy":"post_tag","embeddable":true,"href":"https:\/\/revistaepocadigital.com.ar\/index.php?rest_route=%2Fwp%2Fv2%2Ftags&post=28304"}],"curies":[{"name":"wp","href":"https:\/\/api.w.org\/{rel}","templated":true}]}}