{"id":28305,"date":"2025-01-31T02:04:37","date_gmt":"2025-01-31T05:04:37","guid":{"rendered":"https:\/\/revistaepocadigital.com.ar\/?p=28305"},"modified":"2025-01-31T02:18:04","modified_gmt":"2025-01-31T05:18:04","slug":"la-infinita-tristeza-en-la-rural-por-el-fallecimiento-de-gloria-lemarie","status":"publish","type":"post","link":"https:\/\/revistaepocadigital.com.ar\/?p=28305","title":{"rendered":"LA INFINITA TRISTEZA EN LA RURAL POR EL FALLECIMIENTO DE  GLORIA LEMARIE"},"content":{"rendered":"<div><strong>LA SOCIEDAD RURAL DE EXALTACI\u00d3N DE LA CRUZ, CAMPANA Y Z\u00c1RATE, TRANSMITI\u00d3 CON UN MUY SENTIDO MENSAJE, EL DOLOR POR LA P\u00c9RDIDA LA VECINA CAPILLENSE, QUIEN SE DESEMPE\u00d1ABA EN LA INSTITUCI\u00d3N, OCURRIDO EN EL TR\u00c1GICO ACCIDENTE AUTOMOVIL\u00cdSTICO.<\/strong><\/div>\n<p><!--more--><\/p>\n<div><\/div>\n<div>GLORIA \u00a0MARICEL \u00a0LEMARIE<\/div>\n<div>\u00a0 \u00a0 \u00a0 \u00a0 \u00a0 \u00a0 1980-2025<\/div>\n<div><\/div>\n<div><em>Con infinita tristeza decimos adi\u00f3s \u00a0a nuestra Socia y colaboradora , Gloria.<\/em><\/div>\n<div><em>Ingreso muy joven a nuestra entidad por medio de nuestro Ateneo Juvenil. All\u00ed se formo , participando y colaborando en un sinf\u00edn de actividades desde nuestra Sociedad Rural y en eventos organizados por CARBAP y CRA.<\/em><\/div>\n<div><\/div>\n<div><em>En el a\u00f1o 2020 ingresa a nuestro Staff como adscripta a la Gerencia y en enero de 2023 asume la Gerencia la cual imprimi\u00f3 con su caracter\u00edstica sonrisa , calidez , buena predisposici\u00f3n \u00a0y \u00a0gran esp\u00edritu de colaboraci\u00f3n , alegre y vital. Asi la recordaremos.<\/em><\/div>\n<div><\/div>\n<div><em>Su partida deja un gran vac\u00edo, pero Gloria va a permanecer siempre en los corazones de su esposo Maximiliano Grassi, de sus hijos Juanita y Eugenio , de sus padres, hermanos y de toda su gran familia, a los que \u00a0abrazamos muy fuerte y acompa\u00f1amos en este momento doloroso.<\/em><\/div>\n<div><\/div>\n<div><em>Tambien permanecer\u00e1 en \u00a0nuestros corazones siempre: de la Comisi\u00f3n Directiva,de \u00a0los Socios, y de todo el Staff de la entidad.<\/em><\/div>\n<div><\/div>\n<div><em>Gracias y hasta siempre Gloria.<\/em><\/div>\n<div><em>Hasta el reencuentro.<\/em><\/div>\n","protected":false},"excerpt":{"rendered":"<p>LA SOCIEDAD RURAL DE EXALTACI\u00d3N DE LA CRUZ, CAMPANA Y Z\u00c1RATE, TRANSMITI\u00d3 CON UN MUY SENTIDO MENSAJE, EL DOLOR POR LA P\u00c9RDIDA LA VECINA CAPILLENSE, QUIEN SE DESEMPE\u00d1ABA EN LA INSTITUCI\u00d3N, OCURRIDO EN EL TR\u00c1GICO ACCIDENTE AUTOMOVIL\u00cdSTICO.<\/p>\n","protected":false},"author":3,"featured_media":28309,"comment_status":"open","ping_status":"open","sticky":false,"template":"","format":"standard","meta":{"footnotes":"","jetpack_publicize_message":"","jetpack_publicize_feature_enabled":true,"jetpack_social_post_already_shared":true,"jetpack_social_options":{"image_generator_settings":{"template":"highway","default_image_id":0,"font":"","enabled":false},"version":2}},"categories":[11],"tags":[3037,501],"class_list":["post-28305","post","type-post","status-publish","format-standard","has-post-thumbnail","hentry","category-entidades","tag-gloria-lemarie","tag-rural"],"jetpack_publicize_connections":[],"jetpack_featured_media_url":"https:\/\/revistaepocadigital.com.ar\/wp-content\/uploads\/2025\/01\/lemarie-1.jpg","jetpack_likes_enabled":true,"_links":{"self":[{"href":"https:\/\/revistaepocadigital.com.ar\/index.php?rest_route=\/wp\/v2\/posts\/28305","targetHints":{"allow":["GET"]}}],"collection":[{"href":"https:\/\/revistaepocadigital.com.ar\/index.php?rest_route=\/wp\/v2\/posts"}],"about":[{"href":"https:\/\/revistaepocadigital.com.ar\/index.php?rest_route=\/wp\/v2\/types\/post"}],"author":[{"embeddable":true,"href":"https:\/\/revistaepocadigital.com.ar\/index.php?rest_route=\/wp\/v2\/users\/3"}],"replies":[{"embeddable":true,"href":"https:\/\/revistaepocadigital.com.ar\/index.php?rest_route=%2Fwp%2Fv2%2Fcomments&post=28305"}],"version-history":[{"count":0,"href":"https:\/\/revistaepocadigital.com.ar\/index.php?rest_route=\/wp\/v2\/posts\/28305\/revisions"}],"wp:featuredmedia":[{"embeddable":true,"href":"https:\/\/revistaepocadigital.com.ar\/index.php?rest_route=\/wp\/v2\/media\/28309"}],"wp:attachment":[{"href":"https:\/\/revistaepocadigital.com.ar\/index.php?rest_route=%2Fwp%2Fv2%2Fmedia&parent=28305"}],"wp:term":[{"taxonomy":"category","embeddable":true,"href":"https:\/\/revistaepocadigital.com.ar\/index.php?rest_route=%2Fwp%2Fv2%2Fcategories&post=28305"},{"taxonomy":"post_tag","embeddable":true,"href":"https:\/\/revistaepocadigital.com.ar\/index.php?rest_route=%2Fwp%2Fv2%2Ftags&post=28305"}],"curies":[{"name":"wp","href":"https:\/\/api.w.org\/{rel}","templated":true}]}}