{"id":28320,"date":"2025-01-31T18:55:42","date_gmt":"2025-01-31T21:55:42","guid":{"rendered":"https:\/\/revistaepocadigital.com.ar\/?p=28320"},"modified":"2025-01-31T18:58:24","modified_gmt":"2025-01-31T21:58:24","slug":"en-febrero-las-jubilaciones-pensiones-y-asignaciones-aumentan-27","status":"publish","type":"post","link":"https:\/\/revistaepocadigital.com.ar\/?p=28320","title":{"rendered":"EN FEBRERO LAS JUBILACIONES, PENSIONES Y ASIGNACIONES AUMENTAN 2,7%"},"content":{"rendered":"<p class=\"yiv9876361268MsoNormal\"><b>Bono de 70 mil pesos para las m\u00ednimas. ANSES lo inform\u00f3.<\/b><!--more--><\/p>\n<p class=\"yiv9876361268MsoNormal\">ANSES, organismo dependiente del Ministerio de Capital Humano, inform\u00f3 que las jubilaciones, pensiones y asignaciones tienen un incremento en<b>\u00a0febrero<\/b>\u00a0del\u00a0<b>2,7%<\/b>, por la f\u00f3rmula de movilidad que toma como referencia el \u00cdndice de Precios al Consumidor (IPC) de diciembre publicado por el Instituto Nacional de Estad\u00edstica y Censos (INDEC).<\/p>\n<p class=\"yiv9876361268MsoNormal\">Adem\u00e1s, los titulares de jubilaciones y pensiones con haberes m\u00ednimos cobran, con el calendario de pagos habitual, un<b>\u00a0bono de 70 mil pesos<\/b>, por lo que ning\u00fan jubilado o pensionado recibir\u00e1 menos de<b>\u00a0343.086,50 pesos\u00a0<\/b>(273.086,50 pesos de haber m\u00ednimo con aumento + 70 mil pesos de bono)<b>.\u00a0<\/b>En tanto, quienes tengan haberes inferiores a esa cifra tendr\u00e1n un bono proporcional hasta alcanzar dicho haber m\u00ednimo.<b><\/b><\/p>\n<p class=\"yiv9876361268MsoNormal\">La Pensi\u00f3n Universal para el Adulto Mayor (PUAM) es de <b>288.469,20\u00a0<\/b>(218.469,20 pesos de haber con aumento + 70 mil pesos de bono), y las Pensiones No Contributivas (PNC) por Invalidez y Vejez, de <b>261.160,55\u00a0<\/b>pesos (191.160,55 pesos de haber con aumento + 70 mil pesos de bono).<b><\/b><\/p>\n<p>En tanto, la Asignaci\u00f3n Universal por Hijo (AUH) asciende a <b>98.128 pesos<\/b>; la AUH por Hijo con Discapacidad, a\u00a0<b>319.525 pesos<\/b>, y la Asignaci\u00f3n Familiar por Hijo, a\u00a0<b>49.066<\/b>\u00a0<b>pesos<\/b>\u00a0para el primer rango de ingresos.<\/p>\n<p>&nbsp;<\/p>\n","protected":false},"excerpt":{"rendered":"<p>Bono de 70 mil pesos para las m\u00ednimas. ANSES lo inform\u00f3.<\/p>\n","protected":false},"author":3,"featured_media":28322,"comment_status":"open","ping_status":"open","sticky":false,"template":"","format":"standard","meta":{"footnotes":"","jetpack_publicize_message":"","jetpack_publicize_feature_enabled":true,"jetpack_social_post_already_shared":true,"jetpack_social_options":{"image_generator_settings":{"template":"highway","default_image_id":0,"font":"","enabled":false},"version":2}},"categories":[81],"tags":[21,3039],"class_list":["post-28320","post","type-post","status-publish","format-standard","has-post-thumbnail","hentry","category-anses","tag-anses","tag-pagos-febrero-2025"],"jetpack_publicize_connections":[],"jetpack_featured_media_url":"https:\/\/revistaepocadigital.com.ar\/wp-content\/uploads\/2025\/01\/pension-ANSES2.webp","jetpack_likes_enabled":true,"_links":{"self":[{"href":"https:\/\/revistaepocadigital.com.ar\/index.php?rest_route=\/wp\/v2\/posts\/28320","targetHints":{"allow":["GET"]}}],"collection":[{"href":"https:\/\/revistaepocadigital.com.ar\/index.php?rest_route=\/wp\/v2\/posts"}],"about":[{"href":"https:\/\/revistaepocadigital.com.ar\/index.php?rest_route=\/wp\/v2\/types\/post"}],"author":[{"embeddable":true,"href":"https:\/\/revistaepocadigital.com.ar\/index.php?rest_route=\/wp\/v2\/users\/3"}],"replies":[{"embeddable":true,"href":"https:\/\/revistaepocadigital.com.ar\/index.php?rest_route=%2Fwp%2Fv2%2Fcomments&post=28320"}],"version-history":[{"count":0,"href":"https:\/\/revistaepocadigital.com.ar\/index.php?rest_route=\/wp\/v2\/posts\/28320\/revisions"}],"wp:featuredmedia":[{"embeddable":true,"href":"https:\/\/revistaepocadigital.com.ar\/index.php?rest_route=\/wp\/v2\/media\/28322"}],"wp:attachment":[{"href":"https:\/\/revistaepocadigital.com.ar\/index.php?rest_route=%2Fwp%2Fv2%2Fmedia&parent=28320"}],"wp:term":[{"taxonomy":"category","embeddable":true,"href":"https:\/\/revistaepocadigital.com.ar\/index.php?rest_route=%2Fwp%2Fv2%2Fcategories&post=28320"},{"taxonomy":"post_tag","embeddable":true,"href":"https:\/\/revistaepocadigital.com.ar\/index.php?rest_route=%2Fwp%2Fv2%2Ftags&post=28320"}],"curies":[{"name":"wp","href":"https:\/\/api.w.org\/{rel}","templated":true}]}}