{"id":28323,"date":"2025-02-02T13:18:28","date_gmt":"2025-02-02T16:18:28","guid":{"rendered":"https:\/\/revistaepocadigital.com.ar\/?p=28323"},"modified":"2025-02-02T22:23:13","modified_gmt":"2025-02-03T01:23:13","slug":"en-marcha-la-rebaja-de-impuestos-para-autos-caros-como-reacciona-el-mercado-automotor","status":"publish","type":"post","link":"https:\/\/revistaepocadigital.com.ar\/?p=28323","title":{"rendered":"EN MARCHA LA REBAJA DE IMPUESTOS PARA AUTOS CAROS, \u00bfCOMO REACCIONA EL MERCADO AUTOMOTOR?"},"content":{"rendered":"<div class=\"D_F ab_CI en_0 H_6Fd5 W_6Fd5 lv_1IWXzk h_Z13pql2 h4_2d9T5e\"><strong>IMPRESIONES DE UN PERIODISTA ESPECIALIZADO Y CALIFICADO.<\/strong><\/div>\n<p><!--more--><\/p>\n<div data-test-id=\"message-body-container\">\n<div data-test-id=\"message-view-body-content\">\n<div class=\"jb_0 X_6MGW N_6Fd5\">\n<div dir=\"ltr\">Ante la rebaja de impuestos a los autos resuelta por el gobierno nacional, que tanto ha dado que hablar, hablamos con<strong> Carlos Crist\u00f3falo<\/strong>\u00a0quien dirige <em>Motor1.com Argentina,<\/em> el portal m\u00e1s importante del pa\u00eds abocado a la industria automotriz y al mundo de los autos. Sus puntos de vista est\u00e1n entre los m\u00e1s calificados y tenidos en cuenta.<\/div>\n<div dir=\"ltr\"><\/div>\n<div dir=\"ltr\">\n<p><em>&#8220;\u00bfA que ha apuntado el gobierno con estas medidas?, mis impresiones &#8211;<\/em>expres\u00f3 Crist\u00f3falo- <em>apuntaon a pretender reducir los impuestos internos a los autos, una promesa de campa\u00f1a hecha por Javier Milei y estaba obligado a cumplirla. A su vez, es un impuesto distorsivo, y afect\u00f3 a todo el mercado automotor argentino durante los \u00faltimos 10 a\u00f1os. Fue una medida que naci\u00f3 para proteger a la industria nacional, y termin\u00f3 encareciendo todos los autos del mercado, ya fueran nacionales como importados<\/em>&#8220;.<\/p>\n<figure id=\"attachment_222642\" aria-describedby=\"caption-attachment-222642\" style=\"width: 300px\" class=\"wp-caption aligncenter\"><a href=\"https:\/\/visionauto.com.ar\/wp-content\/uploads\/2025\/01\/cristofalo-1.jpg-b-1.jpg\"><img loading=\"lazy\" decoding=\"async\" class=\"size-medium wp-image-222642\" src=\"https:\/\/visionauto.com.ar\/wp-content\/uploads\/2025\/01\/cristofalo-1.jpg-b-1-300x300.jpg\" alt=\"\" width=\"300\" height=\"300\" \/><\/a><figcaption id=\"caption-attachment-222642\" class=\"wp-caption-text\">Carlos Crist\u00f3falo.<\/figcaption><\/figure>\n<\/div>\n<\/div>\n<\/div>\n<div dir=\"ltr\"><strong>-Los autos generalistas, m\u00e1s populares, sin rebaja de impuestos<\/strong>.<\/div>\n<div data-test-id=\"message-view-body-content\">\n<div dir=\"ltr\"><em>-En este caso, los autos con precios populares nunca pagaron impuestos internos en la Argentina, por eso no cambiar\u00e1n con la modificaci\u00f3n de este tributo. Sin embargo, la eliminaci\u00f3n del arancel aduanero para autos el\u00e9ctricos, ha estado espec\u00edficamente dise\u00f1ada para fomentar la llegada de autos h\u00edbridos y el\u00e9ctricos populares, con valores FOB por debajo de los 16 mil d\u00f3lares.<\/em><\/div>\n<div dir=\"ltr\"><\/div>\n<div dir=\"ltr\"><strong>-A prop\u00f3sito, \u00bfun modelo que pueda bajar su precio?<\/strong><\/div>\n<div dir=\"ltr\">&#8211;<em>Un auto que bajar\u00e1 de precio, por ejemplo, es el Renault Kwid E-Tech; ya era uno de los 10 autos m\u00e1s baratos de la Argentina y el el\u00e9ctrico m\u00e1s econ\u00f3mico. Ahora bajar\u00e1 a\u00fan m\u00e1s su precio.<\/em><\/div>\n<\/div>\n<\/div>\n<div dir=\"ltr\"><\/div>\n<div data-test-id=\"message-body-container\">\n<div data-test-id=\"message-view-body-content\">\n<div dir=\"ltr\"><\/div>\n<div dir=\"ltr\"><strong>-En el marco de las numerosas repercusiones derivadas por la medida del gobierno, se ha escuchado hablar desde sectores cercanos, acerca de la rentabilidad de las automotrices y el eventual riesgo que asumir\u00edan.<\/strong><\/div>\n<div dir=\"ltr\"><em>-Las dos medidas anunciadas por el gobierno aumentar\u00e1n la competencia y, por lo tanto, se reducir\u00e1n los m\u00e1rgenes de rentabilidad de marcas y concesionarios; al respecto hay que citar que en la Argentina, eran uno de los m\u00e1s elevados y ventajosos del mundo. El mercado automotor marcha hacia una normalizaci\u00f3n con m\u00e1rgenes m\u00e1s chicos y acotados, como ocurre en todo el mundo. <strong>Las marcas y concesionarios deber\u00e1n competir para vender. Y que gane el mejo<\/strong><\/em><strong>r.<\/strong><\/div>\n<\/div>\n<\/div>\n<div dir=\"ltr\"><\/div>\n<div dir=\"ltr\"><\/div>\n<div dir=\"ltr\"><\/div>\n<div dir=\"ltr\"><\/div>\n<h3 dir=\"ltr\" style=\"text-align: center;\"><span style=\"color: #ff6600;\"><strong>&#8212;&#8212;&#8212;&#8212;&#8212;&#8212;&#8212;&#8212;&#8212;&#8212;&#8212;&#8212;&#8212;&#8212;&#8212;&#8211;<\/strong><\/span><\/h3>\n<h6><strong>EL POSTEO DE UN ARGENTINO EN LA RED SOCIAL X, DIRIGIDO AL MINISTRO CAPUTO.<\/strong><\/h6>\n<h6><strong>MUCHOS SE HACEN ECO Y COINCIDEN<\/strong><\/h6>\n<div class=\"css-175oi2r r-zl2h9q\">\n<div class=\"css-175oi2r r-k4xj1c r-18u37iz r-1wtj0ep\">\n<div class=\"css-175oi2r r-1d09ksm r-18u37iz r-1wbh5a2\">\n<div class=\"css-175oi2r r-1wbh5a2 r-dnmrzs r-1ny4l3l\">\n<div id=\"id__0om5np7lhsh\" class=\"css-175oi2r r-1wbh5a2 r-dnmrzs r-1ny4l3l r-1awozwy r-18u37iz\" data-testid=\"User-Name\">\n<div class=\"css-175oi2r r-1awozwy r-18u37iz r-1wbh5a2 r-dnmrzs\">\n<div class=\"css-175oi2r r-1wbh5a2 r-dnmrzs\">\n<div class=\"css-175oi2r r-1awozwy r-18u37iz r-1wbh5a2 r-dnmrzs\">\n<div dir=\"ltr\"><\/div>\n<div class=\"css-146c3p1 r-bcqeeo r-1ttztb7 r-qvutc0 r-1qd0xha r-a023e6 r-rjixqe r-b88u0q r-1awozwy r-6koalj r-1udh08x r-3s2u2q r-1ddef8g\" dir=\"ltr\"><span class=\"css-1jxf684 r-dnmrzs r-1udh08x r-1udbk01 r-3s2u2q r-bcqeeo r-1ttztb7 r-qvutc0 r-poiln3\"><span class=\"css-1jxf684 r-bcqeeo r-1ttztb7 r-qvutc0 r-poiln3\">Jos\u00e9 Figueroa Alcorta @Jofa2010<\/span><\/span><\/div>\n<div class=\"css-146c3p1 r-bcqeeo r-1ttztb7 r-qvutc0 r-1qd0xha r-a023e6 r-rjixqe r-16dba41 r-xoduu5 r-18u37iz r-1q142lx\" dir=\"ltr\"><\/div>\n<\/div>\n<\/div>\n<\/div>\n<div class=\"css-175oi2r r-18u37iz r-1wbh5a2 r-1ez5h0i\">\n<div class=\"css-175oi2r r-1d09ksm r-18u37iz r-1wbh5a2\">\n<div class=\"css-175oi2r r-1wbh5a2 r-dnmrzs\">\n<div class=\"css-146c3p1 r-dnmrzs r-1udh08x r-1udbk01 r-3s2u2q r-bcqeeo r-1ttztb7 r-qvutc0 r-1qd0xha r-a023e6 r-rjixqe r-16dba41 r-18u37iz r-1wvb978\" dir=\"ltr\"><\/div>\n<\/div>\n<\/div>\n<\/div>\n<\/div>\n<\/div>\n<\/div>\n<\/div>\n<\/div>\n<div class=\"css-175oi2r\">\n<div id=\"id__bvf545rrgwl\" class=\"css-146c3p1 r-8akbws r-krxsd3 r-dnmrzs r-1udh08x r-1udbk01 r-bcqeeo r-1ttztb7 r-qvutc0 r-1qd0xha r-a023e6 r-rjixqe r-16dba41 r-bnwqim\" dir=\"auto\" lang=\"es\" data-testid=\"tweetText\"><strong><em><span class=\"css-1jxf684 r-bcqeeo r-1ttztb7 r-qvutc0 r-poiln3\">Toto , est\u00e1s favoreciendo a los ricos que pueden pagarlo. Apunt\u00e1 m\u00e1s abajo adonde hay millones esperando poder comprar su primer auto o cambiar su auto usado por un 0 KM y no pueden. Gracias<\/span><\/em><\/strong><\/div>\n<\/div>\n<h3 dir=\"ltr\" style=\"text-align: center;\"><span style=\"color: #ff6600;\"><strong>&#8212;&#8212;&#8212;&#8212;&#8212;&#8212;&#8212;&#8212;&#8212;&#8212;&#8212;&#8212;&#8212;&#8212;&#8212;&#8211;<\/strong><\/span><\/h3>\n<p>&nbsp;<\/p>\n<div dir=\"ltr\">\n<header class=\"article-header-wrapper\">\n<div class=\"article-header\">\n<h3><strong>AUTOS QUE PAGABAN IMPUESTOS.<\/strong><\/h3>\n<h3><strong>EN FEBRERO DEJAN DE TRIBUTAR.<\/strong><\/h3>\n<h6 class=\"article-subheadline left\">Algunos modelos dejan de tributar, y a otros se les redujo la al\u00edcuota.<span style=\"font-family: Verdana, Geneva, sans-serif;\"><span style=\"font-size: 14px;\"> Informe: fuente <em>infobae.com<\/em><\/span><\/span><\/h6>\n<p>&nbsp;<\/p>\n<\/div>\n<\/header>\n<article class=\"article\">\n<div class=\"body-article \">\n<div class=\"visual__image\"><picture><source srcset=\"https:\/\/www.infobae.com\/resizer\/v2\/Q7ACJVNQCJBHRDWMAYVLBDY54A.jpg?auth=1e416351d29eacdff076bcc77225d274001e072d87624f65e3a0ee334c338ba5&amp;smart=true&amp;width=992&amp;height=661&amp;quality=85\" media=\"(min-width: 1000px)\" \/><source srcset=\"https:\/\/www.infobae.com\/resizer\/v2\/Q7ACJVNQCJBHRDWMAYVLBDY54A.jpg?auth=1e416351d29eacdff076bcc77225d274001e072d87624f65e3a0ee334c338ba5&amp;smart=true&amp;width=768&amp;height=512&amp;quality=85\" media=\"(min-width: 768px)\" \/><source srcset=\"https:\/\/www.infobae.com\/resizer\/v2\/Q7ACJVNQCJBHRDWMAYVLBDY54A.jpg?auth=1e416351d29eacdff076bcc77225d274001e072d87624f65e3a0ee334c338ba5&amp;smart=true&amp;width=577&amp;height=385&amp;quality=85\" media=\"(min-width: 580px)\" \/><source srcset=\"https:\/\/www.infobae.com\/resizer\/v2\/Q7ACJVNQCJBHRDWMAYVLBDY54A.jpg?auth=1e416351d29eacdff076bcc77225d274001e072d87624f65e3a0ee334c338ba5&amp;smart=true&amp;width=420&amp;height=280&amp;quality=85\" media=\"(min-width: 350px)\" \/><source srcset=\"https:\/\/www.infobae.com\/resizer\/v2\/Q7ACJVNQCJBHRDWMAYVLBDY54A.jpg?auth=1e416351d29eacdff076bcc77225d274001e072d87624f65e3a0ee334c338ba5&amp;smart=true&amp;width=350&amp;height=233&amp;quality=85\" media=\"(min-width: 80px)\" \/><img loading=\"lazy\" decoding=\"async\" class=\"global-image\" src=\"https:\/\/www.infobae.com\/resizer\/v2\/Q7ACJVNQCJBHRDWMAYVLBDY54A.jpg?auth=1e416351d29eacdff076bcc77225d274001e072d87624f65e3a0ee334c338ba5&amp;smart=true&amp;width=350&amp;height=233&amp;quality=85\" alt=\"El VolksWagen Taos es uno\" width=\"1920\" height=\"1280\" \/><\/picture><em>VolksWagen Taos, uno de los modelos que &#8220;pagaban&#8221; impuestos<\/em>.<\/div>\n<div><\/div>\n<p class=\"paragraph\">La medida del gobierno nacional abarc\u00f3\u00a0la<a title=\"https:\/\/www.infobae.com\/economia\/2025\/01\/28\/caputo-anuncio-anuncio-una-reduccion-en-los-impuestos-para-la-compra-de-autos-y-motos\/\" href=\"https:\/\/www.infobae.com\/economia\/2025\/01\/28\/caputo-anuncio-anuncio-una-reduccion-en-los-impuestos-para-la-compra-de-autos-y-motos\/\" target=\"_blank\" rel=\"noopener noreferrer\"><span style=\"color: #000000;\">eliminaci\u00f3n de la\u00a0<b>escala 1<\/b>\u00a0del\u00a0<b>impuesto interno a los autom\u00f3viles<\/b><\/span><\/a><span style=\"color: #000000;\">,<\/span> eso har\u00e1 que haya modelos dejen de tributar. Adem\u00e1s, la <b>escala 2<\/b> sufrir\u00e1 una reducci\u00f3n en su al\u00edcuota, del <b>35% al 18%<\/b>.<\/p>\n<p class=\"paragraph\">La medida entra en vigencia en febrero, y modificar\u00e1 el esquema impositivo aplicado a veh\u00edculos de gama media y alta., se descarta con un impacto directo en los precios.<\/p>\n<p class=\"paragraph\">El\u00a0<b>ministro de Econom\u00eda, Luis Caputo<\/b>, dijo que objetivo es reducir el costo de los autos cero kil\u00f3metro y fomentar el consumo. En el caso de la <b>escala 1<\/b>, la eliminaci\u00f3n del impuesto beneficiar\u00e1 a aquellos veh\u00edculos que se vend\u00edan con valores de entre\u00a0<b>$41.000.000 y $75.000.000<\/b>, que abonaban una al\u00edcuota del <b>20%<\/b>. Con la modificaci\u00f3n, era esperado que el <b>precio de venta de esos modelos disminuyera entre un 15% y 20%<\/b>.<\/p>\n<div class=\"visual__image\"><picture><source srcset=\"https:\/\/www.infobae.com\/resizer\/v2\/M623XDZL5PWARXUIJJXHPVHVRA.jpg?auth=af6ae7c0f01a15e5e65c3b9c48d56b5c561187b951db7d3c3355e4905555d684&amp;smart=true&amp;width=992&amp;height=661&amp;quality=85\" media=\"(min-width: 1000px)\" \/><source srcset=\"https:\/\/www.infobae.com\/resizer\/v2\/M623XDZL5PWARXUIJJXHPVHVRA.jpg?auth=af6ae7c0f01a15e5e65c3b9c48d56b5c561187b951db7d3c3355e4905555d684&amp;smart=true&amp;width=768&amp;height=512&amp;quality=85\" media=\"(min-width: 768px)\" \/><source srcset=\"https:\/\/www.infobae.com\/resizer\/v2\/M623XDZL5PWARXUIJJXHPVHVRA.jpg?auth=af6ae7c0f01a15e5e65c3b9c48d56b5c561187b951db7d3c3355e4905555d684&amp;smart=true&amp;width=577&amp;height=385&amp;quality=85\" media=\"(min-width: 580px)\" \/><source srcset=\"https:\/\/www.infobae.com\/resizer\/v2\/M623XDZL5PWARXUIJJXHPVHVRA.jpg?auth=af6ae7c0f01a15e5e65c3b9c48d56b5c561187b951db7d3c3355e4905555d684&amp;smart=true&amp;width=420&amp;height=280&amp;quality=85\" media=\"(min-width: 350px)\" \/><source srcset=\"https:\/\/www.infobae.com\/resizer\/v2\/M623XDZL5PWARXUIJJXHPVHVRA.jpg?auth=af6ae7c0f01a15e5e65c3b9c48d56b5c561187b951db7d3c3355e4905555d684&amp;smart=true&amp;width=350&amp;height=233&amp;quality=85\" media=\"(min-width: 80px)\" \/><img loading=\"lazy\" decoding=\"async\" class=\"global-image\" src=\"https:\/\/www.infobae.com\/resizer\/v2\/M623XDZL5PWARXUIJJXHPVHVRA.jpg?auth=af6ae7c0f01a15e5e65c3b9c48d56b5c561187b951db7d3c3355e4905555d684&amp;smart=true&amp;width=350&amp;height=233&amp;quality=85\" alt=\"El Megane E-Tech es uno\" width=\"5203\" height=\"3469\" \/><\/picture><em>El Megane E-Tech, modelo de Renault, otro libre del impuesto interno.<\/em><\/div>\n<div class=\"inline ad-wrapper\">\n<div class=\"dfpAd ad-inline\">\n<div id=\"infobae\/economia\/nota\/inline\" class=\"infobae\/economia\/nota\/inline arcad\"><\/div>\n<\/div>\n<\/div>\n<p class=\"paragraph\">La <b>escala 2<\/b>, que abarcaba autos con precios superiores a los\u00a0<b>$75.000.000<\/b>,\u00a0<b>no ser\u00e1 eliminada<\/b>, sin embargo la al\u00edcuota del <b>35%<\/b>\u00a0se reducir\u00e1 al\u00a0<b>18%<\/b>, y deb\u00eda generar una baja en los valores de esos modelos.<\/p>\n<div class=\"headline-wrapper\">\n<h2 class=\"header headline-class-h2\">Impacto en el mercado y en listas de precios<\/h2>\n<\/div>\n<p class=\"paragraph\">El impuesto interno hab\u00eda sido dise\u00f1ado originalmente para aplicarse a los\u00a0<b>veh\u00edculos de lujo<\/b>, pero con el tiempo comenz\u00f3 a abarcar a un gran n\u00famero de autos de gama media y\u00a0<b>SUV<\/b>\u00a0importados. Seg\u00fan estimaciones de la industria, la eliminaci\u00f3n de la\u00a0<b>escala 1<\/b>\u00a0y la reducci\u00f3n de la\u00a0<b>escala 2<\/b>\u00a0har\u00e1n que los precios de muchos modelos reflejen su valor real, eliminando distorsiones generadas por el esquema impositivo anterior.<\/p>\n<div class=\"visual__image\"><picture><source srcset=\"https:\/\/www.infobae.com\/resizer\/v2\/Z3Y5L5WKTZHEHI4KTPFN6VRML4.jpg?auth=5a51d9539ecac2d78ded765e487de424ad00a7489ff925bd8cfdd0e8e20c140e&amp;smart=true&amp;width=992&amp;height=558&amp;quality=85\" media=\"(min-width: 1000px)\" \/><source srcset=\"https:\/\/www.infobae.com\/resizer\/v2\/Z3Y5L5WKTZHEHI4KTPFN6VRML4.jpg?auth=5a51d9539ecac2d78ded765e487de424ad00a7489ff925bd8cfdd0e8e20c140e&amp;smart=true&amp;width=768&amp;height=432&amp;quality=85\" media=\"(min-width: 768px)\" \/><source srcset=\"https:\/\/www.infobae.com\/resizer\/v2\/Z3Y5L5WKTZHEHI4KTPFN6VRML4.jpg?auth=5a51d9539ecac2d78ded765e487de424ad00a7489ff925bd8cfdd0e8e20c140e&amp;smart=true&amp;width=577&amp;height=325&amp;quality=85\" media=\"(min-width: 580px)\" \/><source srcset=\"https:\/\/www.infobae.com\/resizer\/v2\/Z3Y5L5WKTZHEHI4KTPFN6VRML4.jpg?auth=5a51d9539ecac2d78ded765e487de424ad00a7489ff925bd8cfdd0e8e20c140e&amp;smart=true&amp;width=420&amp;height=236&amp;quality=85\" media=\"(min-width: 350px)\" \/><source srcset=\"https:\/\/www.infobae.com\/resizer\/v2\/Z3Y5L5WKTZHEHI4KTPFN6VRML4.jpg?auth=5a51d9539ecac2d78ded765e487de424ad00a7489ff925bd8cfdd0e8e20c140e&amp;smart=true&amp;width=350&amp;height=197&amp;quality=85\" media=\"(min-width: 80px)\" \/><img loading=\"lazy\" decoding=\"async\" class=\"global-image\" src=\"https:\/\/www.infobae.com\/resizer\/v2\/Z3Y5L5WKTZHEHI4KTPFN6VRML4.jpg?auth=5a51d9539ecac2d78ded765e487de424ad00a7489ff925bd8cfdd0e8e20c140e&amp;smart=true&amp;width=350&amp;height=197&amp;quality=85\" alt=\"El Toyota SW4, uno de\" width=\"1920\" height=\"1080\" \/><\/picture><em>Toyota SW4, producido en el pa\u00eds, tambi\u00e9n con reducida carga impositiva.<\/em><\/div>\n<p class=\"paragraph\">En el mercado argentino, cerca de\u00a0<b>35.000 unidades<\/b>\u00a0fueron alcanzadas por la\u00a0<b>escala 1<\/b> en 2024, y <b>1200 autos<\/b>\u00a0tributaron dentro de la\u00a0<b>escala 2<\/b>. A partir de la publicaci\u00f3n del decreto en el\u00a0<b>Bolet\u00edn Oficial<\/b>, las terminales y concesionarias deber\u00e1n actualizar sus listas de precios, origin\u00e1ndose un per\u00edodo de transici\u00f3n en el sector.<\/p>\n<p class=\"paragraph\">Los modelos que dejar\u00e1n de pagar el impuesto pertenecen a marcas como\u00a0<b>Volkswagen, Toyota, Ford, Nissan, Peugeot, Renault, Honda, Citro\u00ebn, Jeep, BMW, Audi, Mercedes-Benz, Jeep, Hyundai y Mini<\/b>, entre otras. En tanto, los autos que seguir\u00e1n tributando dentro de la\u00a0<b>escala 2<\/b>, aunque con una al\u00edcuota menor, incluyen a unidades de alta gama de\u00a0<b>Mercedes-Benz, BMW, Audi, Volvo, Lexus, Porsche, Land Rover y Jeep<\/b>, entre otras.<\/p>\n<div class=\"visual__image\"><picture><source srcset=\"https:\/\/www.infobae.com\/resizer\/v2\/3KPXYLIUSFHHJEY6GFS54IENWM.jpg?auth=062d83d81784f3246edab3955079f087a9d9e29829b5086d732a3469371b0151&amp;smart=true&amp;width=992&amp;height=558&amp;quality=85\" media=\"(min-width: 1000px)\" \/><source srcset=\"https:\/\/www.infobae.com\/resizer\/v2\/3KPXYLIUSFHHJEY6GFS54IENWM.jpg?auth=062d83d81784f3246edab3955079f087a9d9e29829b5086d732a3469371b0151&amp;smart=true&amp;width=768&amp;height=432&amp;quality=85\" media=\"(min-width: 768px)\" \/><source srcset=\"https:\/\/www.infobae.com\/resizer\/v2\/3KPXYLIUSFHHJEY6GFS54IENWM.jpg?auth=062d83d81784f3246edab3955079f087a9d9e29829b5086d732a3469371b0151&amp;smart=true&amp;width=577&amp;height=325&amp;quality=85\" media=\"(min-width: 580px)\" \/><source srcset=\"https:\/\/www.infobae.com\/resizer\/v2\/3KPXYLIUSFHHJEY6GFS54IENWM.jpg?auth=062d83d81784f3246edab3955079f087a9d9e29829b5086d732a3469371b0151&amp;smart=true&amp;width=420&amp;height=236&amp;quality=85\" media=\"(min-width: 350px)\" \/><source srcset=\"https:\/\/www.infobae.com\/resizer\/v2\/3KPXYLIUSFHHJEY6GFS54IENWM.jpg?auth=062d83d81784f3246edab3955079f087a9d9e29829b5086d732a3469371b0151&amp;smart=true&amp;width=350&amp;height=197&amp;quality=85\" media=\"(min-width: 80px)\" \/><img loading=\"lazy\" decoding=\"async\" class=\"global-image\" src=\"https:\/\/www.infobae.com\/resizer\/v2\/3KPXYLIUSFHHJEY6GFS54IENWM.jpg?auth=062d83d81784f3246edab3955079f087a9d9e29829b5086d732a3469371b0151&amp;smart=true&amp;width=350&amp;height=197&amp;quality=85\" alt=\"La Ford Bronco Sport tambi\u00e9n\" width=\"1920\" height=\"1080\" \/><\/picture>Ford Bronco Sport, tambi\u00e9n ver\u00eda su precio rebajado.<\/div>\n<div class=\"headline-wrapper\">\n<h2 class=\"header headline-class-h2\">Porcentajes menores en los precios<\/h2>\n<\/div>\n<p class=\"paragraph\">Estimaciones de las automotrices, indicaban que los modelos que dejar\u00e1n de pagar la <b>escala 1,<\/b> experimentar\u00edan una reducci\u00f3n en sus precios entre <b>15% y 20%<\/b>. As\u00ed, un coche que costaba alrededor de <b>$65.000.000, bajar\u00eda su precio <\/b>a\u00a0<b>$52.000.000.<\/b> Y los ubicados en los <b>$42.000.000, habr\u00edan <\/b>de ubicarse alrededor de los <b>$46.000.000.<\/b><\/p>\n<p class=\"paragraph\">En el caso de los veh\u00edculos que seguir\u00e1n tributando dentro de la\u00a0<b>escala 2<\/b>, pero con una reducci\u00f3n de la al\u00edcuota del\u00a0<b>35% al 18%<\/b>, la baja en el precio podr\u00eda ser significativa. Uno que costaba cerca de<b> 120.000 d\u00f3lares,<\/b> podr\u00eda descender a <b>105.000 <\/b>de la moneda estadounidense.<\/p>\n<p class=\"paragraph\">Las automotrices evaluaron c\u00f3mo trasladan la reducci\u00f3n de impuestos a sus listas de precios. En algunos casos, los veh\u00edculos que anteriormente estaban al tope,\u00a0para no superar el umbral impositivo podr\u00edan ajustar su valor real.<\/p>\n<div class=\"visual__image\"><picture><source srcset=\"https:\/\/www.infobae.com\/resizer\/v2\/GZIS2UEPEZDD5LTKTDSJ7WPXQQ.jpg?auth=7174e1126f23b954a3ed06f819db1bb205e07efdf8cb2ec942038b281cb3346e&amp;smart=true&amp;width=992&amp;height=558&amp;quality=85\" media=\"(min-width: 1000px)\" \/><source srcset=\"https:\/\/www.infobae.com\/resizer\/v2\/GZIS2UEPEZDD5LTKTDSJ7WPXQQ.jpg?auth=7174e1126f23b954a3ed06f819db1bb205e07efdf8cb2ec942038b281cb3346e&amp;smart=true&amp;width=768&amp;height=432&amp;quality=85\" media=\"(min-width: 768px)\" \/><source srcset=\"https:\/\/www.infobae.com\/resizer\/v2\/GZIS2UEPEZDD5LTKTDSJ7WPXQQ.jpg?auth=7174e1126f23b954a3ed06f819db1bb205e07efdf8cb2ec942038b281cb3346e&amp;smart=true&amp;width=577&amp;height=325&amp;quality=85\" media=\"(min-width: 580px)\" \/><source srcset=\"https:\/\/www.infobae.com\/resizer\/v2\/GZIS2UEPEZDD5LTKTDSJ7WPXQQ.jpg?auth=7174e1126f23b954a3ed06f819db1bb205e07efdf8cb2ec942038b281cb3346e&amp;smart=true&amp;width=420&amp;height=236&amp;quality=85\" media=\"(min-width: 350px)\" \/><source srcset=\"https:\/\/www.infobae.com\/resizer\/v2\/GZIS2UEPEZDD5LTKTDSJ7WPXQQ.jpg?auth=7174e1126f23b954a3ed06f819db1bb205e07efdf8cb2ec942038b281cb3346e&amp;smart=true&amp;width=350&amp;height=197&amp;quality=85\" media=\"(min-width: 80px)\" \/><img loading=\"lazy\" decoding=\"async\" class=\"global-image\" src=\"https:\/\/www.infobae.com\/resizer\/v2\/GZIS2UEPEZDD5LTKTDSJ7WPXQQ.jpg?auth=7174e1126f23b954a3ed06f819db1bb205e07efdf8cb2ec942038b281cb3346e&amp;smart=true&amp;width=350&amp;height=197&amp;quality=85\" alt=\"El modelo 3008 de Peugeot\" width=\"1920\" height=\"1080\" \/><\/picture><em>El 3008 de Peugeot, entre los que estaba sujeto a la eliminada escala 1 del impuesto.<\/em><\/div>\n<div class=\"headline-wrapper\">\n<h2 class=\"header headline-class-h2\">No m\u00e1s impuesto. La lista<\/h2>\n<\/div>\n<p class=\"paragraph\">Seg\u00fan datos del\u00a0<b>Sistema de Informaci\u00f3n Online del Mercado Automotor de Argentina (Siomaa),<\/b> los siguientes modelos tambi\u00e9n cit\u00f3 el informe de infobae.com, estaban alcanzados por la <b>escala 1<\/b> del impuesto interno y, a partir de febrero, dejaban de tributar:<\/p>\n<ul class=\"list\" data-icon=\"\u2b24\">\n<li data-icon=\"\u2b24\"><b>Volkswagen<\/b>: Taos (algunas versiones), Tiguan, Vento<\/li>\n<li data-icon=\"\u2b24\"><b>Toyota<\/b>: SW4<\/li>\n<li data-icon=\"\u2b24\"><b>Ford<\/b>: Bronco Sport, Kuga<\/li>\n<li data-icon=\"\u2b24\"><b>Nissan<\/b>: X-Trail, Sentra (algunas versiones), Leaf<\/li>\n<li data-icon=\"\u2b24\"><b>Honda<\/b>: ZR-V (algunas versiones), CR-V, Civic<\/li>\n<li data-icon=\"\u2b24\"><b>Peugeot<\/b>: 3008, 5008<\/li>\n<li data-icon=\"\u2b24\"><b>Chevrolet<\/b>: Equinox, Trailblazer<\/li>\n<li data-icon=\"\u2b24\"><b>Jeep<\/b>: Commander<\/li>\n<li data-icon=\"\u2b24\"><b>Audi<\/b>: Q3 (algunas versiones), A3, A4, Q2<\/li>\n<li data-icon=\"\u2b24\"><b>Renault<\/b>: M\u00e9gane E-Tech<\/li>\n<li data-icon=\"\u2b24\"><b>Citro\u00ebn<\/b>: C5 Aircross<\/li>\n<li data-icon=\"\u2b24\"><b>BMW<\/b>: 118, 220, 320, M135<\/li>\n<li data-icon=\"\u2b24\"><b>Mercedes-Benz<\/b>: A200, GLA 200, GLB 200<\/li>\n<li data-icon=\"\u2b24\"><b>Kia<\/b>: Sportage, Carnival<\/li>\n<li data-icon=\"\u2b24\"><b>Hyundai<\/b>: Tucson, Staria<\/li>\n<li data-icon=\"\u2b24\"><b>Jeep<\/b>: Commander<\/li>\n<li data-icon=\"\u2b24\"><b>Mini<\/b>: Cooper, Countryman, John Cooper Works<\/li>\n<li data-icon=\"\u2b24\"><b>Alfa Romeo<\/b>: Giulia, Tonale<\/li>\n<li data-icon=\"\u2b24\"><b>Subaru<\/b>: Forester, XV, Crosstrek, Outback<\/li>\n<li data-icon=\"\u2b24\"><b>DS<\/b>: DS3, DS4, DS7<\/li>\n<li data-icon=\"\u2b24\"><b>Jetour<\/b>: Dashing<\/li>\n<li data-icon=\"\u2b24\"><b>Volvo<\/b>: EX30<\/li>\n<li data-icon=\"\u2b24\"><b>Haval<\/b>: H6<\/li>\n<li data-icon=\"\u2b24\"><b>Baic<\/b>: BJ40<\/li>\n<\/ul>\n<div class=\"visual__image\"><picture><source srcset=\"https:\/\/www.infobae.com\/resizer\/v2\/XZ7M3FT7NZHL3E4NTO44PZNXC4.jpg?auth=e25d16e48c4126a35059217d594f8f4117c72fcdbeac83e15ad81df93e1234cf&amp;smart=true&amp;width=992&amp;height=661&amp;quality=85\" media=\"(min-width: 1000px)\" \/><source srcset=\"https:\/\/www.infobae.com\/resizer\/v2\/XZ7M3FT7NZHL3E4NTO44PZNXC4.jpg?auth=e25d16e48c4126a35059217d594f8f4117c72fcdbeac83e15ad81df93e1234cf&amp;smart=true&amp;width=768&amp;height=512&amp;quality=85\" media=\"(min-width: 768px)\" \/><source srcset=\"https:\/\/www.infobae.com\/resizer\/v2\/XZ7M3FT7NZHL3E4NTO44PZNXC4.jpg?auth=e25d16e48c4126a35059217d594f8f4117c72fcdbeac83e15ad81df93e1234cf&amp;smart=true&amp;width=577&amp;height=385&amp;quality=85\" media=\"(min-width: 580px)\" \/><source srcset=\"https:\/\/www.infobae.com\/resizer\/v2\/XZ7M3FT7NZHL3E4NTO44PZNXC4.jpg?auth=e25d16e48c4126a35059217d594f8f4117c72fcdbeac83e15ad81df93e1234cf&amp;smart=true&amp;width=420&amp;height=280&amp;quality=85\" media=\"(min-width: 350px)\" \/><source srcset=\"https:\/\/www.infobae.com\/resizer\/v2\/XZ7M3FT7NZHL3E4NTO44PZNXC4.jpg?auth=e25d16e48c4126a35059217d594f8f4117c72fcdbeac83e15ad81df93e1234cf&amp;smart=true&amp;width=350&amp;height=233&amp;quality=85\" media=\"(min-width: 80px)\" \/><img loading=\"lazy\" decoding=\"async\" class=\"global-image\" src=\"https:\/\/www.infobae.com\/resizer\/v2\/XZ7M3FT7NZHL3E4NTO44PZNXC4.jpg?auth=e25d16e48c4126a35059217d594f8f4117c72fcdbeac83e15ad81df93e1234cf&amp;smart=true&amp;width=350&amp;height=233&amp;quality=85\" alt=\"El Trailblazer es uno de\" width=\"5472\" height=\"3648\" \/><\/picture><em>El Trailblaze, uno de los dos modelos de Chevrolet tambi\u00e9n sin impuesto.<\/em><\/div>\n<div class=\"headline-wrapper\">\n<h2 class=\"header headline-class-h2\">Siguen pagando impuestos, pero con una al\u00edcuota menor<\/h2>\n<\/div>\n<p class=\"paragraph\">Modelos alcanzados por la <b>escala 2<\/b>, con una reducci\u00f3n en la al\u00edcuota del <b>35% al 18%<\/b>:<\/p>\n<ul class=\"list\" data-icon=\"\u2b24\">\n<li data-icon=\"\u2b24\"><b>Mercedes-Benz<\/b>: GLC 300, C300, GLA 250, GLB 250, AMG A35, AMG A45, AMG C43, AMG GLE 53, GLE 450, G500, S500<\/li>\n<li data-icon=\"\u2b24\"><b>Audi<\/b>: Q5, S3, A5, A6, RSQ3, Q7, Q8<\/li>\n<li data-icon=\"\u2b24\"><b>BMW<\/b>: X1, X2, X3, X4, X5, X6, X7, 330, 430, M3, M4, M235, M240, 550, M340, IX2<\/li>\n<li data-icon=\"\u2b24\"><b>Volvo<\/b>: XC40, XC60, XC90<\/li>\n<li data-icon=\"\u2b24\"><b>Jeep<\/b>: Grand Cherokee, Gladiator, Wrangler<\/li>\n<li data-icon=\"\u2b24\"><b>Porsche<\/b>: Cayenne, Macan, 911<\/li>\n<li data-icon=\"\u2b24\"><b>Lexus<\/b>: NX, RX, UX, IS, LBX<\/li>\n<li data-icon=\"\u2b24\"><b>Land Rover<\/b>: Defender, Range Rover<\/li>\n<li data-icon=\"\u2b24\"><b>Toyota<\/b>: Crown, GR 86<\/li>\n<li data-icon=\"\u2b24\"><b>Alfa Romeo<\/b>: Stelvio<\/li>\n<li data-icon=\"\u2b24\"><b>DS<\/b>: DS9<\/li>\n<li data-icon=\"\u2b24\"><b>Subaru<\/b>: WRX<\/li>\n<li data-icon=\"\u2b24\"><b>Ford<\/b>: Bronco Wildtrak, Mustang<\/li>\n<\/ul>\n<div class=\"second-saved-buttons\">\n<div class=\"body-share-note\">\n<div class=\"share-note-txt\"><\/div>\n<\/div>\n<\/div>\n<\/div>\n<\/article>\n<\/div>\n","protected":false},"excerpt":{"rendered":"<p>IMPRESIONES DE UN PERIODISTA ESPECIALIZADO Y CALIFICADO.<\/p>\n","protected":false},"author":4,"featured_media":28324,"comment_status":"open","ping_status":"open","sticky":false,"template":"","format":"standard","meta":{"footnotes":"","jetpack_publicize_message":"","jetpack_publicize_feature_enabled":true,"jetpack_social_post_already_shared":true,"jetpack_social_options":{"image_generator_settings":{"template":"highway","default_image_id":0,"font":"","enabled":false},"version":2}},"categories":[15],"tags":[2996,37,3028],"class_list":["post-28323","post","type-post","status-publish","format-standard","has-post-thumbnail","hentry","category-lo-que-tenes-que-saber","tag-2996","tag-destacada","tag-rebaja-impuestos-autos"],"jetpack_publicize_connections":[],"jetpack_featured_media_url":"https:\/\/revistaepocadigital.com.ar\/wp-content\/uploads\/2025\/01\/5a7b4807-51ae-4199-beaa-0a1483afdcae.jpeg","jetpack_likes_enabled":true,"_links":{"self":[{"href":"https:\/\/revistaepocadigital.com.ar\/index.php?rest_route=\/wp\/v2\/posts\/28323","targetHints":{"allow":["GET"]}}],"collection":[{"href":"https:\/\/revistaepocadigital.com.ar\/index.php?rest_route=\/wp\/v2\/posts"}],"about":[{"href":"https:\/\/revistaepocadigital.com.ar\/index.php?rest_route=\/wp\/v2\/types\/post"}],"author":[{"embeddable":true,"href":"https:\/\/revistaepocadigital.com.ar\/index.php?rest_route=\/wp\/v2\/users\/4"}],"replies":[{"embeddable":true,"href":"https:\/\/revistaepocadigital.com.ar\/index.php?rest_route=%2Fwp%2Fv2%2Fcomments&post=28323"}],"version-history":[{"count":0,"href":"https:\/\/revistaepocadigital.com.ar\/index.php?rest_route=\/wp\/v2\/posts\/28323\/revisions"}],"wp:featuredmedia":[{"embeddable":true,"href":"https:\/\/revistaepocadigital.com.ar\/index.php?rest_route=\/wp\/v2\/media\/28324"}],"wp:attachment":[{"href":"https:\/\/revistaepocadigital.com.ar\/index.php?rest_route=%2Fwp%2Fv2%2Fmedia&parent=28323"}],"wp:term":[{"taxonomy":"category","embeddable":true,"href":"https:\/\/revistaepocadigital.com.ar\/index.php?rest_route=%2Fwp%2Fv2%2Fcategories&post=28323"},{"taxonomy":"post_tag","embeddable":true,"href":"https:\/\/revistaepocadigital.com.ar\/index.php?rest_route=%2Fwp%2Fv2%2Ftags&post=28323"}],"curies":[{"name":"wp","href":"https:\/\/api.w.org\/{rel}","templated":true}]}}