{"id":28330,"date":"2025-02-02T21:47:28","date_gmt":"2025-02-03T00:47:28","guid":{"rendered":"https:\/\/revistaepocadigital.com.ar\/?p=28330"},"modified":"2025-02-02T22:04:20","modified_gmt":"2025-02-03T01:04:20","slug":"milei-despues-de-la-marcha-lgbt","status":"publish","type":"post","link":"https:\/\/revistaepocadigital.com.ar\/?p=28330","title":{"rendered":"MILEI DESPU\u00c9S DE LA MARCHA LGBT"},"content":{"rendered":"<h5 class=\"article-subheadline left\"><strong>El presidente respondi\u00f3 a un usuario de redes sociales, quien lo consult\u00f3 sobre la masiva manifestaci\u00f3n.<\/strong><\/h5>\n<p><!--more--><\/p>\n<p>&nbsp;<\/p>\n<div class=\"body-article \">\n<pre class=\"visual__image\"><picture><source srcset=\"https:\/\/www.infobae.com\/resizer\/v2\/TFEBPXGREZDDZIJTLW3GTH2CGY.jpeg?auth=5a438af9612a8bdcb748be6f4ccd7ca087fa6b6f15560324f2fedd60a8bed751&amp;smart=true&amp;width=992&amp;height=558&amp;quality=85\" media=\"(min-width: 1000px)\" \/><source srcset=\"https:\/\/www.infobae.com\/resizer\/v2\/TFEBPXGREZDDZIJTLW3GTH2CGY.jpeg?auth=5a438af9612a8bdcb748be6f4ccd7ca087fa6b6f15560324f2fedd60a8bed751&amp;smart=true&amp;width=768&amp;height=432&amp;quality=85\" media=\"(min-width: 768px)\" \/><source srcset=\"https:\/\/www.infobae.com\/resizer\/v2\/TFEBPXGREZDDZIJTLW3GTH2CGY.jpeg? auth=5a438af9612a8bdcb748be6f4ccd7ca087fa6b6f15560324f2fedd60a8bed751&amp;smart=true&amp;width=577&amp;height=325&amp;quality=85\" media=\"(min-width: 580px)\" \/><source srcset=\"https:\/\/www.infobae.com\/resizer\/v2\/TFEBPXGREZDDZIJTLW3GTH2CGY.jpeg?auth=5a438af9612a8bdcb748be6f4ccd7ca087fa6b6f15560324f2fedd60a8bed751&amp;smart=true&amp;width=420&amp;height=236&amp;quality=85\" media=\"(min-width: 350px)\" \/><source srcset=\"https:\/\/www.infobae.com\/resizer\/v2\/TFEBPXGREZDDZIJTLW3GTH2CGY.jpeg?auth=5a438af9612a8bdcb748be6f4ccd7ca087fa6b6f15560324f2fedd60a8bed751&amp;smart=true&amp;width=350&amp;height=197&amp;quality=85\" media=\"(min-width: 80px)\" \/><img loading=\"lazy\" decoding=\"async\" class=\"global-image\" src=\"https:\/\/www.infobae.com\/resizer\/v2\/TFEBPXGREZDDZIJTLW3GTH2CGY.jpeg?auth=5a438af9612a8bdcb748be6f4ccd7ca087fa6b6f15560324f2fedd60a8bed751&amp;smart=true&amp;width=350&amp;height=197&amp;quality=85\" alt=\"El Presidente habl\u00f3 por primera\" width=\"1280\" height=\"720\" \/><\/picture><em>El Presidente habl\u00f3 de la marcha contra su discurso en Davos (Foto gentileza\nInfobae.com)<\/em><\/pre>\n<div><\/div>\n<p class=\"paragraph\"><b>El presidente Javier Milei<\/b> asegur\u00f3 en la nota publicada por el portal Infobae.com que que la comunidad <b>LGBTQI+<\/b> fue \u201cusada\u201d por sectores pol\u00edticos en el marco de la marcha nacional realizada el s\u00e1bado 1 de febrero, en rechazo a su discurso en el Foro Econ\u00f3mico Mundial de Davos. Seg\u00fan el mandatario, el video con sus declaraciones fue editado, y la versi\u00f3n completa de su mensaje \u201cno brinda lugar a dudas\u201d.<\/p>\n<p class=\"paragraph\">\u201c<b>Me apena mucho que hayan sido usados por las basuras del partido del Estado mediante un video que fue editado<\/b>\u201d, afirm\u00f3 en la red social X en respuesta a un usuario que le pregunt\u00f3 sobre su postura hacia la comunidad.<\/p>\n<div class=\"visual__image\"><picture><source srcset=\"https:\/\/www.infobae.com\/resizer\/v2\/ZLA7YDTA4JGSTIMXG2SIIZSXKU.png?auth=b94c1ee1279e68a59b7a4237f9d0fbc4729be0ba9131d368011dfb0b60e2a818&amp;smart=true&amp;width=992&amp;height=441&amp;quality=85\" media=\"(min-width: 1000px)\" \/><source srcset=\"https:\/\/www.infobae.com\/resizer\/v2\/ZLA7YDTA4JGSTIMXG2SIIZSXKU.png?auth=b94c1ee1279e68a59b7a4237f9d0fbc4729be0ba9131d368011dfb0b60e2a818&amp;smart=true&amp;width=768&amp;height=341&amp;quality=85\" media=\"(min-width: 768px)\" \/><source srcset=\"https:\/\/www.infobae.com\/resizer\/v2\/ZLA7YDTA4JGSTIMXG2SIIZSXKU.png?auth=b94c1ee1279e68a59b7a4237f9d0fbc4729be0ba9131d368011dfb0b60e2a818&amp;smart=true&amp;width=577&amp;height=256&amp;quality=85\" media=\"(min-width: 580px)\" \/><source srcset=\"https:\/\/www.infobae.com\/resizer\/v2\/ZLA7YDTA4JGSTIMXG2SIIZSXKU.png?auth=b94c1ee1279e68a59b7a4237f9d0fbc4729be0ba9131d368011dfb0b60e2a818&amp;smart=true&amp;width=420&amp;height=187&amp;quality=85\" media=\"(min-width: 350px)\" \/><source srcset=\"https:\/\/www.infobae.com\/resizer\/v2\/ZLA7YDTA4JGSTIMXG2SIIZSXKU.png?auth=b94c1ee1279e68a59b7a4237f9d0fbc4729be0ba9131d368011dfb0b60e2a818&amp;smart=true&amp;width=350&amp;height=156&amp;quality=85\" media=\"(min-width: 80px)\" \/><img loading=\"lazy\" decoding=\"async\" class=\"global-image\" src=\"https:\/\/www.infobae.com\/resizer\/v2\/ZLA7YDTA4JGSTIMXG2SIIZSXKU.png?auth=b94c1ee1279e68a59b7a4237f9d0fbc4729be0ba9131d368011dfb0b60e2a818&amp;smart=true&amp;width=350&amp;height=156&amp;quality=85\" alt=\"La captura del intercambio en\" width=\"1920\" height=\"819\" \/><\/picture>La captura del intercambio en X entre el presidente Javier Milei y un usuario<\/div>\n<div class=\"inline ad-wrapper\">\n<div class=\"dfpAd ad-inline\">\n<div id=\"infobae\/politica\/nota\/inline\" class=\"infobae\/politica\/nota\/inline arcad\"><\/div>\n<\/div>\n<\/div>\n<p class=\"paragraph\">Durante el mismo intercambio, otro internauta le consult\u00f3 sobre el cepo cambiario, y Milei respondi\u00f3 sin dar m\u00e1s detalles: \u201cEn 2026 no habr\u00e1 m\u00e1s CEPO\u201d.<\/p>\n<p class=\"paragraph\">Antes, el \u00fanico que se hab\u00eda manifestado p\u00fablicamente hab\u00eda sido el vocero presidencial <b>Manuel Adorni<\/b>, quien luego de la marcha public\u00f3 un mensaje en X: \u201cLos mismos de siempre, con sus mentiras renovadas y el fracaso habitual. El gobierno tiene una agenda inalterable: defender el proyecto de vida del pr\u00f3jimo siempre que no viole el derecho a la vida, a la libertad o a la propiedad privada. Fin\u201d, escribi\u00f3 junto a dos fotos en las que se los ve al gobernador bonaerense Axel Kicillof y al exvicepresidente Amado Boudou en la manifestaci\u00f3n.<\/p>\n<p class=\"paragraph\">M\u00e1s temprano, el vocero tambi\u00e9n hab\u00eda respondido a un mensaje de la expresidenta Cristina Kirchner, quien <span style=\"color: #000000;\"><a style=\"color: #000000;\" title=\"https:\/\/www.infobae.com\/politica\/2025\/02\/02\/los-limites-cristina-kirchner-envio-un-mensaje-a-javier-milei-tras-la-marcha-lgbt\/\" href=\"https:\/\/www.infobae.com\/politica\/2025\/02\/02\/los-limites-cristina-kirchner-envio-un-mensaje-a-javier-milei-tras-la-marcha-lgbt\/\" target=\"_blank\" rel=\"noopener noreferrer\">public\u00f3 un posteo en X sobre la manifestaci\u00f3n<\/a>:<\/span> \u201cDerecho a la prosperidad y a la felicidad son los l\u00edmites que [Javier] Milei no solo no podr\u00e1 violar, sino a los que, adem\u00e1s, deber\u00e1 dar respuesta m\u00e1s temprano que tarde\u201d, escribi\u00f3 la exmandataria.<\/p>\n<\/div>\n<p>&nbsp;<\/p>\n<p><img loading=\"lazy\" decoding=\"async\" class=\"aligncenter size-full wp-image-28343\" src=\"https:\/\/revistaepocadigital.com.ar\/wp-content\/uploads\/2025\/02\/HMT2IBOF7FE6HJERTS7AAS4BAQ-e1738544588623.avif\" alt=\"\" width=\"699\" height=\"381\" srcset=\"https:\/\/revistaepocadigital.com.ar\/wp-content\/uploads\/2025\/02\/HMT2IBOF7FE6HJERTS7AAS4BAQ-e1738544588623.avif 699w, https:\/\/revistaepocadigital.com.ar\/wp-content\/uploads\/2025\/02\/HMT2IBOF7FE6HJERTS7AAS4BAQ-e1738544588623-300x164.avif 300w, https:\/\/revistaepocadigital.com.ar\/wp-content\/uploads\/2025\/02\/HMT2IBOF7FE6HJERTS7AAS4BAQ-e1738544588623-696x379.avif 696w\" sizes=\"auto, (max-width: 699px) 100vw, 699px\" \/><\/p>\n<div class=\"body-article \">\n<p class=\"paragraph\">\u201cHablan del \u2018derecho a la prosperidad\u2019 aquellos que hundieron en la pobreza al 57% de la poblaci\u00f3n y dejaron pobres a 2 de cada 3 ni\u00f1os en la Argentina<b>. Hablan del \u2018derecho a la felicidad\u2019 aquellos que dejaron sin futuro a toda una generaci\u00f3n<\/b>. Hablan. Fin\u201d, fue la respuesta de Adorni.<\/p>\n<p class=\"paragraph\">La manifestaci\u00f3n fue convocada luego del discurso de Javier Milei en el Foro Econ\u00f3mico de Davos, en el que critic\u00f3 las pol\u00edticas y la ideolog\u00eda de g\u00e9nero.\u00a0\u201cEn sus versiones m\u00e1s extremas,\u00a0<b>la ideolog\u00eda de g\u00e9nero constituye lisa y llanamente abuso infantil: son ped\u00f3filos<\/b>. Est\u00e1n da\u00f1ando irreversiblemente a ni\u00f1os sanos con tratamientos hormonales y mutilaciones, como si un menor de 5 a\u00f1os pudiera prestar su consentimiento a semejante cosa. Y si ocurriera que su familia no est\u00e1 de acuerdo, siempre habr\u00e1 agentes del Estado dispuestos a interceder en favor de lo que ellos llaman el inter\u00e9s del menor\u201d, dijo d\u00edas atr\u00e1s el mandatario en Suiza.Tras esa frase, agrupaciones LGBT+ convocaron a una marcha que se realiz\u00f3 en las principales ciudades del pa\u00eds.<\/p>\n<div class=\"visual__image\"><picture><source srcset=\"https:\/\/www.infobae.com\/resizer\/v2\/6DW6U7F3RNBGDBOPPQ3X2352SE.JPG?auth=bbf110f372d9a27581f26bb51b2ef09b0829674f2baa9b9e79844f58482be116&amp;smart=true&amp;width=992&amp;height=558&amp;quality=85\" media=\"(min-width: 1000px)\" \/><source srcset=\"https:\/\/www.infobae.com\/resizer\/v2\/6DW6U7F3RNBGDBOPPQ3X2352SE.JPG?auth=bbf110f372d9a27581f26bb51b2ef09b0829674f2baa9b9e79844f58482be116&amp;smart=true&amp;width=768&amp;height=432&amp;quality=85\" media=\"(min-width: 768px)\" \/><source srcset=\"https:\/\/www.infobae.com\/resizer\/v2\/6DW6U7F3RNBGDBOPPQ3X2352SE.JPG?auth=bbf110f372d9a27581f26bb51b2ef09b0829674f2baa9b9e79844f58482be116&amp;smart=true&amp;width=577&amp;height=325&amp;quality=85\" media=\"(min-width: 580px)\" \/><source srcset=\"https:\/\/www.infobae.com\/resizer\/v2\/6DW6U7F3RNBGDBOPPQ3X2352SE.JPG?auth=bbf110f372d9a27581f26bb51b2ef09b0829674f2baa9b9e79844f58482be116&amp;smart=true&amp;width=420&amp;height=236&amp;quality=85\" media=\"(min-width: 350px)\" \/><source srcset=\"https:\/\/www.infobae.com\/resizer\/v2\/6DW6U7F3RNBGDBOPPQ3X2352SE.JPG?auth=bbf110f372d9a27581f26bb51b2ef09b0829674f2baa9b9e79844f58482be116&amp;smart=true&amp;width=350&amp;height=197&amp;quality=85\" media=\"(min-width: 80px)\" \/>Lue<\/picture>go de la manifestaci\u00f3n, desde el Gobierno intentaron bajarle el tono, aunque por redes sociales respaldaron los dichos del jefe de Estado.\u00a0<b>\u201cEsto es igual que la\u00a0<\/b><span style=\"color: #000000;\"><a style=\"color: #000000;\" title=\"https:\/\/www.infobae.com\/fotos\/2024\/10\/02\/la-marcha-universitaria-en-fotos-miles-de-personas-se-movilizan-en-defensa-del-presupuesto-para-la-educacion-publica\/\" href=\"https:\/\/www.infobae.com\/fotos\/2024\/10\/02\/la-marcha-universitaria-en-fotos-miles-de-personas-se-movilizan-en-defensa-del-presupuesto-para-la-educacion-publica\/\" target=\"_blank\" rel=\"noopener noreferrer\"><b>marcha del micromundo de las universidades<\/b><\/a><\/span><b><span style=\"color: #000000;\">, s\u00f3lo le importa al m\u00ednimo porcentaje de progres que viven en la ciudad y tiene<\/span>n la vida resuelta\u201d,<\/b>\u00a0dijeron muy cerca del Presidente, en referencia a las dos movilizaciones por el presupuesto para la educaci\u00f3n superior de 2024, tras las cuales, efectivamente, no empeor\u00f3 la imagen de Milei, al menos seg\u00fan las encuestas.<\/div>\n<div><\/div>\n<\/div>\n<div>\n<p><img loading=\"lazy\" decoding=\"async\" class=\"size-full wp-image-28339\" src=\"https:\/\/revistaepocadigital.com.ar\/wp-content\/uploads\/2025\/02\/campo.avif\" alt=\"\" width=\"768\" height=\"512\" srcset=\"https:\/\/revistaepocadigital.com.ar\/wp-content\/uploads\/2025\/02\/campo.avif 768w, https:\/\/revistaepocadigital.com.ar\/wp-content\/uploads\/2025\/02\/campo-300x200.avif 300w, https:\/\/revistaepocadigital.com.ar\/wp-content\/uploads\/2025\/02\/campo-696x464.avif 696w, https:\/\/revistaepocadigital.com.ar\/wp-content\/uploads\/2025\/02\/campo-630x420.avif 630w\" sizes=\"auto, (max-width: 768px) 100vw, 768px\" \/><\/p>\n<pre>La C\u00e1mpora presente, infaltable. M\u00e1ximo Kirchner, Mayra\nMendoza, Wado de Pedro, entre otros.<\/pre>\n<\/div>\n<div class=\"body-article \">\n<div><\/div>\n<p class=\"paragraph\">De hecho, Karina Milei decidi\u00f3 sostener la actividad de afiliaci\u00f3n que ten\u00eda prevista para el mismo d\u00eda en Villa Devoto, unos kil\u00f3metros al norte de la Marcha Federal del Orgullo Antifascista que se desplaz\u00f3 desde el Congreso a la Casa Rosada. Y el propio Milei, que jam\u00e1s se interesa por temas municipales, replic\u00f3, al tiempo que arrancaba la marcha, el llamado a asistir al encuentro de la referente porte\u00f1a de LLA, Pilar Ram\u00edrez, con una foto de la cara de su hermana. \u201cVengan que ac\u00e1 sigue El Jefe! Afiliate!\u201d, dijo, por su parte, la diputada y amiga de Milei, Lilia Lemoine, en un tuit al que adjunt\u00f3 un video que la mostraba de buen humor bajo el sol en la plaza principal del barrio de la Comuna 11 donde se cri\u00f3 \u201cel Jefe\u201d.<\/p>\n<p class=\"paragraph\">M\u00e1s all\u00e1 de los intentos por<b>\u00a0desestimar el impacto y mostrarse impasibles<\/b>, los libertarios desplegaron una estrategia discursiva para contarrrestar el efecto de la manifesaci\u00f3n, con lineas que fueron adapt\u00e1ndose progresivamente a lo largo de los \u00faltimos d\u00edas y durante la jornada de la marcha.<\/p>\n<p>nota publicada en Infobae.com<br \/>\nFotos: gentileza infobae.com<\/p>\n<h2 style=\"text-align: center;\"><strong>&#8212;&#8212;&#8212;&#8212;&#8212;&#8212;&#8212;&#8212;&#8212;&#8212;<\/strong><\/h2>\n<\/div>\n<p>&nbsp;<\/p>\n<p><img loading=\"lazy\" decoding=\"async\" class=\"alignleft size-full wp-image-28331\" src=\"https:\/\/revistaepocadigital.com.ar\/wp-content\/uploads\/2025\/02\/GiuQAJQaEAAQltI.jpg\" alt=\"\" width=\"525\" height=\"583\" srcset=\"https:\/\/revistaepocadigital.com.ar\/wp-content\/uploads\/2025\/02\/GiuQAJQaEAAQltI.jpg 525w, https:\/\/revistaepocadigital.com.ar\/wp-content\/uploads\/2025\/02\/GiuQAJQaEAAQltI-270x300.jpg 270w, https:\/\/revistaepocadigital.com.ar\/wp-content\/uploads\/2025\/02\/GiuQAJQaEAAQltI-378x420.jpg 378w\" sizes=\"auto, (max-width: 525px) 100vw, 525px\" \/><\/p>\n<p>&nbsp;<\/p>\n<p>fuente: posteo en red social X<\/p>\n<figure id=\"attachment_28334\" aria-describedby=\"caption-attachment-28334\" style=\"width: 427px\" class=\"wp-caption alignleft\"><img loading=\"lazy\" decoding=\"async\" class=\"size-full wp-image-28334\" src=\"https:\/\/revistaepocadigital.com.ar\/wp-content\/uploads\/2025\/02\/IMG_8731.jpg\" alt=\"\" width=\"427\" height=\"589\" srcset=\"https:\/\/revistaepocadigital.com.ar\/wp-content\/uploads\/2025\/02\/IMG_8731.jpg 427w, https:\/\/revistaepocadigital.com.ar\/wp-content\/uploads\/2025\/02\/IMG_8731-217x300.jpg 217w, https:\/\/revistaepocadigital.com.ar\/wp-content\/uploads\/2025\/02\/IMG_8731-304x420.jpg 304w\" sizes=\"auto, (max-width: 427px) 100vw, 427px\" \/><figcaption id=\"caption-attachment-28334\" class=\"wp-caption-text\">Cuando, una vez m\u00e1s, una manfestaci\u00f3n de protesta descarranca y pierde todo sentido (captura im\u00e1gen Diego Alzaga Unzu\u00e9 en X)<\/figcaption><\/figure>\n<p>&nbsp;<\/p>\n<p>&nbsp;<\/p>\n<p>&nbsp;<\/p>\n","protected":false},"excerpt":{"rendered":"<p>El presidente respondi\u00f3 a un usuario de redes sociales, quien lo consult\u00f3 sobre la masiva manifestaci\u00f3n.<\/p>\n","protected":false},"author":3,"featured_media":28337,"comment_status":"open","ping_status":"open","sticky":false,"template":"","format":"standard","meta":{"footnotes":"","jetpack_publicize_message":"","jetpack_publicize_feature_enabled":true,"jetpack_social_post_already_shared":true,"jetpack_social_options":{"image_generator_settings":{"template":"highway","default_image_id":0,"font":"","enabled":false},"version":2}},"categories":[17],"tags":[3040,2278],"class_list":["post-28330","post","type-post","status-publish","format-standard","has-post-thumbnail","hentry","category-politica","tag-marcha-lgbt","tag-milei"],"jetpack_publicize_connections":[],"jetpack_featured_media_url":"https:\/\/revistaepocadigital.com.ar\/wp-content\/uploads\/2025\/02\/mar.avif","jetpack_likes_enabled":true,"_links":{"self":[{"href":"https:\/\/revistaepocadigital.com.ar\/index.php?rest_route=\/wp\/v2\/posts\/28330","targetHints":{"allow":["GET"]}}],"collection":[{"href":"https:\/\/revistaepocadigital.com.ar\/index.php?rest_route=\/wp\/v2\/posts"}],"about":[{"href":"https:\/\/revistaepocadigital.com.ar\/index.php?rest_route=\/wp\/v2\/types\/post"}],"author":[{"embeddable":true,"href":"https:\/\/revistaepocadigital.com.ar\/index.php?rest_route=\/wp\/v2\/users\/3"}],"replies":[{"embeddable":true,"href":"https:\/\/revistaepocadigital.com.ar\/index.php?rest_route=%2Fwp%2Fv2%2Fcomments&post=28330"}],"version-history":[{"count":0,"href":"https:\/\/revistaepocadigital.com.ar\/index.php?rest_route=\/wp\/v2\/posts\/28330\/revisions"}],"wp:featuredmedia":[{"embeddable":true,"href":"https:\/\/revistaepocadigital.com.ar\/index.php?rest_route=\/wp\/v2\/media\/28337"}],"wp:attachment":[{"href":"https:\/\/revistaepocadigital.com.ar\/index.php?rest_route=%2Fwp%2Fv2%2Fmedia&parent=28330"}],"wp:term":[{"taxonomy":"category","embeddable":true,"href":"https:\/\/revistaepocadigital.com.ar\/index.php?rest_route=%2Fwp%2Fv2%2Fcategories&post=28330"},{"taxonomy":"post_tag","embeddable":true,"href":"https:\/\/revistaepocadigital.com.ar\/index.php?rest_route=%2Fwp%2Fv2%2Ftags&post=28330"}],"curies":[{"name":"wp","href":"https:\/\/api.w.org\/{rel}","templated":true}]}}