{"id":28352,"date":"2025-02-02T12:20:27","date_gmt":"2025-02-02T15:20:27","guid":{"rendered":"https:\/\/revistaepocadigital.com.ar\/?p=28352"},"modified":"2025-02-03T22:26:49","modified_gmt":"2025-02-04T01:26:49","slug":"taller-de-cianotipo-en-cardales-una-experiencia-distinta","status":"publish","type":"post","link":"https:\/\/revistaepocadigital.com.ar\/?p=28352","title":{"rendered":"TALLER DE CIANOTIPO EN CARDALES, UNA EXPERIENCIA DISTINTA"},"content":{"rendered":"<p><strong>LO COORDINA BRENDA AVELLA. ESTE 15 DE FEBRERO<\/strong>.<!--more--><\/p>\n<p>\u00bfQue es la Cianotipia?. La t\u00e9cnica del cianotipo, es una forma de copiado fotogr\u00e1fico alternativo descubierta en el siglo XIX. Utiliza las sales de hierro como material sensible a la luz para realizar impresiones fotogr\u00e1ficas. Las mismas, se realizan con materiales transl\u00facidos y por contacto.<\/p>\n<p>Fue utilizada en un principio, como t\u00e9cnica para registrar plantas y m\u00e1s tarde como forma de copiado de negativos fotogr\u00e1ficos.<br \/>\nEl cianotipo puede realizarse sobre papel y otras superficies, como telas o vidrios. Da como<br \/>\nresultado im\u00e1genes en tonos azules<\/p>\n<p>Brenda Avella, reconocida como especialista en la t\u00e9cnica, encabeza el Taller que tiene lugar el 15 de este mes en la Quinta L\u2019 de Agust\u00edn, ubicada en Entre R\u00edos s\/n entre las calles 20 de Junio y Catamarca, Los Cardales.<\/p>\n<p><img loading=\"lazy\" decoding=\"async\" class=\"alignright size-full wp-image-28359\" src=\"https:\/\/revistaepocadigital.com.ar\/wp-content\/uploads\/2025\/02\/taller-1.jpg88.jpg\" alt=\"\" width=\"353\" height=\"441\" srcset=\"https:\/\/revistaepocadigital.com.ar\/wp-content\/uploads\/2025\/02\/taller-1.jpg88.jpg 353w, https:\/\/revistaepocadigital.com.ar\/wp-content\/uploads\/2025\/02\/taller-1.jpg88-240x300.jpg 240w, https:\/\/revistaepocadigital.com.ar\/wp-content\/uploads\/2025\/02\/taller-1.jpg88-336x420.jpg 336w\" sizes=\"auto, (max-width: 353px) 100vw, 353px\" \/><\/p>\n<p><strong>El Taller.<\/strong><\/p>\n<p>Durante el encuentro se dar\u00e1 a conocer esta t\u00e9cnica particular, desde un enfoque te\u00f3rico<br \/>\npr\u00e1ctico. La invitaci\u00f3n apunta a experimentar desde el dominio de la t\u00e9cnica en cuesti\u00f3n, como punto de partida para la creaci\u00f3n de im\u00e1genes.<\/p>\n<p>Se podr\u00e1 ver:<br \/>\nLa historia y nacimiento del cianotipo.<br \/>\nC\u00f3mo preparar el material a copiar.<br \/>\nCu\u00e1les ser\u00edan los distintos soportes.<br \/>\nComo preparar la emulsi\u00f3n sensible<br \/>\nVan a realizarse copias fotogr\u00e1ficas con luz solar.<br \/>\nPruebas de virados de color.<\/p>\n<p>Para los asistentes al Taller, todos los materiales est\u00e1n incluidos, el costo es de $30 mil y cada participante se llevar\u00e1 dos sus fotograf\u00edas logradas en papel multi t\u00e9cnica de algod\u00f3n, m\u00e1s todo su proceso de experimentaci\u00f3n realizado sobre distintos soportes.<\/p>\n<p>Todo indica que los asistentes al Taller vivir\u00e1n una muy interesante experiencia renovadora.<\/p>\n","protected":false},"excerpt":{"rendered":"<p>LO COORDINA BRENDA AVELLA. ESTE 15 DE FEBRERO.<\/p>\n","protected":false},"author":4,"featured_media":28358,"comment_status":"open","ping_status":"open","sticky":false,"template":"","format":"standard","meta":{"footnotes":"","jetpack_publicize_message":"","jetpack_publicize_feature_enabled":true,"jetpack_social_post_already_shared":true,"jetpack_social_options":{"image_generator_settings":{"template":"highway","default_image_id":0,"font":"","enabled":false},"version":2}},"categories":[15],"tags":[3043,3042,37,3041],"class_list":["post-28352","post","type-post","status-publish","format-standard","has-post-thumbnail","hentry","category-lo-que-tenes-que-saber","tag-avella","tag-cianotipo","tag-destacada","tag-taller"],"jetpack_publicize_connections":[],"jetpack_featured_media_url":"https:\/\/revistaepocadigital.com.ar\/wp-content\/uploads\/2025\/02\/taller2.jpg","jetpack_likes_enabled":true,"_links":{"self":[{"href":"https:\/\/revistaepocadigital.com.ar\/index.php?rest_route=\/wp\/v2\/posts\/28352","targetHints":{"allow":["GET"]}}],"collection":[{"href":"https:\/\/revistaepocadigital.com.ar\/index.php?rest_route=\/wp\/v2\/posts"}],"about":[{"href":"https:\/\/revistaepocadigital.com.ar\/index.php?rest_route=\/wp\/v2\/types\/post"}],"author":[{"embeddable":true,"href":"https:\/\/revistaepocadigital.com.ar\/index.php?rest_route=\/wp\/v2\/users\/4"}],"replies":[{"embeddable":true,"href":"https:\/\/revistaepocadigital.com.ar\/index.php?rest_route=%2Fwp%2Fv2%2Fcomments&post=28352"}],"version-history":[{"count":0,"href":"https:\/\/revistaepocadigital.com.ar\/index.php?rest_route=\/wp\/v2\/posts\/28352\/revisions"}],"wp:featuredmedia":[{"embeddable":true,"href":"https:\/\/revistaepocadigital.com.ar\/index.php?rest_route=\/wp\/v2\/media\/28358"}],"wp:attachment":[{"href":"https:\/\/revistaepocadigital.com.ar\/index.php?rest_route=%2Fwp%2Fv2%2Fmedia&parent=28352"}],"wp:term":[{"taxonomy":"category","embeddable":true,"href":"https:\/\/revistaepocadigital.com.ar\/index.php?rest_route=%2Fwp%2Fv2%2Fcategories&post=28352"},{"taxonomy":"post_tag","embeddable":true,"href":"https:\/\/revistaepocadigital.com.ar\/index.php?rest_route=%2Fwp%2Fv2%2Ftags&post=28352"}],"curies":[{"name":"wp","href":"https:\/\/api.w.org\/{rel}","templated":true}]}}