{"id":28402,"date":"2025-02-07T01:45:58","date_gmt":"2025-02-07T04:45:58","guid":{"rendered":"https:\/\/revistaepocadigital.com.ar\/?p=28402"},"modified":"2025-02-07T01:47:51","modified_gmt":"2025-02-07T04:47:51","slug":"mascarada-en-exaltacion-de-la-cruz","status":"publish","type":"post","link":"https:\/\/revistaepocadigital.com.ar\/?p=28402","title":{"rendered":"MASCARADA EN EXALTACI\u00d3N DE LA CRUZ"},"content":{"rendered":"<p><strong>Concurso de m\u00e1scaras y antifaces de carnaval.<\/strong><!--more--><\/p>\n<p>\u2022\u2022Podr\u00e1n participar todos los ni\u00f1os y j\u00f3venes del partido en las correspondientes categor\u00edas:<br \/>\nA-Ni\u00f1os de 6 a 9 a\u00f1os.<br \/>\nB-Ni\u00f1os\/adolescentes de 10 a 13 a\u00f1os.<br \/>\nC- Adolescentes de 14 a 17 a\u00f1os.<\/p>\n<p>\u2022SOBRE LAS OBRAS<br \/>\nSe deben presentar obras realizadas en diversos materiales tales como: cart\u00f3n, pl\u00e1sticos reciclados, cer\u00e1mica, telas etc.<br \/>\nLa t\u00e9cnica utilizada ser\u00e1 libre, respetando el concepto de la propuesta: \u201cm\u00e1scaras y antifaces de carnaval\u201d.<br \/>\nTama\u00f1o: las obras no deberan superar los 30 cm de alto, por 20 cm de ancho.<br \/>\nJurado: habr\u00e1 Jurado de selecci\u00f3n y premios a cargo de artistas locales.<br \/>\nPremios: se otorgar\u00e1 un premio por categor\u00eda, consistentes en kits art\u00edsticos, y las menciones que defina el Jurado.<br \/>\nExhibici\u00f3n: todas las obras, inclusive las premiadas ser\u00e1n expuestas en Casa de la Cultura \u201cMiguel Hangel Gonz\u00e1lez\u201d, Rivadavia 506. Fecha y horarios a definir.<\/p>\n<p>Tem\u00e1tica: es libre, pero debe hacer referencia al esp\u00edritu del carnaval.<\/p>\n<p>Presentaci\u00f3n: deber\u00e1n ser rotuladas con la siguiente informaci\u00f3n sobre el interior de la m\u00e1scara.<br \/>\n.Nombre y apellido<br \/>\n.Direcci\u00f3n<br \/>\n.N\u00famero de WhatsApp del adulto responsable.<br \/>\n.T\u00edtulo de la obra.<\/p>\n<p>Observaciones: la decisi\u00f3n del Jurado ser\u00e1 inapelable.<br \/>\nLa entrega de las obras se realizar\u00e1 de lunes a viernes de 8 a 12 hs. del 7 al 26 de febrero de 2025.<br \/>\nCasa de la Cultura &#8211;<br \/>\nRivadavia 506, Capilla del Se\u00f1or.<\/p>\n<p>Centro Cultural Parada Robles &#8211;<br \/>\nLos Nogales, entre Los Cedros y Los Tilos.<\/p>\n<p>Centro Cultural Los Cardales<br \/>\nLos Cardales, Rivadavia 1.<\/p>\n<p>\u203c\ufe0fIMPORTANTE:<br \/>\nSe dictar\u00e1 un taller de m\u00e1scaras para todos aquellos que quieran realizar la suya en las siguientes fechas:<br \/>\nVIERNES 14 &#8211; 19.30 hs. Paseo \u201cLas Tipas\u201d, Capilla del Se\u00f1or.<br \/>\nDOMINGO 16 &#8211; 19.30 hs. Parque Cultural, Los Cardales<br \/>\nVIERNES 21 &#8211; 19.30 hs. Teatro abierto \u201cMar\u00eda Vig\u00edl\u201d &#8211; Parada Robles.<\/p>\n<p>*Las obras realizadas en el taller podr\u00e1n participar del concurso, es importante asistir con los materiales para su realizaci\u00f3n.<\/p>\n","protected":false},"excerpt":{"rendered":"<p>Concurso de m\u00e1scaras y antifaces de carnaval.<\/p>\n","protected":false},"author":3,"featured_media":28404,"comment_status":"open","ping_status":"open","sticky":false,"template":"","format":"standard","meta":{"footnotes":"","jetpack_publicize_message":"","jetpack_publicize_feature_enabled":true,"jetpack_social_post_already_shared":true,"jetpack_social_options":{"image_generator_settings":{"template":"highway","default_image_id":0,"font":"","enabled":false},"version":2}},"categories":[12],"tags":[3048,1185],"class_list":["post-28402","post","type-post","status-publish","format-standard","has-post-thumbnail","hentry","category-espectaculos","tag-carnaval-2025","tag-mascaras"],"jetpack_publicize_connections":[],"jetpack_featured_media_url":"https:\/\/revistaepocadigital.com.ar\/wp-content\/uploads\/2025\/02\/476.jpg","jetpack_likes_enabled":true,"_links":{"self":[{"href":"https:\/\/revistaepocadigital.com.ar\/index.php?rest_route=\/wp\/v2\/posts\/28402","targetHints":{"allow":["GET"]}}],"collection":[{"href":"https:\/\/revistaepocadigital.com.ar\/index.php?rest_route=\/wp\/v2\/posts"}],"about":[{"href":"https:\/\/revistaepocadigital.com.ar\/index.php?rest_route=\/wp\/v2\/types\/post"}],"author":[{"embeddable":true,"href":"https:\/\/revistaepocadigital.com.ar\/index.php?rest_route=\/wp\/v2\/users\/3"}],"replies":[{"embeddable":true,"href":"https:\/\/revistaepocadigital.com.ar\/index.php?rest_route=%2Fwp%2Fv2%2Fcomments&post=28402"}],"version-history":[{"count":0,"href":"https:\/\/revistaepocadigital.com.ar\/index.php?rest_route=\/wp\/v2\/posts\/28402\/revisions"}],"wp:featuredmedia":[{"embeddable":true,"href":"https:\/\/revistaepocadigital.com.ar\/index.php?rest_route=\/wp\/v2\/media\/28404"}],"wp:attachment":[{"href":"https:\/\/revistaepocadigital.com.ar\/index.php?rest_route=%2Fwp%2Fv2%2Fmedia&parent=28402"}],"wp:term":[{"taxonomy":"category","embeddable":true,"href":"https:\/\/revistaepocadigital.com.ar\/index.php?rest_route=%2Fwp%2Fv2%2Fcategories&post=28402"},{"taxonomy":"post_tag","embeddable":true,"href":"https:\/\/revistaepocadigital.com.ar\/index.php?rest_route=%2Fwp%2Fv2%2Ftags&post=28402"}],"curies":[{"name":"wp","href":"https:\/\/api.w.org\/{rel}","templated":true}]}}