{"id":28406,"date":"2025-02-08T04:49:35","date_gmt":"2025-02-08T07:49:35","guid":{"rendered":"https:\/\/revistaepocadigital.com.ar\/?p=28406"},"modified":"2025-02-10T23:46:33","modified_gmt":"2025-02-11T02:46:33","slug":"en-exaltacion-de-la-cruz-manda-una-mujer-norma-santillan-intendenta","status":"publish","type":"post","link":"https:\/\/revistaepocadigital.com.ar\/?p=28406","title":{"rendered":"EN EXALTACI\u00d3N DE LA CRUZ MANDA UNA MUJER, NORMA SANTILL\u00c1N INTENDENTA"},"content":{"rendered":"<div class=\"xdj266r x11i5rnm xat24cr x1mh8g0r x1vvkbs x126k92a\">\n<div dir=\"auto\">\n<div class=\"mceTemp\"><\/div>\n<p><strong>HECHO POL\u00cdTICO CASI IN\u00c9DITO EN EL DISTRITO.<!--more--><\/strong><\/p>\n<\/div>\n<div dir=\"auto\"><\/div>\n<div dir=\"auto\">Norma Santill\u00e1n, actual concejal por el oficialismo, se convirti\u00f3 en intendenta interina desde el pasado 3 de febrero. El hecho pol\u00edtico sin dudas, se debi\u00f3 a que el jefe comunal Diego Nanni tom\u00f3 su per\u00edodo de vacaciones anuales, y tambi\u00e9n lo hizo Luis Mariano Mart\u00edn, tambi\u00e9n concejal oficialista a quien en casos de reemplazo del intendente, le corresponde ocupar el cargo seg\u00fan lo estipulado en las normas vigentes.<\/div>\n<\/div>\n<div dir=\"auto\"><\/div>\n<div dir=\"auto\">\n<p><img loading=\"lazy\" decoding=\"async\" class=\"size-full wp-image-28409\" src=\"https:\/\/revistaepocadigital.com.ar\/wp-content\/uploads\/2025\/02\/santillan-n-e1738906419697.jpg\" alt=\"\" width=\"1080\" height=\"644\" srcset=\"https:\/\/revistaepocadigital.com.ar\/wp-content\/uploads\/2025\/02\/santillan-n-e1738906419697.jpg 1080w, https:\/\/revistaepocadigital.com.ar\/wp-content\/uploads\/2025\/02\/santillan-n-e1738906419697-300x179.jpg 300w, https:\/\/revistaepocadigital.com.ar\/wp-content\/uploads\/2025\/02\/santillan-n-e1738906419697-768x458.jpg 768w, https:\/\/revistaepocadigital.com.ar\/wp-content\/uploads\/2025\/02\/santillan-n-e1738906419697-696x415.jpg 696w, https:\/\/revistaepocadigital.com.ar\/wp-content\/uploads\/2025\/02\/santillan-n-e1738906419697-1068x637.jpg 1068w, https:\/\/revistaepocadigital.com.ar\/wp-content\/uploads\/2025\/02\/santillan-n-e1738906419697-704x420.jpg 704w\" sizes=\"auto, (max-width: 1080px) 100vw, 1080px\" \/><\/p>\n<\/div>\n<div dir=\"auto\"><em>Norma Santill\u00e1n conduce. Con Nanni de vacaciones, ocupa el cargo en forma interina.<\/em><\/div>\n<div dir=\"auto\"><\/div>\n<div dir=\"auto\"><\/div>\n<div class=\"xdj266r x11i5rnm xat24cr x1mh8g0r x1vvkbs x126k92a\">\n<div dir=\"auto\">Santill\u00e1n, una mujer del ri\u00f1\u00f3n del oficialismo, durante per\u00edodos anteriores ha ocupado distintos cargos, incluso concejal, se ha desempe\u00f1ado en particular en \u00e1reas muy sensibles como la social y la atinente a temas de salud del vecindario.<\/div>\n<div dir=\"auto\"><\/div>\n<div dir=\"auto\">El cargo de intendenta para Santillan, se descuenta, ha representado un compromiso muy\u00a0 concreto, con la alta responsabilidad que implica. El retorno de Nanni a la funci\u00f3n como intendente, ten\u00eda lugar el 10 del corriente, para continuar al frente de la comuna en su segundo per\u00edodo, rodeado por un contexto pol\u00edtico complejo, as\u00ed con las complejidades que atraviesa el pa\u00eds y el distrito en un a\u00f1o clave, ante las elecciones de medio t\u00e9rmino a llevarse a cabo en octubre, muy probablemente con la suspensi\u00f3n de las PASO previas, como vino ocurriendo desde hace a\u00f1os, en caso que diputados y senadores nacionales, aprobaran el dictamen emitido.<\/div>\n<\/div>\n<p>&nbsp;<\/p>\n","protected":false},"excerpt":{"rendered":"<p>HECHO POL\u00cdTICO CASI IN\u00c9DITO EN EL DISTRITO.<\/p>\n","protected":false},"author":4,"featured_media":28411,"comment_status":"open","ping_status":"open","sticky":false,"template":"","format":"standard","meta":{"footnotes":"","jetpack_publicize_message":"","jetpack_publicize_feature_enabled":true,"jetpack_social_post_already_shared":true,"jetpack_social_options":{"image_generator_settings":{"template":"highway","default_image_id":0,"font":"","enabled":false},"version":2}},"categories":[17],"tags":[2996,3049],"class_list":["post-28406","post","type-post","status-publish","format-standard","has-post-thumbnail","hentry","category-politica","tag-2996","tag-santillan-intendenta"],"jetpack_publicize_connections":[],"jetpack_featured_media_url":"https:\/\/revistaepocadigital.com.ar\/wp-content\/uploads\/2025\/02\/santillan-nor.jpg","jetpack_likes_enabled":true,"_links":{"self":[{"href":"https:\/\/revistaepocadigital.com.ar\/index.php?rest_route=\/wp\/v2\/posts\/28406","targetHints":{"allow":["GET"]}}],"collection":[{"href":"https:\/\/revistaepocadigital.com.ar\/index.php?rest_route=\/wp\/v2\/posts"}],"about":[{"href":"https:\/\/revistaepocadigital.com.ar\/index.php?rest_route=\/wp\/v2\/types\/post"}],"author":[{"embeddable":true,"href":"https:\/\/revistaepocadigital.com.ar\/index.php?rest_route=\/wp\/v2\/users\/4"}],"replies":[{"embeddable":true,"href":"https:\/\/revistaepocadigital.com.ar\/index.php?rest_route=%2Fwp%2Fv2%2Fcomments&post=28406"}],"version-history":[{"count":0,"href":"https:\/\/revistaepocadigital.com.ar\/index.php?rest_route=\/wp\/v2\/posts\/28406\/revisions"}],"wp:featuredmedia":[{"embeddable":true,"href":"https:\/\/revistaepocadigital.com.ar\/index.php?rest_route=\/wp\/v2\/media\/28411"}],"wp:attachment":[{"href":"https:\/\/revistaepocadigital.com.ar\/index.php?rest_route=%2Fwp%2Fv2%2Fmedia&parent=28406"}],"wp:term":[{"taxonomy":"category","embeddable":true,"href":"https:\/\/revistaepocadigital.com.ar\/index.php?rest_route=%2Fwp%2Fv2%2Fcategories&post=28406"},{"taxonomy":"post_tag","embeddable":true,"href":"https:\/\/revistaepocadigital.com.ar\/index.php?rest_route=%2Fwp%2Fv2%2Ftags&post=28406"}],"curies":[{"name":"wp","href":"https:\/\/api.w.org\/{rel}","templated":true}]}}