{"id":28418,"date":"2025-02-07T03:54:25","date_gmt":"2025-02-07T06:54:25","guid":{"rendered":"https:\/\/revistaepocadigital.com.ar\/?p=28418"},"modified":"2025-02-07T03:56:00","modified_gmt":"2025-02-07T06:56:00","slug":"la-inseguridad-sin-salida-le-robaron-cuatro-veces-el-vehiculo","status":"publish","type":"post","link":"https:\/\/revistaepocadigital.com.ar\/?p=28418","title":{"rendered":"LA INSEGURIDAD SIN SALIDA. LE ROBARON CUATRO VECES EL VEH\u00cdCULO!"},"content":{"rendered":"<hr \/>\n<p><strong>COMO SE HA VENIDO AGRAVANDO EN LAS D\u00c9CADAS M\u00c1S RECIENTES, LA ARGENTINA, LOS ARGENTINOS QUE LA LUCHAN TODOS LOS D\u00cdAS, SE VEN SOMETIDOS A UN FLAGELO, INSOPORTABLE, IRRESPIRABLE A ESTA ALTURA: LA INSEGURIDAD.<\/strong><!--more--><\/p>\n<p>LA INSEGURIDAD, LOS DELITOS A MANO ARMADA, CON GRAVES CONSECUENCICAS, MUERTES CASI A DIARIO, RATIFICAN ESE FLAGELO INSOPORTABLE, GRAV\u00cdSIMO Y SIN SOLUCI\u00d3N EFECTIVA A LA VISTA, ANTE EL DESPROPORCIONADO DESINTER\u00c9S DE AUTORIDADES, LEGISLADORES, POL\u00ccTICOS Y LA JUSTICIA.<\/p>\n<p>Sin respuestas de quienes obligatoriamente deben ofrecerlas, habida cuenta de las responsabilidades que les competen, los argentinos, los bonaerenses e incluso exaltacrucenses, sufren y padecen una situaci\u00f3n a la cual funcionarios p\u00fablicos, legisladores, la justicia, no enfrentan con la decisi\u00f3n firme que deben mostrar.<\/p>\n<p>Y\u00a0 as\u00ed, los padecimientos diarios y los graves peligros para la vida, se reiteran y angustian. En Exaltaci\u00f3n el reciente robo Ana Mar\u00eda Lista de Maisonove, &#8220;Any&#8221;, muy conocida vecina capillense, ha sido una fuerte muestra m\u00e1s del contexto actual. Los Maisovone, familia con gran arraigo al distrito, han sufrido cinco robos de veh\u00edculos en trece meses!<\/p>\n<p>En las \u00faltimas horas, en Capilla del Se\u00f1or, el m\u00e1s reciente. Y Any Lista grafic\u00f3 lo vivido con crudeza, bronca, impotencia y entendibles cr\u00edticas al poder pol\u00edtico, en su cuenta en la red social Facebook.<\/p>\n<p>&nbsp;<\/p>\n<div dir=\"auto\"><em><strong>&#8220;Me robaron la Toyota gris hace 10 minutos 6\/2\/25!!!<\/strong><\/em><\/div>\n<div dir=\"auto\"><em><strong>Cinco robos en 13 meses<\/strong><\/em><\/div>\n<div dir=\"auto\"><em><strong>(4 en 2024 y ahora uno en el inicio 2025 en pleno centro (Capillla del Se\u00f1or! HIJOS DE DE MIL PUTA&#8230;&#8221;<\/strong><\/em><\/div>\n<p>&nbsp;<\/p>\n<p><strong><em>&#8220;&#8230; mis estimados gente del poder pol\u00edtico. Uds tambi\u00e9n son parte de lo que nos ocurre a los vecinos de Exaltaci\u00f3n. En 13 meses me robaron 4 veces las Toyotas. Una vez en Los Cardales el 13 de enero 2024 a las 20.30 horas!, color Blanca, ten\u00eda 3 meses de uso. La siguieinte, otra Toyota color gris cabina simple con patente 061&#8230; Despu\u00e9s otra Toyota gris SW4, doble cabina y media caja y hoy (6-2-25) robaron la Toyota dominio AB432EJ.<\/em><\/strong><\/p>\n<p><strong><em>\u00bfQuien se hace cargo?! Pongan m\u00e1s seguridad y patrullaje. Paren a posibles sospechosos en las entradas y salidas a las rutas que conducen a Capilla del Se\u00f1or y otros puntos del partido. Todo esto fue en Capilla, y un robo (el primero ) en la ruta a la ciudad de Z\u00e1rate&#8230; <\/em><\/strong><\/p>\n<p><strong><em>Atte. Ana M. Lista&#8221;.<\/em><\/strong><\/p>\n<p>&nbsp;<\/p>\n<p>Los interrogantes, las dudas, el miedo, deambulan por gran parte de la Argentina en forma absolutamente imp\u00fadica y amenazantes. Mientras los argentinos, mir\u00e1n azorados, golpeados y confundidos, como la vida pasa y se padece sin que aquellos que acumulan poder y responsabilidades, tomen el toro por las astas. \u00bfQue les pasa? \u00bfHasta cu\u00e1ndo?!!!<\/p>\n<p>Cuando m\u00e1s se atemorizan los pol\u00edticos, los d\u00edas de elecciones, los argentinos en paz y con consciencia, en las urnas deber\u00edan hacer sonar el escarpiento&#8230; El d\u00eda que ocurra, acaso, una Argentina vivible habr\u00e1 comenzado a dar sus primeros pasos.<\/p>\n<p>&nbsp;<\/p>\n","protected":false},"excerpt":{"rendered":"<p>COMO SE HA VENIDO AGRAVANDO EN LAS D\u00c9CADAS M\u00c1S RECIENTES, LA ARGENTINA, LOS ARGENTINOS QUE LA LUCHAN TODOS LOS D\u00cdAS, SE VEN SOMETIDOS A UN FLAGELO, INSOPORTABLE, IRRESPIRABLE A ESTA ALTURA: LA INSEGURIDAD.<\/p>\n","protected":false},"author":3,"featured_media":28423,"comment_status":"open","ping_status":"open","sticky":false,"template":"","format":"standard","meta":{"footnotes":"","jetpack_publicize_message":"","jetpack_publicize_feature_enabled":true,"jetpack_social_post_already_shared":true,"jetpack_social_options":{"image_generator_settings":{"template":"highway","default_image_id":0,"font":"","enabled":false},"version":2}},"categories":[13],"tags":[3051,741,176],"class_list":["post-28418","post","type-post","status-publish","format-standard","has-post-thumbnail","hentry","category-interes-general","tag-any-lista","tag-inseguridad","tag-robos"],"jetpack_publicize_connections":[],"jetpack_featured_media_url":"https:\/\/revistaepocadigital.com.ar\/wp-content\/uploads\/2025\/02\/lista-any.jpg","jetpack_likes_enabled":true,"_links":{"self":[{"href":"https:\/\/revistaepocadigital.com.ar\/index.php?rest_route=\/wp\/v2\/posts\/28418","targetHints":{"allow":["GET"]}}],"collection":[{"href":"https:\/\/revistaepocadigital.com.ar\/index.php?rest_route=\/wp\/v2\/posts"}],"about":[{"href":"https:\/\/revistaepocadigital.com.ar\/index.php?rest_route=\/wp\/v2\/types\/post"}],"author":[{"embeddable":true,"href":"https:\/\/revistaepocadigital.com.ar\/index.php?rest_route=\/wp\/v2\/users\/3"}],"replies":[{"embeddable":true,"href":"https:\/\/revistaepocadigital.com.ar\/index.php?rest_route=%2Fwp%2Fv2%2Fcomments&post=28418"}],"version-history":[{"count":0,"href":"https:\/\/revistaepocadigital.com.ar\/index.php?rest_route=\/wp\/v2\/posts\/28418\/revisions"}],"wp:featuredmedia":[{"embeddable":true,"href":"https:\/\/revistaepocadigital.com.ar\/index.php?rest_route=\/wp\/v2\/media\/28423"}],"wp:attachment":[{"href":"https:\/\/revistaepocadigital.com.ar\/index.php?rest_route=%2Fwp%2Fv2%2Fmedia&parent=28418"}],"wp:term":[{"taxonomy":"category","embeddable":true,"href":"https:\/\/revistaepocadigital.com.ar\/index.php?rest_route=%2Fwp%2Fv2%2Fcategories&post=28418"},{"taxonomy":"post_tag","embeddable":true,"href":"https:\/\/revistaepocadigital.com.ar\/index.php?rest_route=%2Fwp%2Fv2%2Ftags&post=28418"}],"curies":[{"name":"wp","href":"https:\/\/api.w.org\/{rel}","templated":true}]}}