{"id":28447,"date":"2025-02-10T02:09:01","date_gmt":"2025-02-10T05:09:01","guid":{"rendered":"https:\/\/revistaepocadigital.com.ar\/?p=28447"},"modified":"2025-02-10T02:09:01","modified_gmt":"2025-02-10T05:09:01","slug":"cepral-ajuste-en-tarifas-de-telecomunicaciones","status":"publish","type":"post","link":"https:\/\/revistaepocadigital.com.ar\/?p=28447","title":{"rendered":"CEPRAL. AJUSTE EN TARIFAS DE TELECOMUNICACIONES"},"content":{"rendered":"<table class=\"yiv7226952557r3-o\" role=\"presentation\" border=\"0\" width=\"100%\" cellspacing=\"0\" cellpadding=\"0\" align=\"center\">\n<tbody>\n<tr>\n<td class=\"yiv7226952557r4-i\">\n<table role=\"presentation\" border=\"0\" width=\"100%\" cellspacing=\"0\" cellpadding=\"0\">\n<tbody>\n<tr>\n<th class=\"yiv7226952557r5-c\" valign=\"top\" width=\"100%\">\n<table class=\"yiv7226952557r6-o\" role=\"presentation\" border=\"0\" width=\"100%\" cellspacing=\"0\" cellpadding=\"0\">\n<tbody>\n<tr>\n<td class=\"yiv7226952557r7-i\" valign=\"top\">\n<table role=\"presentation\" border=\"0\" width=\"100%\" cellspacing=\"0\" cellpadding=\"0\">\n<tbody>\n<tr>\n<td class=\"yiv7226952557r8-c\" align=\"center\"><img decoding=\"async\" src=\"https:\/\/ecp.yusercontent.com\/mail?url=https%3A%2F%2F41sau.img.a.d.sendibm1.com%2Fim%2Fsh%2FvmsOKrphgkfg.jpg%3Fu%3DWtVElij8PJZGcPbQH8MzxJFB7O82KS38&amp;t=1739163171&amp;ymreqid=a1e28384-e738-286e-1c94-6900f5018800&amp;sig=LOo8mWN..tEUE0o3dik23w--~D\" width=\"590\" border=\"0\" \/><\/td>\n<\/tr>\n<tr>\n<td class=\"yiv7226952557r8-c\" align=\"center\"><\/td>\n<\/tr>\n<\/tbody>\n<\/table>\n<\/td>\n<\/tr>\n<\/tbody>\n<\/table>\n<\/th>\n<\/tr>\n<\/tbody>\n<\/table>\n<\/td>\n<\/tr>\n<\/tbody>\n<\/table>\n<table class=\"yiv7226952557r3-o\" role=\"presentation\" border=\"0\" width=\"100%\" cellspacing=\"0\" cellpadding=\"0\" align=\"center\">\n<tbody>\n<tr>\n<td class=\"yiv7226952557r4-i\">\n<table role=\"presentation\" border=\"0\" width=\"100%\" cellspacing=\"0\" cellpadding=\"0\">\n<tbody>\n<tr>\n<th class=\"yiv7226952557r5-c\" valign=\"top\" width=\"100%\">\n<table class=\"yiv7226952557r9-o\" role=\"presentation\" border=\"0\" width=\"100%\" cellspacing=\"0\" cellpadding=\"0\" align=\"left\">\n<tbody>\n<tr>\n<td class=\"yiv7226952557r10-i yiv7226952557nl2go-default-textstyle\" valign=\"top\">\n<div>\n<p>INFORME DEL CONSEJO DE ADMINISTRACI\u00d3N DE CEPRAL PARA LOS USUARIOS.<!--more--><br \/>\nComo es de p\u00fablico conocimiento, el Sector de las Telecomunicaciones se desregul\u00f3 en abril de 2024, lo que permite a las empresas ajustar los precios de internet, telefon\u00eda m\u00f3vil y cable. Esto se dio a partir de la derogaci\u00f3n del decreto 690\/2020, que consideraba a estos servicios como esenciales y estrat\u00e9gicos.<\/p>\n<p>Por esta raz\u00f3n, desde la Cooperativa hemos tomado la decisi\u00f3n de ir haciendo ajustes en funci\u00f3n de la inflaci\u00f3n mensual, y la variaci\u00f3n en los costos que incidan en la prestaci\u00f3n del servicio.<\/p>\n<p>Trataremos de hacer el mayor esfuerzo para que estos incrementos sean de la menor magnitud para que nuestros usuarios se vean afectados lo m\u00ednimo posible.<\/p>\n<p>Continuando con nuestro Plan de Expansi\u00f3n, sumamos al Barrio Arturo Mateo para que m\u00e1s vecinos puedan acceder a nuestro Servicio de Fibra \u00d3ptica a Tu Hogar.<\/p>\n<p>Una vez m\u00e1s CEPRAL agradece su compromiso para el <strong>USO RACIONAL DE LA ENERGIA<\/strong>, que nos permite que tengamos la menor cantidad de cortes del Servicio El\u00e9ctrico.<\/p>\n<p>&nbsp;<\/p>\n<p>Pedimos y debido a las altas temperaturas que se esperan para los pr\u00f3ximos d\u00edas, continuar con el USO RESPONSABLE DE LA ENERG\u00cdA EL\u00c9CTRICA.<\/p>\n<p>&nbsp;<\/p>\n<p>Reiteramos:\u00a0Atento a mensajes que est\u00e1n circulando, en caso de que se llegaran a efectuar cortes rotativos de energ\u00eda,\u00a0<strong>nuestros usuarios no tienen que hacer ning\u00fan seguimiento de los cortes ni ingresar a ning\u00fan link, de haber alguna novedad la comunicaremos exclusivamente por este medio.<\/strong><\/p>\n<p>&nbsp;<\/p>\n<\/div>\n<\/td>\n<\/tr>\n<\/tbody>\n<\/table>\n<\/th>\n<\/tr>\n<\/tbody>\n<\/table>\n<\/td>\n<\/tr>\n<\/tbody>\n<\/table>\n<p>&nbsp;<\/p>\n","protected":false},"excerpt":{"rendered":"<p>INFORME DEL CONSEJO DE ADMINISTRACI\u00d3N DE CEPRAL PARA LOS USUARIOS.<\/p>\n","protected":false},"author":3,"featured_media":28448,"comment_status":"open","ping_status":"open","sticky":false,"template":"","format":"standard","meta":{"footnotes":"","jetpack_publicize_message":"","jetpack_publicize_feature_enabled":true,"jetpack_social_post_already_shared":true,"jetpack_social_options":{"image_generator_settings":{"template":"highway","default_image_id":0,"font":"","enabled":false},"version":2}},"categories":[5],"tags":[29,3053],"class_list":["post-28447","post","type-post","status-publish","format-standard","has-post-thumbnail","hentry","category-aqui-parada-robles","tag-cepral","tag-telecomunicaciones"],"jetpack_publicize_connections":[],"jetpack_featured_media_url":"https:\/\/revistaepocadigital.com.ar\/wp-content\/uploads\/2025\/02\/mail.jpg","jetpack_likes_enabled":true,"_links":{"self":[{"href":"https:\/\/revistaepocadigital.com.ar\/index.php?rest_route=\/wp\/v2\/posts\/28447","targetHints":{"allow":["GET"]}}],"collection":[{"href":"https:\/\/revistaepocadigital.com.ar\/index.php?rest_route=\/wp\/v2\/posts"}],"about":[{"href":"https:\/\/revistaepocadigital.com.ar\/index.php?rest_route=\/wp\/v2\/types\/post"}],"author":[{"embeddable":true,"href":"https:\/\/revistaepocadigital.com.ar\/index.php?rest_route=\/wp\/v2\/users\/3"}],"replies":[{"embeddable":true,"href":"https:\/\/revistaepocadigital.com.ar\/index.php?rest_route=%2Fwp%2Fv2%2Fcomments&post=28447"}],"version-history":[{"count":0,"href":"https:\/\/revistaepocadigital.com.ar\/index.php?rest_route=\/wp\/v2\/posts\/28447\/revisions"}],"wp:featuredmedia":[{"embeddable":true,"href":"https:\/\/revistaepocadigital.com.ar\/index.php?rest_route=\/wp\/v2\/media\/28448"}],"wp:attachment":[{"href":"https:\/\/revistaepocadigital.com.ar\/index.php?rest_route=%2Fwp%2Fv2%2Fmedia&parent=28447"}],"wp:term":[{"taxonomy":"category","embeddable":true,"href":"https:\/\/revistaepocadigital.com.ar\/index.php?rest_route=%2Fwp%2Fv2%2Fcategories&post=28447"},{"taxonomy":"post_tag","embeddable":true,"href":"https:\/\/revistaepocadigital.com.ar\/index.php?rest_route=%2Fwp%2Fv2%2Ftags&post=28447"}],"curies":[{"name":"wp","href":"https:\/\/api.w.org\/{rel}","templated":true}]}}