{"id":28450,"date":"2025-02-10T23:44:45","date_gmt":"2025-02-11T02:44:45","guid":{"rendered":"https:\/\/revistaepocadigital.com.ar\/?p=28450"},"modified":"2025-02-10T23:44:45","modified_gmt":"2025-02-11T02:44:45","slug":"el-ips-paga-haberes-de-febrero","status":"publish","type":"post","link":"https:\/\/revistaepocadigital.com.ar\/?p=28450","title":{"rendered":"EL IPS PAGA HABERES DE FEBRERO"},"content":{"rendered":"<div>\n<header class=\"r_BN D_F W_6D6F p_R P_Zjgzuf ir_0\" aria-label=\"Mensaje\">\n<div class=\"D_F en_0 M_3gJOe A_6Eb4 c1AVi73_6EWk C_Z1VRqsb\" data-test-id=\"message-date\"><strong>El Instituto de Previsi\u00f3n Social (IPS)<\/strong>.<!--more--><\/div>\n<div data-test-id=\"message-date\"><\/div>\n<div data-test-id=\"message-date\"><img loading=\"lazy\" decoding=\"async\" class=\"aligncenter size-full wp-image-28455\" src=\"https:\/\/revistaepocadigital.com.ar\/wp-content\/uploads\/2025\/02\/thumbnail.jpg\" alt=\"\" width=\"1128\" height=\"150\" srcset=\"https:\/\/revistaepocadigital.com.ar\/wp-content\/uploads\/2025\/02\/thumbnail.jpg 1128w, https:\/\/revistaepocadigital.com.ar\/wp-content\/uploads\/2025\/02\/thumbnail-300x40.jpg 300w, https:\/\/revistaepocadigital.com.ar\/wp-content\/uploads\/2025\/02\/thumbnail-768x102.jpg 768w, https:\/\/revistaepocadigital.com.ar\/wp-content\/uploads\/2025\/02\/thumbnail-696x93.jpg 696w, https:\/\/revistaepocadigital.com.ar\/wp-content\/uploads\/2025\/02\/thumbnail-1068x142.jpg 1068w\" sizes=\"auto, (max-width: 1128px) 100vw, 1128px\" \/><\/div>\n<div data-test-id=\"message-date\"><\/div>\n<div class=\"D_F en_0 M_3gJOe A_6Eb4 c1AVi73_6EWk C_Z1VRqsb\" data-test-id=\"message-date\">Inform\u00f3 que las personas jubiladas y pensionadas de la provincia de Buenos Aires perciben los haberes del mes de febrero los d\u00edas jueves 27 y viernes 28 del corriente, seg\u00fan cronograma que se detalla a continuaci\u00f3n:<\/div>\n<\/header>\n<\/div>\n<div data-test-id=\"message-date\"><\/div>\n<div data-test-id=\"message-date\"><\/div>\n<p><img loading=\"lazy\" decoding=\"async\" class=\"aligncenter size-full wp-image-28452\" src=\"https:\/\/revistaepocadigital.com.ar\/wp-content\/uploads\/2025\/02\/Febrero.jpg\" alt=\"\" width=\"630\" height=\"420\" srcset=\"https:\/\/revistaepocadigital.com.ar\/wp-content\/uploads\/2025\/02\/Febrero.jpg 630w, https:\/\/revistaepocadigital.com.ar\/wp-content\/uploads\/2025\/02\/Febrero-300x200.jpg 300w\" sizes=\"auto, (max-width: 630px) 100vw, 630px\" \/><\/p>\n<div data-test-id=\"message-body-container\">\n<div class=\"I_ZkbNhI D_FY W_6D6F\" data-test-id=\"message-view-body\">\n<div class=\"msg-body P_wpofO mq_AS\" data-test-id=\"message-view-body-content\">\n<div class=\"jb_0 X_6MGW N_6Fd5\">\n<div id=\"yiv4889955572\">\n<div dir=\"ltr\">\n<div dir=\"ltr\">\n<div>\n<p dir=\"ltr\">\u00a0Jueves 27 de febrero:<\/p>\n<ul>\n<li dir=\"ltr\">\n<p dir=\"ltr\">Jubilaciones y pensiones con DNI terminados en 0, 1, 2 y 3;<\/p>\n<\/li>\n<li dir=\"ltr\">\n<p dir=\"ltr\">Pensiones sociales &#8211; no contributivas- con DNI terminados en 0, 1 , 2, 3, 4, 5, 6, 7, 8 y 9.<\/p>\n<\/li>\n<\/ul>\n<p dir=\"ltr\">viernes 28 de febrero:<\/p>\n<ul>\n<li dir=\"ltr\">\n<p dir=\"ltr\">jubilaciones y pensiones con DNI terminados en 4, 5, 6 ,7, 8 y 9.<\/p>\n<\/li>\n<\/ul>\n<p dir=\"ltr\">\u00a0El organismo previsional record\u00f3 adem\u00e1s que el vencimiento del pago por ventanilla ser\u00e1 el\u00a025 de marzo\u00a0de 2025.<\/p>\n<p dir=\"ltr\">\n<\/div>\n<\/div>\n<\/div>\n<\/div>\n<\/div>\n<\/div>\n<\/div>\n<\/div>\n","protected":false},"excerpt":{"rendered":"<p>El Instituto de Previsi\u00f3n Social (IPS).<\/p>\n","protected":false},"author":3,"featured_media":28452,"comment_status":"open","ping_status":"open","sticky":false,"template":"","format":"standard","meta":{"footnotes":"","jetpack_publicize_message":"","jetpack_publicize_feature_enabled":true,"jetpack_social_post_already_shared":true,"jetpack_social_options":{"image_generator_settings":{"template":"highway","default_image_id":0,"font":"","enabled":false},"version":2}},"categories":[13],"tags":[2700,142],"class_list":["post-28450","post","type-post","status-publish","format-standard","has-post-thumbnail","hentry","category-interes-general","tag-ips","tag-pagos"],"jetpack_publicize_connections":[],"jetpack_featured_media_url":"https:\/\/revistaepocadigital.com.ar\/wp-content\/uploads\/2025\/02\/Febrero.jpg","jetpack_likes_enabled":true,"_links":{"self":[{"href":"https:\/\/revistaepocadigital.com.ar\/index.php?rest_route=\/wp\/v2\/posts\/28450","targetHints":{"allow":["GET"]}}],"collection":[{"href":"https:\/\/revistaepocadigital.com.ar\/index.php?rest_route=\/wp\/v2\/posts"}],"about":[{"href":"https:\/\/revistaepocadigital.com.ar\/index.php?rest_route=\/wp\/v2\/types\/post"}],"author":[{"embeddable":true,"href":"https:\/\/revistaepocadigital.com.ar\/index.php?rest_route=\/wp\/v2\/users\/3"}],"replies":[{"embeddable":true,"href":"https:\/\/revistaepocadigital.com.ar\/index.php?rest_route=%2Fwp%2Fv2%2Fcomments&post=28450"}],"version-history":[{"count":0,"href":"https:\/\/revistaepocadigital.com.ar\/index.php?rest_route=\/wp\/v2\/posts\/28450\/revisions"}],"wp:featuredmedia":[{"embeddable":true,"href":"https:\/\/revistaepocadigital.com.ar\/index.php?rest_route=\/wp\/v2\/media\/28452"}],"wp:attachment":[{"href":"https:\/\/revistaepocadigital.com.ar\/index.php?rest_route=%2Fwp%2Fv2%2Fmedia&parent=28450"}],"wp:term":[{"taxonomy":"category","embeddable":true,"href":"https:\/\/revistaepocadigital.com.ar\/index.php?rest_route=%2Fwp%2Fv2%2Fcategories&post=28450"},{"taxonomy":"post_tag","embeddable":true,"href":"https:\/\/revistaepocadigital.com.ar\/index.php?rest_route=%2Fwp%2Fv2%2Ftags&post=28450"}],"curies":[{"name":"wp","href":"https:\/\/api.w.org\/{rel}","templated":true}]}}