{"id":28458,"date":"2025-02-10T23:59:53","date_gmt":"2025-02-11T02:59:53","guid":{"rendered":"https:\/\/revistaepocadigital.com.ar\/?p=28458"},"modified":"2025-02-11T00:00:28","modified_gmt":"2025-02-11T03:00:28","slug":"juan-bocca-convocado-a-la-preseleccion-de-basquet","status":"publish","type":"post","link":"https:\/\/revistaepocadigital.com.ar\/?p=28458","title":{"rendered":"JUAN BOCCA CONVOCADO A LA PRESELECCI\u00d3N DE BASQUET"},"content":{"rendered":"<div class=\"xdj266r x11i5rnm xat24cr x1mh8g0r x1vvkbs x126k92a\">\n<div dir=\"auto\"><strong>OTRO IMPORTANTE LOGRO DEL JUGADOR CAPILLENSE, QUIEN JUEGA EN ESPA\u00d1A.<\/strong><\/div>\n<\/div>\n<p><!--more--><\/p>\n<div dir=\"auto\"><\/div>\n<div class=\"xdj266r x11i5rnm xat24cr x1mh8g0r x1vvkbs x126k92a\">\n<div dir=\"auto\">Juan Bocca fue preseleccionado por, el cuerpo t\u00e9cnico de la Selecci\u00f3n encabezado por Pablo Prigioni. Nuestro vecino \u00edntegra la lista de 24 jugadores que forman la preselecci\u00f3n, para la tercera y \u00faltima Ventana de clasificatorios rumbo a la AmeriCup 2025. El equipo argentino, l\u00edder del grupo \u201cA\u201d con tres triunfos y una derrota, enfrentar\u00e1 el jueves 20 a Venezuela en Caracas y el domingo 23 a Colombia en Cali.<\/div>\n<div dir=\"auto\"><\/div>\n<\/div>\n<div class=\"x11i5rnm xat24cr x1mh8g0r x1vvkbs xtlvy1s x126k92a\">\n<div dir=\"auto\">Para los pr\u00f3ximos dos compromisos, Nicol\u00e1s Casalanguida estar\u00e1 al frente del equipo nacional acompa\u00f1ado por Leonardo Guti\u00e9rrez, Guido Fabbris y Pablo Albertinazzi.<\/div>\n<\/div>\n<div class=\"x11i5rnm xat24cr x1mh8g0r x1vvkbs xtlvy1s x126k92a\">\n<div dir=\"auto\">Cabe destacar que estos 24 jugadores presentados son los potencialmente convocables para la ventana, a la espera de la n\u00f3mina final de aquellos que comenzar\u00e1n oportunamente con los entrenamientos.<\/div>\n<\/div>\n<div dir=\"auto\"><img loading=\"lazy\" decoding=\"async\" class=\"aligncenter size-medium wp-image-28460\" src=\"https:\/\/revistaepocadigital.com.ar\/wp-content\/uploads\/2025\/02\/478136831_1257647262567339_1683480611754599033_n-300x169.jpg\" alt=\"\" width=\"300\" height=\"169\" srcset=\"https:\/\/revistaepocadigital.com.ar\/wp-content\/uploads\/2025\/02\/478136831_1257647262567339_1683480611754599033_n-300x169.jpg 300w, https:\/\/revistaepocadigital.com.ar\/wp-content\/uploads\/2025\/02\/478136831_1257647262567339_1683480611754599033_n-768x432.jpg 768w, https:\/\/revistaepocadigital.com.ar\/wp-content\/uploads\/2025\/02\/478136831_1257647262567339_1683480611754599033_n-696x392.jpg 696w, https:\/\/revistaepocadigital.com.ar\/wp-content\/uploads\/2025\/02\/478136831_1257647262567339_1683480611754599033_n-746x420.jpg 746w, https:\/\/revistaepocadigital.com.ar\/wp-content\/uploads\/2025\/02\/478136831_1257647262567339_1683480611754599033_n.jpg 959w\" sizes=\"auto, (max-width: 300px) 100vw, 300px\" \/><\/div>\n<div class=\"x11i5rnm xat24cr x1mh8g0r x1vvkbs xtlvy1s x126k92a\">\n<div dir=\"auto\"><\/div>\n<\/div>\n<div class=\"x11i5rnm xat24cr x1mh8g0r x1vvkbs xtlvy1s x126k92a\">\n<div dir=\"auto\">Junto a \u201cJuani\u201d Bocca fueron citados Lee Aliya, Franco Baralle, Leandro Bolmaro, Dylan Bord\u00f3n, Gonzalo Bressan, Nicol\u00e1s Brussino, Francisco Caffaro, Facundo Campazzo, Tom\u00e1s Chapero, Gonzalo Corbal\u00e1n y Facundo Corval\u00e1n. Tambi\u00e9n han sido convocados Marcos Del\u00eda, Juan Fern\u00e1ndez, Lucas Giovanetti, Leonardo Lema, Bautista Lugarini, Juan Ignacio Marcos, Alex Negrete, Lucio Redivo, Juan Pablo Vaulet, Jos\u00e9 Vildoza y Luca Vildoza.<\/div>\n<\/div>\n<div class=\"x11i5rnm xat24cr x1mh8g0r x1vvkbs xtlvy1s x126k92a\">\n<div dir=\"auto\"><\/div>\n<div dir=\"auto\">Los tres mejores equipos de los grupos A, B y D, junto a los dos mejores del grupo C y el pa\u00eds anfitri\u00f3n se clasificar\u00e1n al torneo. La AmeriCup 2025 se disputar\u00e1 del 23 al 31 de agosto en Managua, Nicaragua<\/div>\n<\/div>\n<div dir=\"auto\"><\/div>\n<div dir=\"auto\">fuente: Deportes Exaltaci\u00f3n<\/div>\n","protected":false},"excerpt":{"rendered":"<p>OTRO IMPORTANTE LOGRO DEL JUGADOR CAPILLENSE, QUIEN JUEGA EN ESPA\u00d1A.<\/p>\n","protected":false},"author":3,"featured_media":28459,"comment_status":"open","ping_status":"open","sticky":false,"template":"","format":"standard","meta":{"footnotes":"","jetpack_publicize_message":"","jetpack_publicize_feature_enabled":true,"jetpack_social_post_already_shared":true,"jetpack_social_options":{"image_generator_settings":{"template":"highway","default_image_id":0,"font":"","enabled":false},"version":2}},"categories":[9],"tags":[3055,101,3054],"class_list":["post-28458","post","type-post","status-publish","format-standard","has-post-thumbnail","hentry","category-deportes","tag-basquer","tag-bocca","tag-preseleccionado"],"jetpack_publicize_connections":[],"jetpack_featured_media_url":"https:\/\/revistaepocadigital.com.ar\/wp-content\/uploads\/2025\/02\/bocca-j-uan.jpg","jetpack_likes_enabled":true,"_links":{"self":[{"href":"https:\/\/revistaepocadigital.com.ar\/index.php?rest_route=\/wp\/v2\/posts\/28458","targetHints":{"allow":["GET"]}}],"collection":[{"href":"https:\/\/revistaepocadigital.com.ar\/index.php?rest_route=\/wp\/v2\/posts"}],"about":[{"href":"https:\/\/revistaepocadigital.com.ar\/index.php?rest_route=\/wp\/v2\/types\/post"}],"author":[{"embeddable":true,"href":"https:\/\/revistaepocadigital.com.ar\/index.php?rest_route=\/wp\/v2\/users\/3"}],"replies":[{"embeddable":true,"href":"https:\/\/revistaepocadigital.com.ar\/index.php?rest_route=%2Fwp%2Fv2%2Fcomments&post=28458"}],"version-history":[{"count":0,"href":"https:\/\/revistaepocadigital.com.ar\/index.php?rest_route=\/wp\/v2\/posts\/28458\/revisions"}],"wp:featuredmedia":[{"embeddable":true,"href":"https:\/\/revistaepocadigital.com.ar\/index.php?rest_route=\/wp\/v2\/media\/28459"}],"wp:attachment":[{"href":"https:\/\/revistaepocadigital.com.ar\/index.php?rest_route=%2Fwp%2Fv2%2Fmedia&parent=28458"}],"wp:term":[{"taxonomy":"category","embeddable":true,"href":"https:\/\/revistaepocadigital.com.ar\/index.php?rest_route=%2Fwp%2Fv2%2Fcategories&post=28458"},{"taxonomy":"post_tag","embeddable":true,"href":"https:\/\/revistaepocadigital.com.ar\/index.php?rest_route=%2Fwp%2Fv2%2Ftags&post=28458"}],"curies":[{"name":"wp","href":"https:\/\/api.w.org\/{rel}","templated":true}]}}