{"id":28466,"date":"2025-02-12T11:27:21","date_gmt":"2025-02-12T14:27:21","guid":{"rendered":"https:\/\/revistaepocadigital.com.ar\/?p=28466"},"modified":"2025-02-12T11:42:04","modified_gmt":"2025-02-12T14:42:04","slug":"franco-buchanan-a-la-copa-del-mundo-de-ciclismo-en-turquia","status":"publish","type":"post","link":"https:\/\/revistaepocadigital.com.ar\/?p=28466","title":{"rendered":"FRANCO BUCHANAN, A LA COPA DEL MUNDO DE  CICLISMO EN TURQU\u00cdA"},"content":{"rendered":"<div class=\"xdj266r x11i5rnm xat24cr x1mh8g0r x1vvkbs x126k92a\">\n<div dir=\"auto\"><strong>EL CICLISTA CAPILLENSE EN LAS GRANDES LIGAS. INTEGRA LA SELECCI\u00d3N\u00a0 ARGENTINA.<\/strong><\/div>\n<\/div>\n<p><!--more--><\/p>\n<div dir=\"auto\"><\/div>\n<div dir=\"auto\">Su convocatoria a la Selecci\u00f3n Argentina de Ciclismo en pista, que competir\u00e1 en la Copa del Mundo de Ciclismo de pista en Turqu\u00eda, ratifica el potencial y el nivel alcanzado por <strong>Franco Buchanan<\/strong>. Fruto de su indiscutida capacidad, convicciones y gran esfuerzo f\u00edsico y personal, el capillense contin\u00faa avanzando midi\u00e9ndose con los mejorres.<\/div>\n<div dir=\"auto\"><img loading=\"lazy\" decoding=\"async\" class=\"alignleft size-full wp-image-28476\" src=\"https:\/\/revistaepocadigital.com.ar\/wp-content\/uploads\/2025\/02\/bucha1.jpg\" alt=\"\" width=\"405\" height=\"468\" srcset=\"https:\/\/revistaepocadigital.com.ar\/wp-content\/uploads\/2025\/02\/bucha1.jpg 405w, https:\/\/revistaepocadigital.com.ar\/wp-content\/uploads\/2025\/02\/bucha1-260x300.jpg 260w, https:\/\/revistaepocadigital.com.ar\/wp-content\/uploads\/2025\/02\/bucha1-363x420.jpg 363w\" sizes=\"auto, (max-width: 405px) 100vw, 405px\" \/><\/div>\n<div dir=\"auto\"><\/div>\n<div dir=\"auto\"><\/div>\n<div dir=\"auto\"><\/div>\n<div dir=\"auto\">Junto a Franco, formar\u00e1n la Selecci\u00f3n Argentina: Agust\u00edn Ferrari, Mateo Marasas, Marcos M\u00e9ndez, Rub\u00e9n Gabriel Ramos, Juan B. Rodr\u00edguez y Lucas Vilar. La Copa de Mundo se realizar\u00e1 en Turqu\u00eda del 10 al 17 de marzo.<\/div>\n<div dir=\"auto\"><\/div>\n<div dir=\"auto\">Buchanan ha venido realizando una intensa preparaci\u00f3n f\u00edsica y cicl\u00edstica en Uruguay, apuntando a la Copa del Mundo y a sus compromisos a afrontar en 2025.<\/div>\n<div dir=\"auto\">\n<figure id=\"attachment_28470\" aria-describedby=\"caption-attachment-28470\" style=\"width: 300px\" class=\"wp-caption aligncenter\"><img loading=\"lazy\" decoding=\"async\" class=\"size-medium wp-image-28470\" src=\"https:\/\/revistaepocadigital.com.ar\/wp-content\/uploads\/2025\/02\/BUCHAA-300x300.jpg\" alt=\"\" width=\"300\" height=\"300\" srcset=\"https:\/\/revistaepocadigital.com.ar\/wp-content\/uploads\/2025\/02\/BUCHAA-300x300.jpg 300w, https:\/\/revistaepocadigital.com.ar\/wp-content\/uploads\/2025\/02\/BUCHAA-150x150.jpg 150w, https:\/\/revistaepocadigital.com.ar\/wp-content\/uploads\/2025\/02\/BUCHAA-768x767.jpg 768w, https:\/\/revistaepocadigital.com.ar\/wp-content\/uploads\/2025\/02\/BUCHAA-696x695.jpg 696w, https:\/\/revistaepocadigital.com.ar\/wp-content\/uploads\/2025\/02\/BUCHAA-1068x1066.jpg 1068w, https:\/\/revistaepocadigital.com.ar\/wp-content\/uploads\/2025\/02\/BUCHAA-421x420.jpg 421w, https:\/\/revistaepocadigital.com.ar\/wp-content\/uploads\/2025\/02\/BUCHAA-842x840.jpg 842w, https:\/\/revistaepocadigital.com.ar\/wp-content\/uploads\/2025\/02\/BUCHAA.jpg 1080w\" sizes=\"auto, (max-width: 300px) 100vw, 300px\" \/><figcaption id=\"caption-attachment-28470\" class=\"wp-caption-text\">Franco, va por m\u00e1s logros<\/figcaption><\/figure>\n<\/div>\n<div dir=\"auto\">&#8220;Estuve concentrado concentrando con el equipo Alas Rojas con objetivo puesto en la competencica las Rutas de America (carrera de 7 etapas que se realiza del 3 al 9 de Marzo), el primer gran objetivo que me he planteado. Luego ya el 10 de marzo partir a Paraguay, donde voy a estar 20 dias con la Seleccion Argentina de pista con vista a los Panamericanos con el objetivo de clasificar al Mundial en el mes de noviembre en la ciudad de Santiago, Chile. Lo m\u00e1s inmediato es poder lograr la victoria en la Rutas de Am\u00e9rica, carrera donde he ganado etapas; mi deseo adem\u00e1s es devolverle al equipo la confianza que depositaron en m\u00ed a principios de temporada. Y luego todo lo que va a venir!&#8221;, le dijo optimista y confiado Buchanan a EPOCA.<\/div>\n<div dir=\"auto\"><\/div>\n<div dir=\"auto\">Su actitud esta sobredamente fundamentada.<\/div>\n","protected":false},"excerpt":{"rendered":"<p>EL CICLISTA CAPILLENSE EN LAS GRANDES LIGAS. INTEGRA LA SELECCI\u00d3N\u00a0 ARGENTINA.<\/p>\n","protected":false},"author":4,"featured_media":28479,"comment_status":"open","ping_status":"open","sticky":false,"template":"","format":"standard","meta":{"footnotes":"","jetpack_publicize_message":"","jetpack_publicize_feature_enabled":true,"jetpack_social_post_already_shared":true,"jetpack_social_options":{"image_generator_settings":{"template":"highway","default_image_id":0,"font":"","enabled":false},"version":2}},"categories":[15],"tags":[2941,3056,37],"class_list":["post-28466","post","type-post","status-publish","format-standard","has-post-thumbnail","hentry","category-lo-que-tenes-que-saber","tag-buchanan","tag-copa-mundo","tag-destacada"],"jetpack_publicize_connections":[],"jetpack_featured_media_url":"https:\/\/revistaepocadigital.com.ar\/wp-content\/uploads\/2025\/02\/bucha-0.jpg","jetpack_likes_enabled":true,"_links":{"self":[{"href":"https:\/\/revistaepocadigital.com.ar\/index.php?rest_route=\/wp\/v2\/posts\/28466","targetHints":{"allow":["GET"]}}],"collection":[{"href":"https:\/\/revistaepocadigital.com.ar\/index.php?rest_route=\/wp\/v2\/posts"}],"about":[{"href":"https:\/\/revistaepocadigital.com.ar\/index.php?rest_route=\/wp\/v2\/types\/post"}],"author":[{"embeddable":true,"href":"https:\/\/revistaepocadigital.com.ar\/index.php?rest_route=\/wp\/v2\/users\/4"}],"replies":[{"embeddable":true,"href":"https:\/\/revistaepocadigital.com.ar\/index.php?rest_route=%2Fwp%2Fv2%2Fcomments&post=28466"}],"version-history":[{"count":0,"href":"https:\/\/revistaepocadigital.com.ar\/index.php?rest_route=\/wp\/v2\/posts\/28466\/revisions"}],"wp:featuredmedia":[{"embeddable":true,"href":"https:\/\/revistaepocadigital.com.ar\/index.php?rest_route=\/wp\/v2\/media\/28479"}],"wp:attachment":[{"href":"https:\/\/revistaepocadigital.com.ar\/index.php?rest_route=%2Fwp%2Fv2%2Fmedia&parent=28466"}],"wp:term":[{"taxonomy":"category","embeddable":true,"href":"https:\/\/revistaepocadigital.com.ar\/index.php?rest_route=%2Fwp%2Fv2%2Fcategories&post=28466"},{"taxonomy":"post_tag","embeddable":true,"href":"https:\/\/revistaepocadigital.com.ar\/index.php?rest_route=%2Fwp%2Fv2%2Ftags&post=28466"}],"curies":[{"name":"wp","href":"https:\/\/api.w.org\/{rel}","templated":true}]}}