{"id":28480,"date":"2025-02-14T00:57:25","date_gmt":"2025-02-14T03:57:25","guid":{"rendered":"https:\/\/revistaepocadigital.com.ar\/?p=28480"},"modified":"2025-02-14T00:59:42","modified_gmt":"2025-02-14T03:59:42","slug":"jubilaciones-pensiones-y-auh-cuanto-aumentan-en-marzo-proximo","status":"publish","type":"post","link":"https:\/\/revistaepocadigital.com.ar\/?p=28480","title":{"rendered":"Jubilaciones, pensiones y AUH: cu\u00e1nto aumentan en marzo pr\u00f3ximo"},"content":{"rendered":"<div class=\"article__header max-width-md\">\n<h5 class=\"article__title\"><strong>Se defini\u00f3.<\/strong><\/h5>\n<h5 class=\"article__title\">A partir de la publicaci\u00f3n del dato de inflaci\u00f3n correspondiente a enero, qued\u00f3 confirmado el porcentaje de ajuste que experimentan los haberes jubilatorios y dem\u00e1s planes de ANSES.<\/h5>\n<\/div>\n<div class=\"col-fluid col-fluid-max col-fluid--clip\">\n<div class=\"article__media\">\n<figure id=\"js-main-image\" class=\"article__image pointer\"><picture class=\"cls-optimized\"><source srcset=\"https:\/\/fotos.perfil.com\/2025\/01\/04\/trim\/570\/321\/jubilados-1942221.jpg?webp\" type=\"image\/webp\" media=\"(max-width: 570px)\" \/><source srcset=\"https:\/\/fotos.perfil.com\/2025\/01\/04\/trim\/987\/555\/jubilados-1942221.jpg?webp\" type=\"image\/webp\" \/><source srcset=\"https:\/\/fotos.perfil.com\/2025\/01\/04\/trim\/570\/321\/jubilados-1942221.jpg\" media=\"(max-width: 570px)\" \/><img loading=\"lazy\" decoding=\"async\" class=\"img-fluid\" src=\"https:\/\/fotos.perfil.com\/2025\/01\/04\/trim\/987\/555\/jubilados-1942221.jpg\" alt=\"Jubilados\" width=\"300\" height=\"180\" \/><\/picture><figcaption class=\"article__image-caption\"><span class=\"credito-foto\">\u00a0|Foto\u00a0 T\u00e9lam<\/span><\/figcaption><\/figure>\n<\/div>\n<div class=\"article__main max-width-md\">\n<div class=\"article__share\"><\/div>\n<div class=\"article__wrapper\">\n<div class=\"article__author-date\"><\/div>\n<div id=\"article-content\" class=\"article__content standard\">\n<p>Mientras avanza el cronograma de pagos de la\u00a0<a href=\"https:\/\/www.perfil.com\/noticias\/economia\/anses-paga-jubilaciones-pensiones-y-asignaciones-quienes-cobran-hoy-13-de-febrero-de-2025.phtml\" target=\"_blank\" rel=\"noopener\"><strong>Administraci\u00f3n Nacional de la Seguridad Social (ANSES)<\/strong><\/a>\u00a0correspondiente a febrero, se confirm\u00f3 de\u00a0<strong>cu\u00e1nto ser\u00e1 el incremento de las jubilaciones, pensiones y programas sociales a lo largo de marzo de 2025<\/strong>.<\/p>\n<p>El ajuste mensual se realiza en base a los datos de inflaci\u00f3n que publica el Instituto Nacional de Estad\u00edstica y Censos (INDEC). Con la publicaci\u00f3n de las mediciones correspondientes al mes anterior, qued\u00f3\u00a0<strong>definida una actualizaci\u00f3n de 2,2%<\/strong>.<\/p>\n<h2>Aumentos<\/h2>\n<p>A partir de abril de 2024, los aumentos en los haberes se determinan tomando como base la \u00faltima actualizaci\u00f3n disponible del\u00a0<a href=\"https:\/\/www.perfil.com\/noticias\/economia\/la-inflacion-de-enero-fue-el-numero-mas-bajo-en-la-era-milei.phtml\" target=\"_blank\" rel=\"noopener\">\u00cdndice de Precios al Consumidor (IPC)<\/a>. As\u00ed, en marzo de 2025, se aplicar\u00e1 el ajuste correspondiente al IPC de enero.<\/p>\n<p>Con esta cifra, la\u00a0<strong>jubilaci\u00f3n m\u00ednima pasar\u00eda de los actuales $273.086,50 a $279.094,40<\/strong>. Si se mantiene el bono de $70.000, el total ascender\u00eda a<strong>\u00a0$349.094,40<\/strong>. Lo mismo suceder\u00e1 con las\u00a0<strong>Pensiones No Contributivas a Madres de siete hijos<\/strong>, quienes percibir\u00e1n igual monto.<\/p>\n<p>Por otro lado, la\u00a0<strong>Pensi\u00f3n Universal para el Adulto Mayor (PUAM) llegar\u00e1 a $223.275,52<\/strong>, mientras que la\u00a0<strong>Prestaci\u00f3n por Invalidez Laboral se elevar\u00e1 a $195.366<\/strong>. Con la incorporaci\u00f3n del bono, alcanzar\u00e1n los valores de $293.275,52 y $265.366, respectivamente.<\/p>\n<p>A la par, quienes reciben la\u00a0<strong>Asignaci\u00f3n Universal por Hijo (AUH) ver\u00e1n un incremento, alcanzando los $100.286,81<\/strong>\u00a0el mes que viene. Los beneficiarios de la Asignaci\u00f3n Universal por Hijo con Discapacidad, por su parte, cobrar\u00e1n $326.554,55. Estos montos corresponden al total por cada hijo, reflejando el 100% del valor de la AUH.<\/p>\n<picture><source srcset=\"https:\/\/fotos.perfil.com\/\/2025\/02\/13\/440\/0\/indice-de-precios-al-consumidor-1966827.jpg?webp\" media=\"(max-width: 440px)\" \/><source srcset=\"https:\/\/fotos.perfil.com\/\/2025\/02\/13\/712\/0\/indice-de-precios-al-consumidor-1966827.jpg?webp\" media=\"(max-width: 1019px)\" \/><img decoding=\"async\" src=\"https:\/\/fotos.perfil.com\/\/2025\/02\/13\/900\/0\/indice-de-precios-al-consumidor-1966827.jpg?webp\" alt=\"\u00cdndice de precios al consumidor\" \/><\/picture>\n<h2>Cu\u00e1nto van a cobrar jubilados y pensionados en marzo<\/h2>\n<ul>\n<li>Jubilaci\u00f3n m\u00ednima sin bono: $279.094,40<\/li>\n<li>Jubilaci\u00f3n m\u00ednima con bono: $349.094,40<\/li>\n<li>Pensiones No Contributivas a Madres de 7 hijos sin bono: $279.094,40<\/li>\n<li>Pensiones No Contributivas a Madres de 7 hijos con bono: $349.094,40<\/li>\n<li>Pensi\u00f3n Universal para el Adulto Mayor (PUAM) sin bono: $223.275,52<\/li>\n<li>Pensi\u00f3n Universal para el Adulto Mayor (PUAM) con bono: $293.275,52<\/li>\n<li>Asignaci\u00f3n Universal por Hijo (AUH): $100.286,81<\/li>\n<li>Asignaci\u00f3n Universal por Hijo con Discapacidad: $326.554,55<\/li>\n<\/ul>\n<h2>Inflaci\u00f3n de enero, la m\u00e1s baja desde julio de 2020<\/h2>\n<p>La<strong>\u00a0<a href=\"https:\/\/www.perfil.com\/noticias\/economia\/los-salarios-aumentaron-1455-en-2024-y-le-ganaron-a-la-inflacion.phtml\" target=\"_blank\" rel=\"noopener\">inflaci\u00f3n<\/a>\u00a0experiment\u00f3 un incremento de 2,2% en enero<\/strong>. Se trata del\u00a0<strong>dato m\u00e1s bajo desde julio de 2020<\/strong>, cuando el pa\u00eds se encontraba en plena pandemia de coronavirus. Asimismo, la din\u00e1mica de los precios se acrecent\u00f3\u00a0<strong>84,5%<\/strong>\u00a0durante el \u00faltimo a\u00f1o.<\/p>\n<p>Seg\u00fan el informe del INDEC, la divisi\u00f3n que m\u00e1s aument\u00f3 el mes pasado fue\u00a0<strong>Restaurantes y hoteles (5,3%)<\/strong>, por subas estacionales en el servicio de hoteler\u00eda, seguida de\u00a0<strong>Vivienda, agua, electricidad, gas y otros combustibles (4,%)<\/strong>, por alzas en Alquiler de la vivienda y gastos conexos; y Electricidad, gas y otros combustibles.<\/p>\n<p>El rubro con mayor incidencia en NEA, NOA, Pampeana y Patagonia fue\u00a0<strong>Alimentos y bebidas no alcoh\u00f3licas (1,8%)\u00a0<\/strong>con aumentos en Carnes y derivados; Pan y cereales; y Leche, productos l\u00e1cteos y huevos. En Cuyo y GBA, la mayor incidencia se registr\u00f3 en Restaurantes y hoteles (5,3%).<\/p>\n<p>&#8220;Las dos divisiones que registraron las menores variaciones en enero de 2025 fueron\u00a0<strong>Educaci\u00f3n (0,5%) y Prendas de vestir y calzado (-0,7%)<\/strong>. A nivel de las categor\u00edas, los Regulados (2,6%) lideraron el incremento, seguidos del IPC n\u00facleo (2,4%), mientras que los Estacionales aumentaron 0,6%&#8221;, expresaron desde el organismo estad\u00edstico.<\/p>\n<div class=\"pw-box\">\n<div class=\"pw-box__title\">nota publicada en Perfil.com<\/div>\n<\/div>\n<\/div>\n<\/div>\n<\/div>\n<\/div>\n","protected":false},"excerpt":{"rendered":"<p>Se defini\u00f3. A partir de la publicaci\u00f3n del dato de inflaci\u00f3n correspondiente a enero, qued\u00f3 confirmado el porcentaje de ajuste que experimentan los haberes jubilatorios y dem\u00e1s planes de ANSES. \u00a0|Foto\u00a0 T\u00e9lam Mientras avanza el cronograma de pagos de la\u00a0Administraci\u00f3n Nacional de la Seguridad Social (ANSES)\u00a0correspondiente a febrero, se confirm\u00f3 de\u00a0cu\u00e1nto ser\u00e1 el incremento de [&hellip;]<\/p>\n","protected":false},"author":3,"featured_media":28481,"comment_status":"open","ping_status":"open","sticky":false,"template":"","format":"standard","meta":{"footnotes":"","jetpack_publicize_message":"","jetpack_publicize_feature_enabled":true,"jetpack_social_post_already_shared":true,"jetpack_social_options":{"image_generator_settings":{"template":"highway","default_image_id":0,"font":"","enabled":false},"version":2}},"categories":[17],"tags":[3057,207],"class_list":["post-28480","post","type-post","status-publish","format-standard","has-post-thumbnail","hentry","category-politica","tag-cobros-marzo-2025","tag-jubilados"],"jetpack_publicize_connections":[],"jetpack_featured_media_url":"https:\/\/revistaepocadigital.com.ar\/wp-content\/uploads\/2025\/02\/jubilados-1942221-1.webp","jetpack_likes_enabled":true,"_links":{"self":[{"href":"https:\/\/revistaepocadigital.com.ar\/index.php?rest_route=\/wp\/v2\/posts\/28480","targetHints":{"allow":["GET"]}}],"collection":[{"href":"https:\/\/revistaepocadigital.com.ar\/index.php?rest_route=\/wp\/v2\/posts"}],"about":[{"href":"https:\/\/revistaepocadigital.com.ar\/index.php?rest_route=\/wp\/v2\/types\/post"}],"author":[{"embeddable":true,"href":"https:\/\/revistaepocadigital.com.ar\/index.php?rest_route=\/wp\/v2\/users\/3"}],"replies":[{"embeddable":true,"href":"https:\/\/revistaepocadigital.com.ar\/index.php?rest_route=%2Fwp%2Fv2%2Fcomments&post=28480"}],"version-history":[{"count":0,"href":"https:\/\/revistaepocadigital.com.ar\/index.php?rest_route=\/wp\/v2\/posts\/28480\/revisions"}],"wp:featuredmedia":[{"embeddable":true,"href":"https:\/\/revistaepocadigital.com.ar\/index.php?rest_route=\/wp\/v2\/media\/28481"}],"wp:attachment":[{"href":"https:\/\/revistaepocadigital.com.ar\/index.php?rest_route=%2Fwp%2Fv2%2Fmedia&parent=28480"}],"wp:term":[{"taxonomy":"category","embeddable":true,"href":"https:\/\/revistaepocadigital.com.ar\/index.php?rest_route=%2Fwp%2Fv2%2Fcategories&post=28480"},{"taxonomy":"post_tag","embeddable":true,"href":"https:\/\/revistaepocadigital.com.ar\/index.php?rest_route=%2Fwp%2Fv2%2Ftags&post=28480"}],"curies":[{"name":"wp","href":"https:\/\/api.w.org\/{rel}","templated":true}]}}