{"id":28492,"date":"2025-02-16T22:57:22","date_gmt":"2025-02-17T01:57:22","guid":{"rendered":"https:\/\/revistaepocadigital.com.ar\/?p=28492"},"modified":"2025-02-16T22:58:07","modified_gmt":"2025-02-17T01:58:07","slug":"libra-viva-la-libertad-project-y-milei-la-cronica-de-la-polemica-y-lo-que-viene","status":"publish","type":"post","link":"https:\/\/revistaepocadigital.com.ar\/?p=28492","title":{"rendered":"$LIBRA, Viva La Libertad Project y Milei: la gran pol\u00e9mica"},"content":{"rendered":"<div id=\"page\" class=\"row politica\">\n<article id=\"noticia\" class=\"article container\">\n<div class=\"article__header max-width-md\">\n<h5 class=\"article__headline\"><strong>Un mensaje del presidente Javier Milei borrado cinco horas despu\u00e9s promocion\u00f3 una criptomoneda que fue r\u00e1pidamente se\u00f1alada por economistas como una posible estafa.<!--more--><\/strong><\/h5>\n<h2><\/h2>\n<h5 class=\"article__headline\">La Presidencia inform\u00f3 de la creaci\u00f3n una Unidad de Tareas de Investigaci\u00f3n (UTI) bajo la \u00f3rbita presidencial para investigar el lanzamiento de la criptomoneda $LIBRA y las empresas involucradas y la oposici\u00f3n avanzar\u00e1 en el pedido de un juicio pol\u00edtico contra el presidente. Nota en Perfil.com<\/h5>\n<\/div>\n<div class=\"col-fluid col-fluid-max col-fluid--clip\">\n<div class=\"article__media\">\n<figure id=\"js-main-image\" class=\"article__image pointer\"><picture class=\"cls-optimized\"><source srcset=\"https:\/\/fotos.perfil.com\/2025\/02\/16\/trim\/570\/321\/viva-la-libertad-project-1968309.jpg?webp\" type=\"image\/webp\" media=\"(max-width: 570px)\" \/><source srcset=\"https:\/\/fotos.perfil.com\/2025\/02\/16\/trim\/987\/555\/viva-la-libertad-project-1968309.jpg?webp\" type=\"image\/webp\" \/><source srcset=\"https:\/\/fotos.perfil.com\/2025\/02\/16\/trim\/570\/321\/viva-la-libertad-project-1968309.jpg\" media=\"(max-width: 570px)\" \/><img loading=\"lazy\" decoding=\"async\" class=\"img-fluid\" src=\"https:\/\/fotos.perfil.com\/2025\/02\/16\/trim\/987\/555\/viva-la-libertad-project-1968309.jpg\" alt=\"Viva la Libertad Project\" width=\"300\" height=\"180\" \/><\/picture><figcaption class=\"article__image-caption\">Viva la Libertad Project<span class=\"credito-foto\">\u00a0| Viva la Libertad Project<\/span><\/figcaption><\/figure>\n<\/div>\n<div class=\"article__main max-width-md\">\n<div class=\"article__share\"><\/div>\n<div class=\"article__wrapper\">\n<div class=\"article__author-date\"><\/div>\n<div id=\"article-content\" class=\"article__content standard\">\n<p>El gobierno nacional anunci\u00f3 la noche del s\u00e1bado una &#8220;investigaci\u00f3n urgente&#8221; sobre el\u00a0<a href=\"https:\/\/www.perfil.com\/noticias\/columnistas\/evento-libra-a-la-espera-del-principal-factor-que-puede-perjudicar-a-milei-por-carlos-burgueno.phtml\" target=\"_blank\" rel=\"noopener\"><strong>lanzamiento de una criptomoneda promovida por el presidente Javier Milei<\/strong><\/a> en redes sociales el viernes 14 de febrero, que se vino abajo horas despu\u00e9s de una publicaci\u00f3n en redes del ultraliberal entre acusaciones de estafa y llamados a un <em>&#8220;juicio pol\u00edtico&#8221;.<\/em><\/p>\n<h2>El g\u00e9nesis del esc\u00e1ndalo de $LIBRA, Viva La Libertad Project y Javier Milei<\/h2>\n<p>Milei hab\u00eda publicado en X un mensaje, fijado en su perfil durante m\u00e1s de cinco horas, con un link a una iniciativa bautizada<strong>\u00a0&#8220;Viva La Libertad Project&#8221;, que emulaba su eslogan &#8220;viva la libertad, carajo&#8221;.<\/strong><\/p>\n<p><em>&#8220;El mundo quiere invertir en Argentina. $LIBRA&#8221;,<\/em>\u00a0dec\u00eda el mensaje del mandatario publicado el viernes, con el nombre del token, una unidad de valor digital basado en la tecnolog\u00eda blockchain que no tiene respaldo en dinero real.<\/p>\n<div class=\"subscription\">\n<div class=\"subscription__title\">Esto no les gusta a los autoritarios<\/div>\n<div class=\"subscription__container\">\n<div class=\"subscription__text-wrapper\">\n<div class=\"subscription__main-text\">El ejercicio del periodismo profesional y cr\u00edtico es un pilar fundamental de la democracia. Por eso molesta a quienes creen ser los due\u00f1os de la verdad.<\/div>\n<div class=\"subscription__cta-wrapper\">Hoy m\u00e1s que nunca<a id=\"pw-btn-register\" class=\"pw-modal__button\" href=\"https:\/\/mi.perfil.com\/\" type=\"button\">Suscribite<\/a><\/div>\n<\/div>\n<\/div>\n<div class=\"subscription__footer\">\n<div class=\"subscription__logo\"><\/div>\n<\/div>\n<div class=\"subscription__media\"><\/div>\n<\/div>\n<p class=\"destacadoNota\"><a href=\"https:\/\/www.perfil.com\/noticias\/politica\/escandalo-libra-el-pro-exigio-una-investigacion-rigurosa-y-transparente-y-cuestiono-al-kirchnerismo-por-la-utilizacion-oportunista.phtml\" target=\"_blank\" rel=\"noopener\">Caso $LIBRA: el PRO no apoya un juicio pol\u00edtico contra Milei y cuestion\u00f3 al kirchnerismo por la &#8220;utilizaci\u00f3n oportunista&#8221;<\/a><\/p>\n<p>La criptomoneda $LIBRA se trataba de &#8220;un proyecto privado&#8221; que iba a dedicarse a &#8220;incentivar el crecimiento de la econom\u00eda argentina, fondeando (financiando) peque\u00f1as empresas y emprendimientos argentinos&#8221;.<\/p>\n<p>Pero r\u00e1pidamente, economistas y especialistas del universo cripto de Argentina, adem\u00e1s de referentes del arco pol\u00edtico opositor, criticaron a Milei y se\u00f1alaron que ese activo digital pod\u00eda ser una estafa o esquema Ponzi<strong>.<\/strong><\/p>\n<div>\n<figure class=\"image pointer\" data-order=\"1\"><picture><source srcset=\"https:\/\/fotos.perfil.com\/\/2025\/02\/15\/440\/0\/milei-estafa-cripto-1967759.png?webp\" media=\"(max-width: 440px)\" \/><source srcset=\"https:\/\/fotos.perfil.com\/\/2025\/02\/15\/712\/0\/milei-estafa-cripto-1967759.png?webp\" media=\"(max-width: 1019px)\" \/><img decoding=\"async\" src=\"https:\/\/fotos.perfil.com\/\/2025\/02\/15\/900\/0\/milei-estafa-cripto-1967759.png\" alt=\"Milei estafa cripto\" \/><\/picture><figcaption>Milei public\u00f3 en X un mensaje, fijado en su perfil durante m\u00e1s de cinco horas, con un link a una iniciativa bautizada &#8220;Viva La Libertad Project&#8221;<\/figcaption><\/figure>\n<\/div>\n<p>Seg\u00fan la web oficial de Viva La Libertad Project, el token $LIBRA promet\u00eda financiar proyectos locales a trav\u00e9s de un formulario de registro online. Sin embargo, no especificaba criterios de selecci\u00f3n ni detalles t\u00e9cnicos sobre la distribuci\u00f3n de los fondos, lo que despert\u00f3 dudas.<\/p>\n<p><strong>$LIBRA es en realidad una moneda meme o &#8220;meme coin&#8221;<\/strong>, t\u00e9rmino que hace referencia a una criptomoneda creada como una broma por entretenimiento o tendencias de Internet, y se caracteriza por carecer de respaldo en la econom\u00eda real.<\/p>\n<p>El presidente borr\u00f3 horas despu\u00e9s el mensaje que promov\u00eda la criptomoneda. &#8220;No estaba interiorizado de los pormenores del proyecto y luego de haberme interiorizado decid\u00ed no seguir d\u00e1ndole difusi\u00f3n&#8221;, explic\u00f3 Milei el s\u00e1bado pasada la medianoche en X.<\/p>\n<p>Seg\u00fan la revista\u00a0<em>The Kobeissi Letter<\/em>, especializada en el mercado de capitales, cerca de un 80% del activo $LIBRA estaba en manos de muy pocos tenedores antes del apoyo de Milei.<\/p>\n<p>Tras el mensaje del presidente creci\u00f3 exponencialmente su valor, desde d\u00e9cimas hasta un pico de 4,978 d\u00f3lares; los tenedores originales comenzaron a vender con una ganancia de millones, pero el valor del activo luego se derrumb\u00f3.<\/p>\n<p class=\"destacadoNota\"><a href=\"https:\/\/www.perfil.com\/noticias\/politica\/se-presento-la-primera-denuncia-penal-contra-javier-milei-por-la-promocion-de-libra.phtml\" target=\"_blank\" rel=\"noopener\">Se present\u00f3 la primera denuncia penal contra Javier Milei por la promoci\u00f3n de $LIBRA<\/a><\/p>\n<p><strong>&#8220;Lo que pas\u00f3 es lo que en el mundo de los valores negociables se llama &#8216;rug pull'&#8221;<\/strong>, dijo Javier Smaldone, especialista inform\u00e1tico y reconocido influencer digital dedicado a denunciar estafas piramidales en declaraciones a la agencia AFP.<\/p>\n<p>&#8220;Se crea una criptomoneda, tambi\u00e9n se puede hacer con acciones, se le da una liquidez inicial como para que eso que se cre\u00f3 valga algo y despu\u00e9s se empieza una campa\u00f1a publicitaria de alg\u00fan tipo atrayendo a la gente&#8221;, explic\u00f3 Smaldone sobre el rol que pudo tener la promoci\u00f3n de Milei.<\/p>\n<div>\n<figure class=\"image pointer\" data-order=\"2\"><picture><source srcset=\"https:\/\/fotos.perfil.com\/\/2025\/02\/15\/440\/0\/milei-sobre-la-estafa-de-libra-1967800.png?webp\" media=\"(max-width: 440px)\" \/><source srcset=\"https:\/\/fotos.perfil.com\/\/2025\/02\/15\/712\/0\/milei-sobre-la-estafa-de-libra-1967800.png?webp\" media=\"(max-width: 1019px)\" \/><img decoding=\"async\" src=\"https:\/\/fotos.perfil.com\/\/2025\/02\/15\/900\/0\/milei-sobre-la-estafa-de-libra-1967800.png\" alt=\"Milei sobre la estafa de $Libra\" \/><\/picture><figcaption>El presidente borr\u00f3 horas despu\u00e9s el mensaje que promov\u00eda la criptomoneda.<\/figcaption><\/figure>\n<\/div>\n<p>El especialista detall\u00f3 que en la medida en que &#8220;la gente va comprando, el valor de ese activo m\u00e1s sube (&#8230;) hasta que en alg\u00fan momento los que manejan la liquidez retiran el dinero y la cosa se cae&#8221;.<\/p>\n<p>Seg\u00fan Smaldone,\u00a0<strong>toda la operaci\u00f3n dur\u00f3 &#8220;dos horas m\u00e1s o menos&#8221; y se movi\u00f3 un volumen aproximado de 4.400 millones de d\u00f3lares<\/strong>. &#8220;Lo que se encontr\u00f3 hasta ahora es que el dinero que se llevaron son unos 107 millones de d\u00f3lares&#8221;, detall\u00f3 respecto a lo estafado, y agreg\u00f3:\u00a0<em>&#8220;Posiblemente sea m\u00e1s&#8221;.<\/em><\/p>\n<p>En medio del esc\u00e1ndalo, el estadounidense Hayden Mark Davis, quien se autodenomin\u00f3 como &#8220;asesor de lanzamiento&#8221; del proyecto, asegur\u00f3 que Milei y &#8220;sus asociados hab\u00edan asegurado apoyo p\u00fablico&#8221;.<\/p>\n<p><strong>Davis se hab\u00eda reunido con el mandatario argentino el 30 de enero pasado en Casa Rosada<\/strong>. Antes, en octubre de 2024, Milei hab\u00eda conocido al otro eslab\u00f3n de la cadena: el fundador de la empresa KIP Protocol, Julian Peh, en el evento Tech Forum LATAM.<\/p>\n<div>\n<figure class=\"image pointer\" data-order=\"3\"><picture><source srcset=\"https:\/\/fotos.perfil.com\/\/2025\/02\/16\/440\/0\/viva-la-libertad-project-1968310.jpg?webp\" media=\"(max-width: 440px)\" \/><source srcset=\"https:\/\/fotos.perfil.com\/\/2025\/02\/16\/712\/0\/viva-la-libertad-project-1968310.jpg?webp\" media=\"(max-width: 1019px)\" \/><img decoding=\"async\" src=\"https:\/\/fotos.perfil.com\/\/2025\/02\/16\/900\/0\/viva-la-libertad-project-1968310.jpg?webp\" alt=\"Viva la Libertad Project\" \/><\/picture><figcaption>Captura del sitio web del Viva La Libertad Project.<\/figcaption><\/figure>\n<\/div>\n<p>Luego de la promoci\u00f3n de Milei y del derrumbe de $LIBRA, Peh apunt\u00f3 a Davis, que el s\u00e1bado narr\u00f3 su versi\u00f3n de los hechos.<\/p>\n<p>&#8220;Como asesor de lanzamiento del proyecto Libra Token, quiero aclarar aspectos clave del lanzamiento y abordar los desarrollos recientes sobre la participaci\u00f3n de Javier Milei y su posterior retiro de apoyo.\u00a0<strong>Javier Milei inicialmente respald\u00f3 y promovi\u00f3 activamente Libra Token en plataformas de redes sociales, incluidas X e Instagram<\/strong>&#8220;, resalt\u00f3 el norteamericano.<\/p>\n<p>&#8220;Sus asociados hab\u00edan asegurado su apoyo p\u00fablico en el lanzamiento y me garantizaron que su respaldo continuar\u00eda durante todo el proceso&#8221;, dijo.<\/p>\n<p class=\"destacadoNota\"><a href=\"https:\/\/www.perfil.com\/noticias\/politica\/empresario-del-mundo-cripto-dijo-que-personas-detras-de-libra-le-pidieron-dinero-para-reunirlo-con-milei.phtml\" target=\"_blank\" rel=\"noopener\">Empresario del mundo cripto dijo que personas detr\u00e1s de $LIBRA le pidieron dinero para reunirlo con Milei<\/a><\/p>\n<p>&#8220;Dado mi papel como asesor, mi principal responsabilidad era garantizar que el token tuviera suficiente volumen, liquidez y un fondo de reserva s\u00f3lido para respaldar su precio y ejecutar la visi\u00f3n del proyecto. Sin embargo, como asesor,\u00a0<strong>hubo muchos factores fuera de mi control<\/strong>&#8220;.<\/p>\n<p>&#8220;<em>A pesar de compromisos previos, Milei y su equipo revirtieron inesperadamente su posici\u00f3n, retirando su apoyo y eliminando todas las publicaciones en redes sociales que lo respaldaban. Esta decisi\u00f3n abrupta se tom\u00f3 sin previo aviso y contradijo directamente las garant\u00edas previas<\/em>&#8220;, resalt\u00f3 el trader en la cuenta @KelsierVentures.<\/p>\n<div>\n<figure class=\"image pointer\" data-order=\"4\"><picture><source srcset=\"https:\/\/fotos.perfil.com\/\/2025\/02\/16\/440\/0\/viva-la-libertad-project-1968308.jpg?webp\" media=\"(max-width: 440px)\" \/><source srcset=\"https:\/\/fotos.perfil.com\/\/2025\/02\/16\/712\/0\/viva-la-libertad-project-1968308.jpg?webp\" media=\"(max-width: 1019px)\" \/><img decoding=\"async\" src=\"https:\/\/fotos.perfil.com\/\/2025\/02\/16\/900\/0\/viva-la-libertad-project-1968308.jpg?webp\" alt=\"Viva la Libertad Project\" \/><\/picture><figcaption>Captura del sitio web del Viva La Libertad Project.<\/figcaption><\/figure>\n<\/div>\n<p>&#8220;Para mi sorpresa, Milei public\u00f3 posteriormente una declaraci\u00f3n indicando que su retiro se deb\u00eda a una supuesta mala conducta por parte de los patrocinadores del proyecto, calific\u00e1ndolos de estafadores. Rechazo categ\u00f3ricamente esta afirmaci\u00f3n y quiero enfatizar que\u00a0<strong>Julian Peh, fundador de KIP Network y principal patrocinador de Libra Token, es completamente inocente de cualquier acto indebido<\/strong>. Solo puedo asumir que los asociados de Milei intentaron desviar la culpa hacia Julian para protegerse de la rendici\u00f3n de cuentas&#8221;, enfatiz\u00f3.<\/p>\n<p>Davis asegur\u00f3 que &#8220;es crucial reconocer que las inversiones en memecoins se basan en la confianza y el respaldo p\u00fablico&#8221;.<\/p>\n<p>&#8220;Cuando Milei y su equipo eliminaron sus publicaciones,\u00a0<strong>los inversores que hab\u00edan comprado el token confiando en su respaldo se sintieron traicionados<\/strong>. Esto provoc\u00f3 una ola de ventas masivas, lo que exacerb\u00f3 a\u00fan m\u00e1s la situaci\u00f3n. La repentina p\u00e9rdida de confianza tuvo un impacto catastr\u00f3fico en la estabilidad del mercado del token&#8221;, explic\u00f3 en el mensaje.<\/p>\n<h2>El gobierno orden\u00f3 una &#8220;investigaci\u00f3n urgente&#8221; sobre la criptomoneda y los implicados<\/h2>\n<div>\n<figure class=\"image pointer\" data-order=\"5\"><picture><source srcset=\"https:\/\/fotos.perfil.com\/\/2025\/02\/16\/440\/0\/haayden-davis-en-su-reunion-con-milei-el-escandalo-cripto-suma-capitulos-minuto-a-minuto-1968114.jpg?webp\" media=\"(max-width: 440px)\" \/><source srcset=\"https:\/\/fotos.perfil.com\/\/2025\/02\/16\/712\/0\/haayden-davis-en-su-reunion-con-milei-el-escandalo-cripto-suma-capitulos-minuto-a-minuto-1968114.jpg?webp\" media=\"(max-width: 1019px)\" \/><img decoding=\"async\" src=\"https:\/\/fotos.perfil.com\/\/2025\/02\/16\/900\/0\/haayden-davis-en-su-reunion-con-milei-el-escandalo-cripto-suma-capitulos-minuto-a-minuto-1968114.jpg?webp\" alt=\"Haayden Davis, en su reuni\u00f3n con Milei: el esc\u00e1ndalo cripto suma cap\u00edtulos minuto a minuto.\" \/><\/picture><figcaption>Hayden Mark Davis con Javier Milei en la Casa Rosada<\/figcaption><\/figure>\n<\/div>\n<p>A medida que aumentaban las cr\u00edticas, la noche del s\u00e1bado la presidencia argentina inform\u00f3 que, &#8220;en virtud de los hechos&#8221;,\u00a0<strong>Milei &#8220;ha decidido darle intervenci\u00f3n de forma inmediata a la Oficina Anticorrupci\u00f3n (OA) para que determine si existi\u00f3 una conducta impropia<\/strong>\u00a0por parte de alg\u00fan miembro del gobierno nacional, incluido el propio presidente&#8221;.<\/p>\n<p>Anunci\u00f3 adem\u00e1s la creaci\u00f3n de una &#8220;Unidad de Tareas de Investigaci\u00f3n&#8221; en la \u00f3rbita del presidente encargada &#8220;<em>de iniciar una investigaci\u00f3n urgente respecto del lanzamiento de la criptomoneda $LIBRA y todas las empresas o personas implicadas en dicha operaci\u00f3n<\/em>&#8220;, a\u00f1adi\u00f3 la presidencia en un comunicado en X.<\/p>\n<p class=\"destacadoNota\"><a href=\"https:\/\/www.perfil.com\/noticias\/actualidad\/eramos-pocos-y-llego-hayden-davis-no-soy-estafador-y-milei-provoco-la-caida-al-retirar-su-apoyo-a-libra.phtml\" target=\"_blank\" rel=\"noopener\">Hayden Davis: &#8220;No soy estafador, Milei retir\u00f3 su apoyo a $Libra y los inversores se sintieron traicionados&#8221;<\/a><\/p>\n<p>A lo largo del s\u00e1bado (15-2) comenzaron a aparecer en redes sociales diferentes presuntas v\u00edctimas de la maniobra, como el trader y streamer estadounidense Threadguy, con cientos de miles de seguidores en sus plataformas, que asegur\u00f3 haber perdido &#8220;250.000 (d\u00f3lares) en esta moneda&#8221;.<\/p>\n<p>Figuras de la oposici\u00f3n denunciaron la movida, entre ellas la expresidenta Cristina Kirchner, que\u00a0<strong>en su cuenta de X trat\u00f3 a Milei de &#8220;crypto estafador&#8221; y dijo que oper\u00f3 &#8220;como gancho de una estafa digital&#8221;.<\/strong><\/p>\n<h2>La reacci\u00f3n de la oposici\u00f3n y el posible pedido de juicio pol\u00edtico contra Milei<\/h2>\n<picture><source srcset=\"https:\/\/fotos.perfil.com\/\/2025\/02\/16\/440\/0\/tuit-pro-libra-1968265.jpeg?webp\" media=\"(max-width: 440px)\" \/><source srcset=\"https:\/\/fotos.perfil.com\/\/2025\/02\/16\/712\/0\/tuit-pro-libra-1968265.jpeg?webp\" media=\"(max-width: 1019px)\" \/><img decoding=\"async\" src=\"https:\/\/fotos.perfil.com\/\/2025\/02\/16\/900\/0\/tuit-pro-libra-1968265.jpeg\" alt=\"Tuit PRO $LIBRA\" \/><\/picture>\n<p>El bloque de Uni\u00f3n por la Patria en la c\u00e1mara de Diputados del Congreso de la Naci\u00f3n anunci\u00f3 por su parte que<strong>\u00a0el lunes presentar\u00e1n &#8220;un pedido de Juicio Pol\u00edtico contra el Presidente de la Naci\u00f3n&#8221; ante lo ocurrido.<\/strong><\/p>\n<p><strong>&#8220;La participaci\u00f3n de Milei en un delito de estafa cripto es de enorme gravedad. Es un esc\u00e1ndalo sin precedentes&#8221;<\/strong>, consideraron desde el bloque opositor, al tiempo que anticiparon que van a &#8220;avanzar en la presentaci\u00f3n de un pedido de Juicio Pol\u00edtico contra el Presidente de la Naci\u00f3n&#8221;.<\/p>\n<p class=\"destacadoNota\"><a href=\"https:\/\/www.perfil.com\/noticias\/politica\/la-oposicion-comienza-a-unirse-para-pedir-una-comision-que-investigue-a-javier-milei-por-el-escandalo-de-la-criptomoneda.phtml\" target=\"_blank\" rel=\"noopener\">Congreso: la oposici\u00f3n impulsa una comisi\u00f3n para investigar a Milei y avanza con el pedido de juicio pol\u00edtico<\/a><\/p>\n<p>Asimismo, desde el Frente de Izquierda (FIT) anunciaron que impulsar\u00e1n un proyecto de resoluci\u00f3n para exigir en &#8220;forma inmediata&#8221; la presencia Milei en la C\u00e1mara Baja para brindar &#8220;informes verbales&#8221; acerca de la &#8220;escandalosa promoci\u00f3n de una estafa millonaria desde sus redes sociales el pasado viernes&#8221;, seg\u00fan describe el documento.<\/p>\n<p>Adem\u00e1s, reclaman a las autoridades que<em>\u00a0&#8220;dispongan de todos los medios y recursos a los efectos de garantizar que dicha interpelaci\u00f3n sea transmitida por cadena nacional para que toda la poblaci\u00f3n pueda conocer las explicaciones&#8221;.<\/em><\/p>\n<picture><source srcset=\"https:\/\/fotos.perfil.com\/\/2025\/02\/15\/440\/0\/20250215-union-por-la-patria-pedira-el-juicio-politico-de-milei-1967982.jpg?webp\" media=\"(max-width: 440px)\" \/><source srcset=\"https:\/\/fotos.perfil.com\/\/2025\/02\/15\/712\/0\/20250215-union-por-la-patria-pedira-el-juicio-politico-de-milei-1967982.jpg?webp\" media=\"(max-width: 1019px)\" \/><img decoding=\"async\" src=\"https:\/\/fotos.perfil.com\/\/2025\/02\/15\/900\/0\/20250215-union-por-la-patria-pedira-el-juicio-politico-de-milei-1967982.jpg?webp\" alt=\"20250215 Uni\u00f3n por la Patria pedir\u00e1 el juicio pol\u00edtico de Milei\" \/><\/picture>\n<p>En sus fundamentos, el pedido de interpelaci\u00f3n menciona que el Presidente &#8220;present\u00f3 el viernes 14 de febrero a la criptomoneda $LIBRA como una herramienta para financiar peque\u00f1os emprendimientos en Argentina&#8221; y &#8220;poco despu\u00e9s de su promoci\u00f3n, el valor de esta moneda digital experiment\u00f3 un repentino desplome&#8221;.<\/p>\n<p>&#8220;Este hecho desat\u00f3 sospechas de manipulaci\u00f3n del mercado y uso de informaci\u00f3n privilegiada, dado que el anuncio inicial permiti\u00f3 un significativo aumento en su valor antes de su ca\u00edda, generando ganancias que se estiman en varios millones de d\u00f3lares para los involucrados, con apoyo del presidente argentino&#8221;, argumenta el pedido del FIT.<\/p>\n<p>El s\u00e1bado, en un comunicado,\u00a0<strong>la Uni\u00f3n C\u00edvica Radical (UCR), le pidi\u00f3 una aclaraci\u00f3n inmediata al presidente<\/strong>\u00a0y asegur\u00f3 que &#8220;los administradores de $LIBRA ganaron fortunas estimadas en unos 87 millones de d\u00f3lares a expensas de los inversores. Los acontecimientos revisten una gravedad institucional indisimulable&#8221;.<\/p>\n<p>La UCR enfatiz\u00f3 que el presidente utiliz\u00f3 su cuenta de X para publicitar $LIBRA, y que tras esa acci\u00f3n el token alcanz\u00f3 r\u00e1pidamente altos valores y que con la misma velocidad se devalu\u00f3.<\/p>\n<p class=\"destacadoNota\"><a href=\"https:\/\/www.perfil.com\/noticias\/actualidad\/escandalo-libra-en-un-comunicado-el-gobierno-insiste-en-su-inocencia-y-crea-una-comision.phtml\" target=\"_blank\" rel=\"noopener\">Esc\u00e1ndalo $LIBRA: en un comunicado, el Gobierno se distanci\u00f3 de la estafa y &#8220;crea una comisi\u00f3n&#8221;<\/a><\/p>\n<p><em>&#8220;La investidura presidencial es un activo fundamental del pa\u00eds, de las instituciones y de cualquier plan econ\u00f3mico. La palabra presidencial no puede administrarse con semejante irresponsabilidad&#8221;<\/em>, expresaron.<\/p>\n<p><strong>&#8220;Las declaraciones de un Presidente en materia econ\u00f3mica- financiera, en lo que hace a inversiones, deben ser formuladas cuando resulten estrictamente necesarias, hagan a la cosa p\u00fablica, promuevan el inter\u00e9s general y beneficio colectivo&#8221;<\/strong>, agregaron.<\/p>\n<p>Finalmente, el bloque remarc\u00f3 que exigen una pronta investigaci\u00f3n para determinar las responsabilidades legales, civiles y penales que tiene Milei en torno a lo sucedido. &#8220;Desde el bloque de la Uni\u00f3n C\u00edvica Radical exigimos la inmediata determinaci\u00f3n de los hechos y la investigaci\u00f3n para identificar responsabilidades legales, civiles y penales. Urgen aclaraciones oficiales sino ser\u00e1 el parlamento quien deber\u00e1 proceder al respecto&#8221;.<\/p>\n<p>El PRO de Mauricio Macri asegur\u00f3 el domingo, por su parte, que\u00a0<strong>fue &#8220;grave&#8221; lo sucedido con el lanzamiento de la cripto $LIBRA<\/strong>, que involucr\u00f3 al presidente Javier Milei, y reclam\u00f3 una &#8220;investigaci\u00f3n profunda y transparente&#8221;.<\/p>\n<p>&#8220;Desde el PRO expresamos nuestra preocupaci\u00f3n por los hechos que sucedieron en las \u00faltimas horas y que afectaron a la confianza en nuestro pa\u00eds. Lo que pas\u00f3 es grave. No solo por el impacto econ\u00f3mico en quienes creyeron en esta inversi\u00f3n, sino tambi\u00e9n por la credibilidad del pa\u00eds y la responsabilidad del entorno que rodea a la figura presidencial&#8221;, subray\u00f3 el espacio.<\/p>\n<p>En un comunicado, se\u00f1al\u00f3 que &#8220;es fundamental que se investigue a fondo c\u00f3mo pudo suceder esto y que se esclarezcan todas las dudas&#8221;. &#8220;El Gobierno anunci\u00f3 una investigaci\u00f3n profunda, lo cual es un paso necesario, pero esperamos que este proceso sea riguroso y transparente, que responda todas las preguntas que hoy se hacen los argentinos y que se asuman las responsabilidades pol\u00edticas que correspondan&#8221;, resalt\u00f3 el PRO.<\/p>\n<p class=\"destacadoNota\"><a href=\"https:\/\/www.perfil.com\/noticias\/politica\/escandalo-libra-el-new-york-times-tambien-se-ocupo-de-la-estafa-cripto-que-involucro-a-milei.phtml\" target=\"_blank\" rel=\"noopener\">Esc\u00e1ndalo $LIBRA: el New York Times tambi\u00e9n se ocup\u00f3 de la estafa cripto que involucr\u00f3 a Milei<\/a><\/p>\n<p>Luego del esc\u00e1ndalo, las primeras denuncias penales y los reclamos de juicio pol\u00edtico,<strong>\u00a0el partido de lidera Mauricio Macri aclar\u00f3 que no acompa\u00f1ar\u00e1 esas iniciativas<\/strong>. &#8220;En esto queremos ser claros: denunciamos la utilizaci\u00f3n oportunista de esta situaci\u00f3n por parte del kirchnerismo, que no tiene ninguna credibilidad para dar lecciones de moral y transparencia&#8221;, enfatiz\u00f3 el espacio.<\/p>\n<p>Y agreg\u00f3: &#8220;<strong>No estamos a favor de un juicio pol\u00edtico en esta instancia<\/strong>. Argentina no necesita m\u00e1s grieta ni maniobras pol\u00edticas irresponsables, sino respuestas claras y justicia para quienes fueron afectados&#8221;.<\/p>\n<p>Desde la Coalici\u00f3n C\u00edvica, el diputado nacional Maximiliano Ferraro consider\u00f3 por su parte que el juicio pol\u00edtico que plantea parte de la oposici\u00f3n contra Milei &#8220;no es una salida&#8221; y sostuvo que desde su espacio, liderado por Elisa Carri\u00f3, quieren garantizar el cumplimiento de la Justicia.<\/p>\n<p>En declaraciones radiales, el legislador tambi\u00e9n se ofreci\u00f3 a &#8220;ponerse a disposici\u00f3n de la Justicia&#8221; para que se investigue la situaci\u00f3n del presidente. En la misma l\u00ednea, agreg\u00f3 que &#8220;es importante&#8221; que la Oficina Anticorrupic\u00f3n (OA), dependiente del Poder Ejecutivo, determine que hacer. Esto es importante que lo determine la Oficina Anticorrupci\u00f3n. Es fundamental&#8221;, asegur\u00f3. Por otro lado,\u00a0<strong>incluy\u00f3 al periodismo y expres\u00f3 que &#8220;tiene que ayudar en la b\u00fasqueda de informaci\u00f3n&#8221;.<\/strong><\/p>\n<p class=\"destacadoNota\"><a href=\"https:\/\/www.perfil.com\/noticias\/trends\/cristina-kirchner-contra-javier-milei-convertiste-a-la-argentina-en-un-casino-donde-el-crupier-es-el-mismisimo-presoidente.phtml\" target=\"_blank\" rel=\"noopener\">Cristina Kirchner contra Javier Milei: &#8220;Convertiste a la Argentina en un casino donde el crupier es el mism\u00edsimo Presidente&#8221;<\/a><\/p>\n<p>&nbsp;<\/p>\n<h2>El paso a paso de la investigaci\u00f3n de la Oficina Anticorrupci\u00f3n<\/h2>\n<p>La Oficina Anticorrupci\u00f3n explorar\u00e1 el perfil de cada uno de los involucrados que hayan participado directa o indirectamente de la operatoria y su relaci\u00f3n con el mandatario.<\/p>\n<p>De esta forma,\u00a0<strong>avanzar\u00e1 con el perfil del empresario Hayden Mark Davis, pero tambi\u00e9n del CEO de KIP Protocol, Juli\u00e1n Peh, y del trader Mauricio Novelli<\/strong>. Los tres son conocidos del libertario, incluso mantuvieron m\u00e1s de un encuentro en com\u00fan.<\/p>\n<p>Los pormenores conversados y los acuerdos establecidos ser\u00e1n materia de especial inter\u00e9s para el equipo de investigaci\u00f3n del organismo que depende del Ejecutivo.<\/p>\n<p>En este punto accionar\u00e1 tambi\u00e9n la\u00a0<strong>Unidad de Tareas de Investigaci\u00f3n (UTI)<\/strong>\u00a0compuesta por representantes de los \u00f3rganos y organismos con competencias vinculadas a los criptoactivos, actividades financieras, lavado de activos, y otras \u00e1reas relacionadas.<\/p>\n<p class=\"destacadoNota\"><a href=\"https:\/\/www.perfil.com\/noticias\/politica\/coinx-el-antecedente-de-javier-milei-recomendando-otra-supuesta-estafa-cripto.phtml\" target=\"_blank\" rel=\"noopener\">CoinX: el antecedente de Javier Milei recomendando otra supuesta estafa cripto<\/a><\/p>\n<p><strong>Tanto Davis como su firma &#8220;Kelsen Ventures&#8221; ser\u00e1n investigados<\/strong>, luego de que el 30 de enero visitara Casa Rosada y en las \u00faltimas horas se presentara como asesor del mandatario en materia de tecnolog\u00eda blockchain e inteligencia artificial.<\/p>\n<p>Tambi\u00e9n pedir\u00e1n todas las pruebas que involucren a Peh y KIP Protocol, quien se entrevist\u00f3 con Milei el 19 de octubre, a las 18.30 horas, en un sal\u00f3n del hotel Sheraton Libertador. Del encuentro participaron tambi\u00e9n el vocero presidencial, Manuel Adorni, y Novelli, asiduo frecuente de los registros de ingresos a la Quinta de Olivos.<\/p>\n<p>Desde la oficina evaluar\u00e1n adem\u00e1s si el mensaje publicitado por Milei en su red social X encaja con alguna de las figuras penales de las que se lo acusa.<\/p>\n<p>De detectar irregularidades o el uso de fondos p\u00fablicos, podr\u00edan elevar una denuncia penal a la Justicia. &#8220;Todo lo que se pueda investigar vamos a hacerlo&#8221;, sostuvo agencia un alto funcionario de Presidencia.<\/p>\n<p>&nbsp;<\/p>\n<\/div>\n<\/div>\n<\/div>\n<\/div>\n<\/article>\n<\/div>\n<p><!--more--><\/p>\n","protected":false},"excerpt":{"rendered":"<p>Un mensaje del presidente Javier Milei borrado cinco horas despu\u00e9s promocion\u00f3 una criptomoneda que fue r\u00e1pidamente se\u00f1alada por economistas como una posible estafa.<\/p>\n","protected":false},"author":3,"featured_media":28493,"comment_status":"open","ping_status":"open","sticky":false,"template":"","format":"standard","meta":{"footnotes":"","jetpack_publicize_message":"","jetpack_publicize_feature_enabled":true,"jetpack_social_post_already_shared":true,"jetpack_social_options":{"image_generator_settings":{"template":"highway","default_image_id":0,"font":"","enabled":false},"version":2}},"categories":[17],"tags":[3058,2278,508],"class_list":["post-28492","post","type-post","status-publish","format-standard","has-post-thumbnail","hentry","category-politica","tag-criptomonedas","tag-milei","tag-polemica"],"jetpack_publicize_connections":[],"jetpack_featured_media_url":"https:\/\/revistaepocadigital.com.ar\/wp-content\/uploads\/2025\/02\/milei-sobre-la-estafa-de-libra-1967800.jpg","jetpack_likes_enabled":true,"_links":{"self":[{"href":"https:\/\/revistaepocadigital.com.ar\/index.php?rest_route=\/wp\/v2\/posts\/28492","targetHints":{"allow":["GET"]}}],"collection":[{"href":"https:\/\/revistaepocadigital.com.ar\/index.php?rest_route=\/wp\/v2\/posts"}],"about":[{"href":"https:\/\/revistaepocadigital.com.ar\/index.php?rest_route=\/wp\/v2\/types\/post"}],"author":[{"embeddable":true,"href":"https:\/\/revistaepocadigital.com.ar\/index.php?rest_route=\/wp\/v2\/users\/3"}],"replies":[{"embeddable":true,"href":"https:\/\/revistaepocadigital.com.ar\/index.php?rest_route=%2Fwp%2Fv2%2Fcomments&post=28492"}],"version-history":[{"count":0,"href":"https:\/\/revistaepocadigital.com.ar\/index.php?rest_route=\/wp\/v2\/posts\/28492\/revisions"}],"wp:featuredmedia":[{"embeddable":true,"href":"https:\/\/revistaepocadigital.com.ar\/index.php?rest_route=\/wp\/v2\/media\/28493"}],"wp:attachment":[{"href":"https:\/\/revistaepocadigital.com.ar\/index.php?rest_route=%2Fwp%2Fv2%2Fmedia&parent=28492"}],"wp:term":[{"taxonomy":"category","embeddable":true,"href":"https:\/\/revistaepocadigital.com.ar\/index.php?rest_route=%2Fwp%2Fv2%2Fcategories&post=28492"},{"taxonomy":"post_tag","embeddable":true,"href":"https:\/\/revistaepocadigital.com.ar\/index.php?rest_route=%2Fwp%2Fv2%2Ftags&post=28492"}],"curies":[{"name":"wp","href":"https:\/\/api.w.org\/{rel}","templated":true}]}}